{"id":997,"date":"2013-09-11T11:44:30","date_gmt":"2013-09-11T11:44:30","guid":{"rendered":"http:\/\/www.cdlbc.com.br\/portal\/?p=997"},"modified":"2013-09-11T11:44:30","modified_gmt":"2013-09-11T11:44:30","slug":"varejo-tem-discurso-otimista-apos-reuniao-com-mantega","status":"publish","type":"post","link":"https:\/\/www.cdlbc.com.br\/portal\/noticias\/varejo-tem-discurso-otimista-apos-reuniao-com-mantega\/","title":{"rendered":"Varejo tem discurso otimista ap\u00f3s reuni\u00e3o com Mantega"},"content":{"rendered":"<p><img loading=\"lazy\" decoding=\"async\" class=\"alignleft\" alt=\"\" src=\"http:\/\/pgn9.com.br\/wp\/wp-content\/uploads\/2013\/06\/guido-mantega20130531-04-size-598.jpg\" width=\"358\" height=\"202\" \/>O presidente das Lojas Riachuelo e do Instituto para o Desenvolvimento do Varejo (IDV), Fl\u00e1vio Rocha, apresentou, com o ministro da Fazenda, Guido Mantega, o \u00edndice IDV, que antecipa em 90 dias as tend\u00eancias para o varejo brasileiro. De acordo com o \u00edndice, as vendas em outubro dever\u00e3o crescer 8,7% em rela\u00e7\u00e3o a outubro de 2012, o que representaria o melhor resultado nos \u00faltimos tr\u00eas anos. O indicador \u00e9 calculado com base em pesquisa junto a 600 cadeias compradoras associadas ao IDV.<\/p>\n<p>&#8220;No auge da crise de confian\u00e7a, provocada pelas manifesta\u00e7\u00f5es populares, em junho, o IDV divulgou as perspectivas para julho, agosto e setembro, que se confirmaram. Para outubro, vamos chegar a um crescimento do varejo de 8,7%&#8221;, comentou.<\/p>\n<p>Para ele, nos \u00faltimos anos ocorreu uma transforma\u00e7\u00e3o, para melhor, de toda a demografia brasileira. A base da pir\u00e2mide, formada pela popula\u00e7\u00e3o de baixa renda, ganhou espa\u00e7o e migrou para a classe m\u00e9dia. Ainda segundo ele, o consumo tem sido o grande propulsor do desenvolvimento econ\u00f4mico.<\/p>\n<p>Endossando o discurso, o presidente da Associa\u00e7\u00e3o Brasileira de Supermercados (Abras), Fernando Yamada, disse que o varejo alimentar fechou agosto com crescimento de 3% em termos reais, ante o mesmo per\u00edodo do ano passado. &#8220;E a nossa proposta para 2013 \u00e9 chegar a uma expans\u00e3o de 3,5% a 4% de crescimento real em rela\u00e7\u00e3o a 2012&#8221;, acrescentou.<\/p>\n<p>Segundo ele, o bom desempenho do setor ocorreu em fun\u00e7\u00e3o do baixo desemprego no Pa\u00eds e da maior concess\u00e3o de cr\u00e9dito. &#8220;Nos acreditamos que, se elevarmos mais a autoestima de nossos clientes e de outros segmentos, vamos fechar o ano muito bem&#8221;, declarou.<\/p>\n<p>Tanto Yamada quanto a presidente do Magazine Luiza, Luiza Trajano, tamb\u00e9m presente ao encontro com Mantega, est\u00e3o prevendo aumento de contrata\u00e7\u00f5es tempor\u00e1rias para o fim do ano a partir deste m\u00eas. Segundo eles, os setores de vendas de brinquedos come\u00e7am as contrata\u00e7\u00f5es no pr\u00f3ximo dia 20. Os demais segmentos iniciar\u00e3o as contrata\u00e7\u00f5es adicionais em outubro e novembro.<\/p>\n","protected":false},"excerpt":{"rendered":"<p>O presidente das Lojas Riachuelo e do Instituto para o Desenvolvimento do Varejo (IDV), Fl\u00e1vio Rocha, apresentou, com o ministro da Fazenda, Guido Mantega, o \u00edndice IDV, que antecipa em 90 dias as tend\u00eancias para o varejo brasileiro. De acordo com o \u00edndice, as vendas em outubro dever\u00e3o crescer 8,7% em rela\u00e7\u00e3o a outubro de [&hellip;]<\/p>\n","protected":false},"author":1,"featured_media":998,"comment_status":"closed","ping_status":"open","sticky":false,"template":"","format":"standard","meta":{"footnotes":""},"categories":[6,5],"tags":[],"class_list":["post-997","post","type-post","status-publish","format-standard","has-post-thumbnail","hentry","category-destaque","category-noticias"],"_links":{"self":[{"href":"https:\/\/www.cdlbc.com.br\/portal\/wp-json\/wp\/v2\/posts\/997","targetHints":{"allow":["GET"]}}],"collection":[{"href":"https:\/\/www.cdlbc.com.br\/portal\/wp-json\/wp\/v2\/posts"}],"about":[{"href":"https:\/\/www.cdlbc.com.br\/portal\/wp-json\/wp\/v2\/types\/post"}],"author":[{"embeddable":true,"href":"https:\/\/www.cdlbc.com.br\/portal\/wp-json\/wp\/v2\/users\/1"}],"replies":[{"embeddable":true,"href":"https:\/\/www.cdlbc.com.br\/portal\/wp-json\/wp\/v2\/comments?post=997"}],"version-history":[{"count":2,"href":"https:\/\/www.cdlbc.com.br\/portal\/wp-json\/wp\/v2\/posts\/997\/revisions"}],"predecessor-version":[{"id":1000,"href":"https:\/\/www.cdlbc.com.br\/portal\/wp-json\/wp\/v2\/posts\/997\/revisions\/1000"}],"wp:featuredmedia":[{"embeddable":true,"href":"https:\/\/www.cdlbc.com.br\/portal\/wp-json\/wp\/v2\/media\/998"}],"wp:attachment":[{"href":"https:\/\/www.cdlbc.com.br\/portal\/wp-json\/wp\/v2\/media?parent=997"}],"wp:term":[{"taxonomy":"category","embeddable":true,"href":"https:\/\/www.cdlbc.com.br\/portal\/wp-json\/wp\/v2\/categories?post=997"},{"taxonomy":"post_tag","embeddable":true,"href":"https:\/\/www.cdlbc.com.br\/portal\/wp-json\/wp\/v2\/tags?post=997"}],"curies":[{"name":"wp","href":"https:\/\/api.w.org\/{rel}","templated":true}]}}