{"id":980,"date":"2013-09-06T19:41:57","date_gmt":"2013-09-06T19:41:57","guid":{"rendered":"http:\/\/www.cdlbc.com.br\/portal\/?p=980"},"modified":"2013-09-06T19:42:19","modified_gmt":"2013-09-06T19:42:19","slug":"diretoria-da-cdl-conhece-projeto-da-decoracao-de-natal","status":"publish","type":"post","link":"https:\/\/www.cdlbc.com.br\/portal\/noticias\/diretoria-da-cdl-conhece-projeto-da-decoracao-de-natal\/","title":{"rendered":"Diretoria da CDL conhece projeto da decora\u00e7\u00e3o de Natal"},"content":{"rendered":"<p><a href=\"http:\/\/www.cdlbc.com.br\/portal\/wp-content\/uploads\/2013\/09\/apresenta\u00e7\u00e3o-do-natal.jpg\"><img loading=\"lazy\" decoding=\"async\" class=\"size-medium wp-image-981 alignleft\" alt=\"apresenta\u00e7\u00e3o do natal\" src=\"http:\/\/www.cdlbc.com.br\/portal\/wp-content\/uploads\/2013\/09\/apresenta\u00e7\u00e3o-do-natal-300x200.jpg\" width=\"300\" height=\"200\" srcset=\"https:\/\/www.cdlbc.com.br\/portal\/wp-content\/uploads\/2013\/09\/apresenta\u00e7\u00e3o-do-natal-300x200.jpg 300w, https:\/\/www.cdlbc.com.br\/portal\/wp-content\/uploads\/2013\/09\/apresenta\u00e7\u00e3o-do-natal-1024x682.jpg 1024w, https:\/\/www.cdlbc.com.br\/portal\/wp-content\/uploads\/2013\/09\/apresenta\u00e7\u00e3o-do-natal-250x166.jpg 250w\" sizes=\"auto, (max-width: 300px) 100vw, 300px\" \/><\/a>A diretoria da C\u00e2mara de Dirigentes Lojistas (CDL) de Balne\u00e1rio Cambori\u00fa conheceu na noite de quarta-feira o novo projeto da decora\u00e7\u00e3o natalina \u201cBrilhos de Natal\u201d. A proposta prev\u00ea uma s\u00e9rie de novidades, como a montagem de um iglu na Pra\u00e7a Almirante Tamandar\u00e9 com 16 metros de largura por oito de altura e a transfer\u00eancia do Papai Noel gigante para a Barra Sul.<\/p>\n<p>No local, o Papai Noel vai ficar sentado, vestindo uma roupa diferenciada, como sendo parte integrante de uma f\u00e1brica de brinquedos.\u00a0 Outras novidades tamb\u00e9m poder\u00e3o ser vistas nas ruas centrais da cidade e no cal\u00e7ad\u00e3o e na Pra\u00e7a Higino Pio. Como o projeto est\u00e1 na fase de capta\u00e7\u00e3o de recursos, podem haver altera\u00e7\u00f5es no projeto inicial. A programa\u00e7\u00e3o do Brilhos de Natal abre dia 06 de novembro e segue at\u00e9 15 de janeiro.<\/p>\n","protected":false},"excerpt":{"rendered":"<p>A diretoria da C\u00e2mara de Dirigentes Lojistas (CDL) de Balne\u00e1rio Cambori\u00fa conheceu na noite de quarta-feira o novo projeto da decora\u00e7\u00e3o natalina \u201cBrilhos de Natal\u201d. A proposta prev\u00ea uma s\u00e9rie de novidades, como a montagem de um iglu na Pra\u00e7a Almirante Tamandar\u00e9 com 16 metros de largura por oito de altura e a transfer\u00eancia do [&hellip;]<\/p>\n","protected":false},"author":1,"featured_media":981,"comment_status":"closed","ping_status":"open","sticky":false,"template":"","format":"standard","meta":{"footnotes":""},"categories":[6,5],"tags":[],"class_list":["post-980","post","type-post","status-publish","format-standard","has-post-thumbnail","hentry","category-destaque","category-noticias"],"_links":{"self":[{"href":"https:\/\/www.cdlbc.com.br\/portal\/wp-json\/wp\/v2\/posts\/980","targetHints":{"allow":["GET"]}}],"collection":[{"href":"https:\/\/www.cdlbc.com.br\/portal\/wp-json\/wp\/v2\/posts"}],"about":[{"href":"https:\/\/www.cdlbc.com.br\/portal\/wp-json\/wp\/v2\/types\/post"}],"author":[{"embeddable":true,"href":"https:\/\/www.cdlbc.com.br\/portal\/wp-json\/wp\/v2\/users\/1"}],"replies":[{"embeddable":true,"href":"https:\/\/www.cdlbc.com.br\/portal\/wp-json\/wp\/v2\/comments?post=980"}],"version-history":[{"count":3,"href":"https:\/\/www.cdlbc.com.br\/portal\/wp-json\/wp\/v2\/posts\/980\/revisions"}],"predecessor-version":[{"id":984,"href":"https:\/\/www.cdlbc.com.br\/portal\/wp-json\/wp\/v2\/posts\/980\/revisions\/984"}],"wp:featuredmedia":[{"embeddable":true,"href":"https:\/\/www.cdlbc.com.br\/portal\/wp-json\/wp\/v2\/media\/981"}],"wp:attachment":[{"href":"https:\/\/www.cdlbc.com.br\/portal\/wp-json\/wp\/v2\/media?parent=980"}],"wp:term":[{"taxonomy":"category","embeddable":true,"href":"https:\/\/www.cdlbc.com.br\/portal\/wp-json\/wp\/v2\/categories?post=980"},{"taxonomy":"post_tag","embeddable":true,"href":"https:\/\/www.cdlbc.com.br\/portal\/wp-json\/wp\/v2\/tags?post=980"}],"curies":[{"name":"wp","href":"https:\/\/api.w.org\/{rel}","templated":true}]}}