{"id":8380,"date":"2016-12-30T15:30:31","date_gmt":"2016-12-30T17:30:31","guid":{"rendered":"http:\/\/www.cdlbc.com.br\/portal\/?p=8380"},"modified":"2016-12-30T15:45:07","modified_gmt":"2016-12-30T17:45:07","slug":"governo-federal-edita-mp-que-autoriza-cobranca-diferenciada-de-precos","status":"publish","type":"post","link":"https:\/\/www.cdlbc.com.br\/portal\/noticias\/governo-federal-edita-mp-que-autoriza-cobranca-diferenciada-de-precos\/","title":{"rendered":"Governo Federal edita MP que autoriza cobran\u00e7a diferenciada de pre\u00e7os"},"content":{"rendered":"<p>Medida prev\u00ea diferencia\u00e7\u00e3o de pre\u00e7os em fun\u00e7\u00e3o do meio de pagamento utilizado<\/p>\n<p>A Federa\u00e7\u00e3o do Com\u00e9rcio de Bens, Servi\u00e7os e Turismo de Santa Catarina avalia positivamente a edi\u00e7\u00e3o da Medida Provis\u00f3ria 764\/2016, publicada nesta ter\u00e7a-feira (27). A MP autoriza a cobran\u00e7a diferenciada de pre\u00e7os de bens e servi\u00e7os oferecidos ao p\u00fablico, em raz\u00e3o do prazo ou do instrumento de pagamento utilizado. O texto legal prev\u00ea a ilegalidade de cl\u00e1usulas contratuais que pro\u00edbam ou limitavam a diferencia\u00e7\u00e3o de pre\u00e7o.<\/p>\n<p>Tal medida atende uma bandeira hist\u00f3rica do setor, ao permitir maior competi\u00e7\u00e3o com a regulariza\u00e7\u00e3o desse instrumento at\u00e9 ent\u00e3o proibido no com\u00e9rcio. Antes da MP, a cobran\u00e7a diferenciada era considerada pr\u00e1tica contr\u00e1ria \u00e0 Portaria 118\/94, do Minist\u00e9rio da Fazenda, e tamb\u00e9m ao C\u00f3digo de Defesa do Consumidor. Segundo a Portaria, era proibida a diferencia\u00e7\u00e3o de pre\u00e7os entre transa\u00e7\u00f5es efetuadas com o uso do cart\u00e3o de cr\u00e9dito e as que em cheque ou dinheiro. Na mesma linha, o CDC condenava a distin\u00e7\u00e3o de pre\u00e7os atrav\u00e9s da forma de pagamento, reiterando que mesmo as promo\u00e7\u00f5es n\u00e3o podem discriminar o usu\u00e1rio de cart\u00e3o de cr\u00e9dito.<\/p>\n<p>Apesar de considerar a MP 764\/2016 importante e de grande relev\u00e2ncia para o setor e \u00e0 economia, ao estimular a liberdade de concorr\u00eancia entre as empresas e possibilitar melhores pre\u00e7os aos consumidores, a Fecom\u00e9rcio SC encara com cautela a edi\u00e7\u00e3o da norma por Medida Provis\u00f3ria. A entidade alerta para a necessidade de aprecia\u00e7\u00e3o em tempo regimental pelos parlamentares na volta do recesso, evitando a perda de validade do instrumento e os poss\u00edveis preju\u00edzos e inseguran\u00e7a jur\u00eddica aos empres\u00e1rios do setor.<\/p>\n<p>Publicada no Di\u00e1rio Oficial da Uni\u00e3o nesta ter\u00e7a-feira (27), a MP receber\u00e1 emendas at\u00e9 o dia 7 de fevereiro, e ter\u00e1 at\u00e9 o dia 2 de abril para o encerramento da sua tramita\u00e7\u00e3o pelas casas do Congresso nacional.<\/p>\n<p>Fonte:Fecom\u00e9rcio.<\/p>\n","protected":false},"excerpt":{"rendered":"<p>Medida prev\u00ea diferencia\u00e7\u00e3o de pre\u00e7os em fun\u00e7\u00e3o do meio de pagamento utilizado A Federa\u00e7\u00e3o do Com\u00e9rcio de Bens, Servi\u00e7os e Turismo de Santa Catarina avalia positivamente a edi\u00e7\u00e3o da Medida Provis\u00f3ria 764\/2016, publicada nesta ter\u00e7a-feira (27). A MP autoriza a cobran\u00e7a diferenciada de pre\u00e7os de bens e servi\u00e7os oferecidos ao p\u00fablico, em raz\u00e3o do prazo [&hellip;]<\/p>\n","protected":false},"author":1,"featured_media":8381,"comment_status":"closed","ping_status":"open","sticky":false,"template":"","format":"standard","meta":{"footnotes":""},"categories":[6,5],"tags":[],"class_list":["post-8380","post","type-post","status-publish","format-standard","has-post-thumbnail","hentry","category-destaque","category-noticias"],"_links":{"self":[{"href":"https:\/\/www.cdlbc.com.br\/portal\/wp-json\/wp\/v2\/posts\/8380","targetHints":{"allow":["GET"]}}],"collection":[{"href":"https:\/\/www.cdlbc.com.br\/portal\/wp-json\/wp\/v2\/posts"}],"about":[{"href":"https:\/\/www.cdlbc.com.br\/portal\/wp-json\/wp\/v2\/types\/post"}],"author":[{"embeddable":true,"href":"https:\/\/www.cdlbc.com.br\/portal\/wp-json\/wp\/v2\/users\/1"}],"replies":[{"embeddable":true,"href":"https:\/\/www.cdlbc.com.br\/portal\/wp-json\/wp\/v2\/comments?post=8380"}],"version-history":[{"count":1,"href":"https:\/\/www.cdlbc.com.br\/portal\/wp-json\/wp\/v2\/posts\/8380\/revisions"}],"predecessor-version":[{"id":8382,"href":"https:\/\/www.cdlbc.com.br\/portal\/wp-json\/wp\/v2\/posts\/8380\/revisions\/8382"}],"wp:featuredmedia":[{"embeddable":true,"href":"https:\/\/www.cdlbc.com.br\/portal\/wp-json\/wp\/v2\/media\/8381"}],"wp:attachment":[{"href":"https:\/\/www.cdlbc.com.br\/portal\/wp-json\/wp\/v2\/media?parent=8380"}],"wp:term":[{"taxonomy":"category","embeddable":true,"href":"https:\/\/www.cdlbc.com.br\/portal\/wp-json\/wp\/v2\/categories?post=8380"},{"taxonomy":"post_tag","embeddable":true,"href":"https:\/\/www.cdlbc.com.br\/portal\/wp-json\/wp\/v2\/tags?post=8380"}],"curies":[{"name":"wp","href":"https:\/\/api.w.org\/{rel}","templated":true}]}}