{"id":8289,"date":"2016-12-15T10:35:35","date_gmt":"2016-12-15T12:35:35","guid":{"rendered":"http:\/\/www.cdlbc.com.br\/portal\/?p=8289"},"modified":"2016-12-15T10:35:35","modified_gmt":"2016-12-15T12:35:35","slug":"natal-ajudara-comercio-catarinense-a-retomar-o-folego","status":"publish","type":"post","link":"https:\/\/www.cdlbc.com.br\/portal\/noticias\/natal-ajudara-comercio-catarinense-a-retomar-o-folego\/","title":{"rendered":"Natal ajudar\u00e1 com\u00e9rcio catarinense a retomar o f\u00f4lego"},"content":{"rendered":"<p><img loading=\"lazy\" decoding=\"async\" class=\"alignnone size-medium wp-image-8291\" src=\"http:\/\/www.cdlbc.com.br\/portal\/wp-content\/uploads\/2016\/12\/natal-1-300x224.jpg\" alt=\"natal-1\" width=\"300\" height=\"224\" srcset=\"https:\/\/www.cdlbc.com.br\/portal\/wp-content\/uploads\/2016\/12\/natal-1-300x224.jpg 300w, https:\/\/www.cdlbc.com.br\/portal\/wp-content\/uploads\/2016\/12\/natal-1-600x448.jpg 600w, https:\/\/www.cdlbc.com.br\/portal\/wp-content\/uploads\/2016\/12\/natal-1-250x187.jpg 250w, https:\/\/www.cdlbc.com.br\/portal\/wp-content\/uploads\/2016\/12\/natal-1.jpg 736w\" sizes=\"auto, (max-width: 300px) 100vw, 300px\" \/>\u00a0 \u00a0 \u00a0 \u00a0 \u00a0 \u00a0 \u00a0 \u00a0 \u00a0 \u00a0 \u00a0 \u00a0 \u00a0 \u00a0 \u00a0 \u00a0 \u00a0 \u00a0 \u00a0 \u00a0 \u00a0 \u00a0 \u00a0 \u00a0 \u00a0 \u00a0 \u00a0 \u00a0 \u00a0 \u00a0 \u00a0 \u00a0 \u00a0 \u00a0 \u00a0 \u00a0 \u00a0 \u00a0 \u00a0 \u00a0 \u00a0 \u00a0 \u00a0 \u00a0 \u00a0 \u00a0 \u00a0 \u00a0 \u00a0 \u00a0 \u00a0 \u00a0 \u00a0 \u00a0 \u00a0 \u00a0 \u00a0 \u00a0 \u00a0 \u00a0 \u00a0 \u00a0 \u00a0 Quase 80% dos consumidores pretende pesquisar para garantir melhor custo\/benef\u00edcio no presente<\/p>\n<p>Data mais esperada do ano pelo varejo, o Natal ser\u00e1 mais uma oportunidade para o varejo catarinense retomar o f\u00f4lego depois de meses de resultados negativos. De acordo com a pesquisa de inten\u00e7\u00e3o de compras realizada pela Fecom\u00e9rcio\/SC e Federa\u00e7\u00e3o das CDLs de Santa Catarina (FCDL\/SC), o catarinense gastar\u00e1, em m\u00e9dia, R$ 446,43, o que representa 6,5% a mais do que no ano passado (R$ 419,18). Embora a expectativa de gastos seja maior, o ganho real para o empres\u00e1rio ser\u00e1 t\u00edmido se descontada a infla\u00e7\u00e3o de 7,87%.<\/p>\n<p>Leia a pesquisa na \u00edntegra<\/p>\n<p>Redu\u00e7\u00e3o da massa salarial, retra\u00e7\u00e3o de cr\u00e9dito e desemprego crescente s\u00e3o fatores para que o consumidor adote uma postura mais contida na hora das compras. \u201cO Natal deste ano ser\u00e1 um reflexo do \u00e2nimo da economia brasileira: mant\u00e9m-se a tradi\u00e7\u00e3o de presentear, mas com itens mais econ\u00f4micos. Teremos uma inje\u00e7\u00e3o nos pr\u00f3ximos dias, j\u00e1 que as fam\u00edlias ter\u00e3o mais tempo para comprar com os hor\u00e1rios estendidos, os lojistas renovaram seus estoques e o 13\u00ba ser\u00e1 uma renda extra para impulsionar as vendas\u201d, garante Bruno Breithaupt, presidente da Fecom\u00e9rcio\/SC.<\/p>\n<p>O cen\u00e1rio econ\u00f4mico tamb\u00e9m influencia o comportamento do consumidor, como lembra Ivan Tauffer, presidente da FCDL\/SC. \u201cA troca na presid\u00eancia da Rep\u00fablica tem alimentado a esperan\u00e7a do catarinense por dias melhores. Aliado a isso temos o fato de que o panorama estadual \u00e9 mais s\u00f3lido do que em outras administra\u00e7\u00f5es pa\u00eds afora, dando especialmente ao servidor p\u00fablico mais garantias de ter o sal\u00e1rio em dia. Essas circunst\u00e2ncias provocam no consumidor a volta gradativa da seguran\u00e7a para fazer estas compras\u201d, observa o l\u00edder lojista.<\/p>\n<p>De acordo com a pesquisa, a percep\u00e7\u00e3o sobre a pr\u00f3pria condi\u00e7\u00e3o financeira em rela\u00e7\u00e3o ao ano anterior est\u00e1 bastante equilibrada: 33,7% apontaram que a situa\u00e7\u00e3o permaneceu igual, 33,2% declararam estar pior e 32,9% afirmaram que est\u00e3o em condi\u00e7\u00e3o melhor.<\/p>\n<p>Comportamento de consumo<\/p>\n<p>As roupas despontam novamente na 1\u00aa posi\u00e7\u00e3o do ranking de produtos preferidos (44,9%), seguidas por brinquedos (28,3%) e cal\u00e7ados (5,4%). Em rela\u00e7\u00e3o ao local de compra, destacam-se o com\u00e9rcio de rua (77,5%) e os shoppings centers (13,6%). Em m\u00e9dia ser\u00e3o comprados 4,47 presentes por consumidor. A compra de v\u00e1rios itens \u00e9 uma das principais caracter\u00edsticas do Natal e \u00e9 um dos motivos para elevar o gasto m\u00e9dio no comparativo com outras datas comemorativas. Os mais presenteados ser\u00e3o os filhos (45,7%), pais (16,2%) e c\u00f4njuges (11,1%).<\/p>\n<p>Para garantir o melhor custo\/benef\u00edcio 79,7% deve realizar pesquisa de pre\u00e7o. Este quesito \u00e9 determinante na hora da compra (48%), \u00e0 frente do selo de qualidade (31%) e o atendimento (16%). A maioria (70,3%) pretende pagar \u00e0 vista para fugir do endividamento e dos juros dos cart\u00f5es. O parcelamento no cr\u00e9dito (15%) e o pagamento no d\u00e9bito (5,5%) tamb\u00e9m foram mencionados.<\/p>\n<p>Al\u00e9m do com\u00e9rcio, o setor de servi\u00e7os \u00e9 outro beneficiado nos dias pr\u00f3ximos ao Natal. Pelo menos 34,7% dos entrevistados deve viajar no feriado, a maioria dentro do pr\u00f3prio estado (35,5%), o que ajuda a dinamizar a economia local. Os outros destinos s\u00e3o os estados vizinhos: Paran\u00e1 (7,5%) e Rio Grande do Sul (5,1%).<\/p>\n<p>A pesquisa foi realizada em novembro nas cidades de Chapec\u00f3, Lages, Florian\u00f3polis, Crici\u00fama, Joinville, Itaja\u00ed e Blumenau para conhecer o perfil do consumidor, revelar as principais tend\u00eancias de compras e orientar os empres\u00e1rios nas estrat\u00e9gias de fim do ano.<\/p>\n<p>Fonte:Fecom\u00e9rcio<\/p>\n","protected":false},"excerpt":{"rendered":"<p>\u00a0 \u00a0 \u00a0 \u00a0 \u00a0 \u00a0 \u00a0 \u00a0 \u00a0 \u00a0 \u00a0 \u00a0 \u00a0 \u00a0 \u00a0 \u00a0 \u00a0 \u00a0 \u00a0 \u00a0 \u00a0 \u00a0 \u00a0 \u00a0 \u00a0 \u00a0 \u00a0 \u00a0 \u00a0 \u00a0 \u00a0 \u00a0 \u00a0 \u00a0 \u00a0 \u00a0 \u00a0 \u00a0 \u00a0 \u00a0 \u00a0 \u00a0 \u00a0 \u00a0 \u00a0 \u00a0 \u00a0 \u00a0 \u00a0 \u00a0 \u00a0 \u00a0 \u00a0 \u00a0 \u00a0 [&hellip;]<\/p>\n","protected":false},"author":1,"featured_media":8290,"comment_status":"closed","ping_status":"open","sticky":false,"template":"","format":"standard","meta":{"footnotes":""},"categories":[6,5],"tags":[],"class_list":["post-8289","post","type-post","status-publish","format-standard","has-post-thumbnail","hentry","category-destaque","category-noticias"],"_links":{"self":[{"href":"https:\/\/www.cdlbc.com.br\/portal\/wp-json\/wp\/v2\/posts\/8289","targetHints":{"allow":["GET"]}}],"collection":[{"href":"https:\/\/www.cdlbc.com.br\/portal\/wp-json\/wp\/v2\/posts"}],"about":[{"href":"https:\/\/www.cdlbc.com.br\/portal\/wp-json\/wp\/v2\/types\/post"}],"author":[{"embeddable":true,"href":"https:\/\/www.cdlbc.com.br\/portal\/wp-json\/wp\/v2\/users\/1"}],"replies":[{"embeddable":true,"href":"https:\/\/www.cdlbc.com.br\/portal\/wp-json\/wp\/v2\/comments?post=8289"}],"version-history":[{"count":1,"href":"https:\/\/www.cdlbc.com.br\/portal\/wp-json\/wp\/v2\/posts\/8289\/revisions"}],"predecessor-version":[{"id":8292,"href":"https:\/\/www.cdlbc.com.br\/portal\/wp-json\/wp\/v2\/posts\/8289\/revisions\/8292"}],"wp:featuredmedia":[{"embeddable":true,"href":"https:\/\/www.cdlbc.com.br\/portal\/wp-json\/wp\/v2\/media\/8290"}],"wp:attachment":[{"href":"https:\/\/www.cdlbc.com.br\/portal\/wp-json\/wp\/v2\/media?parent=8289"}],"wp:term":[{"taxonomy":"category","embeddable":true,"href":"https:\/\/www.cdlbc.com.br\/portal\/wp-json\/wp\/v2\/categories?post=8289"},{"taxonomy":"post_tag","embeddable":true,"href":"https:\/\/www.cdlbc.com.br\/portal\/wp-json\/wp\/v2\/tags?post=8289"}],"curies":[{"name":"wp","href":"https:\/\/api.w.org\/{rel}","templated":true}]}}