{"id":8134,"date":"2016-11-01T23:14:39","date_gmt":"2016-11-02T01:14:39","guid":{"rendered":"http:\/\/www.cdlbc.com.br\/portal\/?p=8134"},"modified":"2016-11-02T11:13:14","modified_gmt":"2016-11-02T13:13:14","slug":"saldo-positivo-na-geracao-de-empregos-em-santa-catarina-e-puxado-por-servico-e-comercio","status":"publish","type":"post","link":"https:\/\/www.cdlbc.com.br\/portal\/noticias\/saldo-positivo-na-geracao-de-empregos-em-santa-catarina-e-puxado-por-servico-e-comercio\/","title":{"rendered":"Saldo positivo na gera\u00e7\u00e3o de empregos em Santa Catarina \u00e9 puxado por servi\u00e7o e com\u00e9rcio"},"content":{"rendered":"<div id=\"TextSizerTarget\">\n<p>Santa Catarina \u00e9 o terceiro estado que mais criou emprego no Brasil em setembro, atr\u00e1s somente de Pernambuco (15.721) e Alagoas (13.395). De acordo com dados do Cadastro Geral de Empregados e Desempregados (Caged), divulgados pelo Minist\u00e9rio do Trabalho, foram abertos 3.550 postos de trabalho formais, varia\u00e7\u00e3o de 17,8% em rela\u00e7\u00e3o a agosto, que havia registrado cerca de 3 mil novas vagas.<\/p>\n<p>Em rela\u00e7\u00e3o a setembro de 2015, o resultado l\u00edquido ganha ainda mais relev\u00e2ncia, j\u00e1 que naquele per\u00edodo o estado havia perdido 4.425 postos. Novamente, os n\u00fameros positivos foram puxados pelos setores do servi\u00e7o, com 1.469 vagas, e com\u00e9rcio, com 1.461. Completam o quadro a ind\u00fastria, que contratou 957 funcion\u00e1rios a mais do que demitiu, e a agropecu\u00e1ria, com resultado positivo de 156. O \u00fanico setor que demitiu mais que contratou foi constru\u00e7\u00e3o civil, com um saldo l\u00edquido de -493 empregos.<\/p>\n<p>No acumulado do ano, Santa Catarina continua no negativo, com 6.931 postos de postos de trabalho a menos. Por\u00e9m, este n\u00famero \u00e9 menor na compara\u00e7\u00e3o com o mesmo per\u00edodo do ano passado, quando o estado havia fechado 14.275 postos de trabalho.<\/p>\n<p>\u201cOs dados apontam uma melhora nas condi\u00e7\u00f5es de empregabilidade da economia catarinense, reflexo principalmente da percep\u00e7\u00e3o de que a economia brasileira tende a melhorar nos pr\u00f3ximos meses com a dissipa\u00e7\u00e3o de boa parte das incertezas pol\u00edticas. Isso tamb\u00e9m se reflete nos \u00edndices de confian\u00e7a em eleva\u00e7\u00e3o, tanto do empres\u00e1rio do com\u00e9rcio, quanto do consumidor\u201d, afirma o economista da Fecom\u00e9rcio SC, Luciano C\u00f3rdova.<\/p>\n<p>A temporada de ver\u00e3o deve dinamizar o mercado de trabalho. A expectativa da entidade \u00e9 de abertura de 4500 vagas de empregos tempor\u00e1rios entre dezembro e mar\u00e7o, pr\u00f3ximo ao verificado no ano passado. Estima-se que cerca de 15% ser\u00e3o efetivados, abaixo da m\u00e9dia de 20,0%.<\/p>\n<p>Para o presidente da Fecom\u00e9rcio SC, Bruno Breithaupt, a recupera\u00e7\u00e3o efetiva do setor depende das decis\u00f5es em Bras\u00edlia: \u201c\u00c9 fundamental criar as bases efetivas para essa recupera\u00e7\u00e3o econ\u00f4mica, o que passa invariavelmente pela aprova\u00e7\u00e3o de medidas que corrijam o desequil\u00edbrio fiscal, com a PEC 241 e a Reforma da Previd\u00eancia, al\u00e9m de modernizar a legisla\u00e7\u00e3o trabalhista e a carga de impostos paga no Brasil\u201d, afirma.<\/p>\n<p><strong>Vale do Itaja\u00ed na ponta<\/strong><\/p>\n<p>O destaque em setembro fica por conta de Itaja\u00ed, com a maior cria\u00e7\u00e3o l\u00edquida de emprego (242, sendo a maior parte deles no com\u00e9rcio, com 92), seguido por Brusque, com 225, e S\u00e3o Jos\u00e9, com 179. No acumulado do ano, Gaspar assume a ponta com 1.112 postos de trabalho criados, seguido por Blumenau com 1.041; Brusque, 1.036 e Timb\u00f3 com 1.010.<\/p>\n<p>Os dados reafirmam o crescimento do Vale do Itaja\u00ed na cria\u00e7\u00e3o de emprego. Fruto da diversifica\u00e7\u00e3o econ\u00f4mica da regi\u00e3o, munic\u00edpios como Brusque destacam-se com vagas na ind\u00fastria, Itaja\u00ed no com\u00e9rcio e Blumenau nos servi\u00e7os.<\/p>\n<p><strong>Cen\u00e1rio nacional<\/strong><\/p>\n<p>O taxa de desemprego no Brasil continua em alta, mas em um ritmo menor. A renda tamb\u00e9m vem caindo menos e registrou leve alta na compara\u00e7\u00e3o com o segundo trimestre do ano.<\/p>\n<p>No Brasil foram fechadas 39.282 postos de trabalho formais em setembro, resultado inferior aos 95.602 de 2015, mas superior aos 33.953 encerrados em agosto. No acumulado dos nove primeiro meses do ano, o pa\u00eds j\u00e1 perdeu 717.502 vagas de emprego, enquanto que no mesmo per\u00edodo do ano passado o resultado l\u00edquido estava em -729.583.<\/p>\n<p>A taxa de desocupa\u00e7\u00e3o foi estimada em 11,8% no trimestre m\u00f3vel encerrado em setembro de 2016, segundo dados do IBGE, crescimento de 0,5 ponto percentual (p.p.) em rela\u00e7\u00e3o ao per\u00edodo entre abril e junho deste ano (11,3%). Na compara\u00e7\u00e3o com o mesmo trimestre m\u00f3vel do ano anterior, julho a setembro de 2015, quando a taxa foi estimada em 8,9%, o quadro tamb\u00e9m foi de eleva\u00e7\u00e3o (2,9 p.p.).<\/p>\n<p>A popula\u00e7\u00e3o desocupada de 12 milh\u00f5es de pessoas cresceu 3,8% (mais 437 mil pessoas) em rela\u00e7\u00e3o ao trimestre de abril a junho de 2016 e subiu 33,9% (mais 3,0 milh\u00f5es de pessoas) no confronto com igual trimestre de 2015.<\/p>\n<p>J\u00e1 a popula\u00e7\u00e3o ocupada de 89,8 milh\u00f5es de pessoas apresentou redu\u00e7\u00e3o de 1,1%, quando comparada com o trimestre de abril a junho de 2016 (menos 963 mil pessoas). Em compara\u00e7\u00e3o com igual trimestre de 2015, foi registrada queda de 2,4% (menos 2,3 milh\u00f5es de pessoas).<\/p>\n<p>O rendimento m\u00e9dio real habitualmente recebido em todos os trabalhos (R$ 2.015) cresceu 0,9% frente ao trimestre de abril a junho de 2016 (R$ 1.997) e caiu 2,1% em rela\u00e7\u00e3o ao mesmo trimestre do ano passado (R$ 2.059).<\/p>\n<p>O desempenho no pa\u00eds tamb\u00e9m \u00e9 fruto do aumento dos \u00edndices de confian\u00e7a do mercado. No entanto, Breithaupt pondera que a recupera\u00e7\u00e3o e a volta do crescimento econ\u00f4mico s\u00f3 vir\u00e3o com o equil\u00edbrio do cen\u00e1rio fiscal do Brasil, que provocar\u00e1 a queda dos juros e da infla\u00e7\u00e3o, melhorando o ambiente para os investimentos produtivos, fundamentais para a gera\u00e7\u00e3o de emprego.<\/p>\n<p><b>Fonte: Fecom\u00e9rcio SC<\/b><\/p>\n<\/div>\n","protected":false},"excerpt":{"rendered":"<p>Santa Catarina \u00e9 o terceiro estado que mais criou emprego no Brasil em setembro, atr\u00e1s somente de Pernambuco (15.721) e Alagoas (13.395). De acordo com dados do Cadastro Geral de Empregados e Desempregados (Caged), divulgados pelo Minist\u00e9rio do Trabalho, foram abertos 3.550 postos de trabalho formais, varia\u00e7\u00e3o de 17,8% em rela\u00e7\u00e3o a agosto, que havia [&hellip;]<\/p>\n","protected":false},"author":1,"featured_media":8139,"comment_status":"closed","ping_status":"open","sticky":false,"template":"","format":"standard","meta":{"footnotes":""},"categories":[6,5],"tags":[],"class_list":["post-8134","post","type-post","status-publish","format-standard","has-post-thumbnail","hentry","category-destaque","category-noticias"],"_links":{"self":[{"href":"https:\/\/www.cdlbc.com.br\/portal\/wp-json\/wp\/v2\/posts\/8134","targetHints":{"allow":["GET"]}}],"collection":[{"href":"https:\/\/www.cdlbc.com.br\/portal\/wp-json\/wp\/v2\/posts"}],"about":[{"href":"https:\/\/www.cdlbc.com.br\/portal\/wp-json\/wp\/v2\/types\/post"}],"author":[{"embeddable":true,"href":"https:\/\/www.cdlbc.com.br\/portal\/wp-json\/wp\/v2\/users\/1"}],"replies":[{"embeddable":true,"href":"https:\/\/www.cdlbc.com.br\/portal\/wp-json\/wp\/v2\/comments?post=8134"}],"version-history":[{"count":1,"href":"https:\/\/www.cdlbc.com.br\/portal\/wp-json\/wp\/v2\/posts\/8134\/revisions"}],"predecessor-version":[{"id":8138,"href":"https:\/\/www.cdlbc.com.br\/portal\/wp-json\/wp\/v2\/posts\/8134\/revisions\/8138"}],"wp:featuredmedia":[{"embeddable":true,"href":"https:\/\/www.cdlbc.com.br\/portal\/wp-json\/wp\/v2\/media\/8139"}],"wp:attachment":[{"href":"https:\/\/www.cdlbc.com.br\/portal\/wp-json\/wp\/v2\/media?parent=8134"}],"wp:term":[{"taxonomy":"category","embeddable":true,"href":"https:\/\/www.cdlbc.com.br\/portal\/wp-json\/wp\/v2\/categories?post=8134"},{"taxonomy":"post_tag","embeddable":true,"href":"https:\/\/www.cdlbc.com.br\/portal\/wp-json\/wp\/v2\/tags?post=8134"}],"curies":[{"name":"wp","href":"https:\/\/api.w.org\/{rel}","templated":true}]}}