{"id":8126,"date":"2016-11-01T22:22:42","date_gmt":"2016-11-02T00:22:42","guid":{"rendered":"http:\/\/www.cdlbc.com.br\/portal\/?p=8126"},"modified":"2016-11-03T17:02:18","modified_gmt":"2016-11-03T19:02:18","slug":"cdl-de-balneario-camboriu-promove-acao-social-no-bairro-da-barra-dia-5-de-novembro","status":"publish","type":"post","link":"https:\/\/www.cdlbc.com.br\/portal\/noticias\/cdl-de-balneario-camboriu-promove-acao-social-no-bairro-da-barra-dia-5-de-novembro\/","title":{"rendered":"CDL de Balne\u00e1rio Cambori\u00fa promove a\u00e7\u00e3o social no Bairro da Barra dia 5 de novembro"},"content":{"rendered":"<p>Responsabilidade social e cidadania ir\u00e3o nortear uma a\u00e7\u00e3o especial da C\u00e2mara de Dirigentes Lojistas (CDL) de Balne\u00e1rio Cambori\u00fa neste s\u00e1bado, 5 de novembro, no Bairro da Barra. A entidade estar\u00e1 presente na regi\u00e3o mais antiga da cidade para promover a CDL Cidad\u00e3, pr\u00f3ximo a passarela Manoel Firmino Rocha. Com o objetivo de estimular a cidadania, a a\u00e7\u00e3o oferecer\u00e1 servi\u00e7os gratuitos nas \u00e1reas de sa\u00fade, responsabilidade social e empreendedorismo das 9h \u00e0s 15h.<\/p>\n<p>O evento, aberto \u00e0 comunidade, contar\u00e1 com o apoio de equipes de institui\u00e7\u00f5es parceiras como Rotary, SESC, Sine, Senac, Sinduscon, Secretaria do Meio Ambiente e Procon, al\u00e9m do apoio da Avantis, Jornal Bols\u00e3o e ST Seguran\u00e7a. A presidente da CDL, empres\u00e1ria Eliane Colla, destaca que, entre as a\u00e7\u00f5es programadas, est\u00e3o servi\u00e7os de sa\u00fade, cidadania e lazer, orienta\u00e7\u00e3o sobre como elaborar um curr\u00edculo e como se comportar em uma entrevista de emprego, al\u00e9m de informa\u00e7\u00f5es sobre ofertas de vagas.<\/p>\n<p>Os moradores tamb\u00e9m ser\u00e3o convidados a participar de atividades l\u00fadicas, esportivas e culturais. Eliane destaca que a iniciativa visa valorizar a comunidade local. \u201c\u00c9 uma oportunidade para a CDL e entidades parceiras apresentarem o trabalho que vem desenvolvendo e contribuir para a melhoria de qualidade de vida da comunidade, por meio de orienta\u00e7\u00f5es e alternativas de lazer e intera\u00e7\u00e3o\u201d afirma.<\/p>\n","protected":false},"excerpt":{"rendered":"<p>Responsabilidade social e cidadania ir\u00e3o nortear uma a\u00e7\u00e3o especial da C\u00e2mara de Dirigentes Lojistas (CDL) de Balne\u00e1rio Cambori\u00fa neste s\u00e1bado, 5 de novembro, no Bairro da Barra. A entidade estar\u00e1 presente na regi\u00e3o mais antiga da cidade para promover a CDL Cidad\u00e3, pr\u00f3ximo a passarela Manoel Firmino Rocha. Com o objetivo de estimular a cidadania, [&hellip;]<\/p>\n","protected":false},"author":1,"featured_media":8140,"comment_status":"closed","ping_status":"open","sticky":false,"template":"","format":"standard","meta":{"footnotes":""},"categories":[6,5],"tags":[],"class_list":["post-8126","post","type-post","status-publish","format-standard","has-post-thumbnail","hentry","category-destaque","category-noticias"],"_links":{"self":[{"href":"https:\/\/www.cdlbc.com.br\/portal\/wp-json\/wp\/v2\/posts\/8126","targetHints":{"allow":["GET"]}}],"collection":[{"href":"https:\/\/www.cdlbc.com.br\/portal\/wp-json\/wp\/v2\/posts"}],"about":[{"href":"https:\/\/www.cdlbc.com.br\/portal\/wp-json\/wp\/v2\/types\/post"}],"author":[{"embeddable":true,"href":"https:\/\/www.cdlbc.com.br\/portal\/wp-json\/wp\/v2\/users\/1"}],"replies":[{"embeddable":true,"href":"https:\/\/www.cdlbc.com.br\/portal\/wp-json\/wp\/v2\/comments?post=8126"}],"version-history":[{"count":3,"href":"https:\/\/www.cdlbc.com.br\/portal\/wp-json\/wp\/v2\/posts\/8126\/revisions"}],"predecessor-version":[{"id":8142,"href":"https:\/\/www.cdlbc.com.br\/portal\/wp-json\/wp\/v2\/posts\/8126\/revisions\/8142"}],"wp:featuredmedia":[{"embeddable":true,"href":"https:\/\/www.cdlbc.com.br\/portal\/wp-json\/wp\/v2\/media\/8140"}],"wp:attachment":[{"href":"https:\/\/www.cdlbc.com.br\/portal\/wp-json\/wp\/v2\/media?parent=8126"}],"wp:term":[{"taxonomy":"category","embeddable":true,"href":"https:\/\/www.cdlbc.com.br\/portal\/wp-json\/wp\/v2\/categories?post=8126"},{"taxonomy":"post_tag","embeddable":true,"href":"https:\/\/www.cdlbc.com.br\/portal\/wp-json\/wp\/v2\/tags?post=8126"}],"curies":[{"name":"wp","href":"https:\/\/api.w.org\/{rel}","templated":true}]}}