{"id":6341,"date":"2015-08-26T13:47:29","date_gmt":"2015-08-26T13:47:29","guid":{"rendered":"http:\/\/www.cdlbc.com.br\/portal\/?p=6341"},"modified":"2015-08-26T13:47:43","modified_gmt":"2015-08-26T13:47:43","slug":"cdl-jovem-promove-rodada-de-negocios-em-balneario-camboriu","status":"publish","type":"post","link":"https:\/\/www.cdlbc.com.br\/portal\/noticias\/cdl-jovem-promove-rodada-de-negocios-em-balneario-camboriu\/","title":{"rendered":"CDL Jovem promove Rodada de Neg\u00f3cios em Balne\u00e1rio Cambori\u00fa"},"content":{"rendered":"<p>Fomentar a economia e proporcionar a gera\u00e7\u00e3o de novos neg\u00f3cios.\u00a0 Basicamente s\u00e3o esses os principais objetivos da Rodada de Neg\u00f3cios que a C\u00e2mara de Dirigentes Lojistas de Balne\u00e1rio Cambori\u00fa, atrav\u00e9s da CDL Jovem, promove nesta quinta-feira, 27 de agosto, a partir das 19h30. O coordenador da CDL Jovem, Lucas Buttenbender, estima que entre 40 e 50 empresas devem participar do evento de networking.<\/p>\n<p>A Rodada de Neg\u00f3cios \u00e9 uma iniciativa que promove o encontro entre empresas compradoras e fornecedoras, incentivando a cria\u00e7\u00e3o de parcerias. Lucas destaca que qualquer empresa legalmente constitu\u00edda, independente do seu porte, pode participar. As empresas participantes ser\u00e3o divididas para que possam apresentar seus servi\u00e7os a todos os participantes.<\/p>\n<p>\u201cAs vantagens da rodada est\u00e3o na amplia\u00e7\u00e3o de mercado, identifica\u00e7\u00e3o de novos clientes, novos fornecedores e parceiros comerciais, troca de conhecimento e amplia\u00e7\u00e3o do networking empresarial\u201d, destaca Lucas.\u00a0 A Rodada de Neg\u00f3cios ser\u00e1 realizada na sede da CDL, situada na Rua 902, 530, Centro de Balne\u00e1rio Cambori\u00fa.<\/p>\n","protected":false},"excerpt":{"rendered":"<p>Fomentar a economia e proporcionar a gera\u00e7\u00e3o de novos neg\u00f3cios.\u00a0 Basicamente s\u00e3o esses os principais objetivos da Rodada de Neg\u00f3cios que a C\u00e2mara de Dirigentes Lojistas de Balne\u00e1rio Cambori\u00fa, atrav\u00e9s da CDL Jovem, promove nesta quinta-feira, 27 de agosto, a partir das 19h30. O coordenador da CDL Jovem, Lucas Buttenbender, estima que entre 40 e [&hellip;]<\/p>\n","protected":false},"author":1,"featured_media":6342,"comment_status":"closed","ping_status":"open","sticky":false,"template":"","format":"standard","meta":{"footnotes":""},"categories":[5],"tags":[],"class_list":["post-6341","post","type-post","status-publish","format-standard","has-post-thumbnail","hentry","category-noticias"],"_links":{"self":[{"href":"https:\/\/www.cdlbc.com.br\/portal\/wp-json\/wp\/v2\/posts\/6341","targetHints":{"allow":["GET"]}}],"collection":[{"href":"https:\/\/www.cdlbc.com.br\/portal\/wp-json\/wp\/v2\/posts"}],"about":[{"href":"https:\/\/www.cdlbc.com.br\/portal\/wp-json\/wp\/v2\/types\/post"}],"author":[{"embeddable":true,"href":"https:\/\/www.cdlbc.com.br\/portal\/wp-json\/wp\/v2\/users\/1"}],"replies":[{"embeddable":true,"href":"https:\/\/www.cdlbc.com.br\/portal\/wp-json\/wp\/v2\/comments?post=6341"}],"version-history":[{"count":1,"href":"https:\/\/www.cdlbc.com.br\/portal\/wp-json\/wp\/v2\/posts\/6341\/revisions"}],"predecessor-version":[{"id":6343,"href":"https:\/\/www.cdlbc.com.br\/portal\/wp-json\/wp\/v2\/posts\/6341\/revisions\/6343"}],"wp:featuredmedia":[{"embeddable":true,"href":"https:\/\/www.cdlbc.com.br\/portal\/wp-json\/wp\/v2\/media\/6342"}],"wp:attachment":[{"href":"https:\/\/www.cdlbc.com.br\/portal\/wp-json\/wp\/v2\/media?parent=6341"}],"wp:term":[{"taxonomy":"category","embeddable":true,"href":"https:\/\/www.cdlbc.com.br\/portal\/wp-json\/wp\/v2\/categories?post=6341"},{"taxonomy":"post_tag","embeddable":true,"href":"https:\/\/www.cdlbc.com.br\/portal\/wp-json\/wp\/v2\/tags?post=6341"}],"curies":[{"name":"wp","href":"https:\/\/api.w.org\/{rel}","templated":true}]}}