{"id":6320,"date":"2015-08-20T12:40:27","date_gmt":"2015-08-20T12:40:27","guid":{"rendered":"http:\/\/www.cdlbc.com.br\/portal\/?p=6320"},"modified":"2015-08-20T12:40:27","modified_gmt":"2015-08-20T12:40:27","slug":"cdl-e-sincomercio-de-balneario-camboriu-acompanham-assinatura-da-ordem-de-servico-do-centro-de-eventos","status":"publish","type":"post","link":"https:\/\/www.cdlbc.com.br\/portal\/noticias\/cdl-e-sincomercio-de-balneario-camboriu-acompanham-assinatura-da-ordem-de-servico-do-centro-de-eventos\/","title":{"rendered":"CDL e Sincom\u00e9rcio de Balne\u00e1rio Cambori\u00fa acompanham assinatura da ordem de servi\u00e7o do Centro de Eventos"},"content":{"rendered":"<p>O Governo do Estado, Jo\u00e3o Raimundo Colombo, assinou na manh\u00e3 desta quarta-feira, 19 de agosto, a ordem de servi\u00e7o para a Constru\u00e7\u00e3o do Centro de Eventos de Balne\u00e1rio Cambori\u00fa. Com o documento, a empresa respons\u00e1vel pelo projeto pode come\u00e7ar a execu\u00e7\u00e3o da obra.\u00a0 A solenidade de assinatura da ordem de servi\u00e7o foi acompanhada pelos presidentes do Sindicato do Com\u00e9rcio Varejistas e Atacadistas de Balne\u00e1rio Cambori\u00fa e Cambori\u00fa (Sincom\u00e9rcio), H\u00e9lio Dagnoni, e pelo presidente da C\u00e2mara de Dirigentes Lojistas (CDL) de Balne\u00e1rio Cambori\u00fa, Jos\u00e9 Roberto Cruz. A promessa da Salver Construtora e Incorporadora, vencedora da licita\u00e7\u00e3o para a realiza\u00e7\u00e3o dos servi\u00e7os, \u00e9 de que a obra comece imediatamente.<\/p>\n<p>A assinatura da ordem de servi\u00e7o, na defini\u00e7\u00e3o dos presidentes do Sincom\u00e9rcio e da CDL \u00e9 um momento hist\u00f3rico para a economia da cidade. \u201cPodemos dizer que vamos verificar um o turismo de antes e depois do Centro de Eventos\u201d, avalia o presidente do Sincom\u00e9rcio, H\u00e9lio Dagnoni. Para o presidente da CDL, Jos\u00e9 Roberto Cruz, o empreendimento vai movimentar o turismo nacional e internacional.\u00a0 \u201cVamos poder atrair eventos que atualmente n\u00e3o podem ser realizados em Balne\u00e1rio Cambori\u00fa por falta de espa\u00e7o\u201d, pontua.<\/p>\n<p>O projeto contempla pavilh\u00e3o de exposi\u00e7\u00f5es, espa\u00e7o para lojas, pra\u00e7a de alimenta\u00e7\u00e3o e servi\u00e7os. Possui 1.083 vagas de estacionamento e 28 salas para conven\u00e7\u00f5es. \u201c\u00c9 uma obra muito importante para Santa Catarina porque possibilitar\u00e1 trazer grandes eventos, oferecendo um ambiente moderno e bem equipado\u201d, afirma o secret\u00e1rio estadual de Turismo, Cultura e Esporte, Filipe Mello. O Centro de Eventos ser\u00e1 constru\u00eddo \u00e0s margens da BR 101, no Km-137 no terreno do Estado cedido para a Santur, onde est\u00e1 localizado o Complexo Ambiental Cyro Gevaerd.<\/p>\n<p>&nbsp;<\/p>\n<p><img loading=\"lazy\" decoding=\"async\" class=\"alignnone wp-image-6321 size-thumbnail\" src=\"http:\/\/www.cdlbc.com.br\/portal\/wp-content\/uploads\/2015\/08\/Assinatura-do-contrato_01-300x300.jpg\" alt=\"Assinatura-do-contrato_01\" width=\"300\" height=\"300\" srcset=\"https:\/\/www.cdlbc.com.br\/portal\/wp-content\/uploads\/2015\/08\/Assinatura-do-contrato_01-300x300.jpg 300w, https:\/\/www.cdlbc.com.br\/portal\/wp-content\/uploads\/2015\/08\/Assinatura-do-contrato_01-200x200.jpg 200w, https:\/\/www.cdlbc.com.br\/portal\/wp-content\/uploads\/2015\/08\/Assinatura-do-contrato_01-266x266.jpg 266w, https:\/\/www.cdlbc.com.br\/portal\/wp-content\/uploads\/2015\/08\/Assinatura-do-contrato_01-150x150.jpg 150w, https:\/\/www.cdlbc.com.br\/portal\/wp-content\/uploads\/2015\/08\/Assinatura-do-contrato_01-380x380.jpg 380w\" sizes=\"auto, (max-width: 300px) 100vw, 300px\" \/>\u00a0 \u00a0 \u00a0 \u00a0<img loading=\"lazy\" decoding=\"async\" class=\"alignnone wp-image-6322 size-thumbnail\" src=\"http:\/\/www.cdlbc.com.br\/portal\/wp-content\/uploads\/2015\/08\/Assinatura-do-contrato_02-300x300.jpg\" alt=\"Assinatura-do-contrato_02\" width=\"300\" height=\"300\" srcset=\"https:\/\/www.cdlbc.com.br\/portal\/wp-content\/uploads\/2015\/08\/Assinatura-do-contrato_02-300x300.jpg 300w, https:\/\/www.cdlbc.com.br\/portal\/wp-content\/uploads\/2015\/08\/Assinatura-do-contrato_02-200x200.jpg 200w, https:\/\/www.cdlbc.com.br\/portal\/wp-content\/uploads\/2015\/08\/Assinatura-do-contrato_02-150x150.jpg 150w\" sizes=\"auto, (max-width: 300px) 100vw, 300px\" \/><\/p>\n","protected":false},"excerpt":{"rendered":"<p>O Governo do Estado, Jo\u00e3o Raimundo Colombo, assinou na manh\u00e3 desta quarta-feira, 19 de agosto, a ordem de servi\u00e7o para a Constru\u00e7\u00e3o do Centro de Eventos de Balne\u00e1rio Cambori\u00fa. Com o documento, a empresa respons\u00e1vel pelo projeto pode come\u00e7ar a execu\u00e7\u00e3o da obra.\u00a0 A solenidade de assinatura da ordem de servi\u00e7o foi acompanhada pelos presidentes [&hellip;]<\/p>\n","protected":false},"author":1,"featured_media":6321,"comment_status":"closed","ping_status":"open","sticky":false,"template":"","format":"standard","meta":{"footnotes":""},"categories":[5],"tags":[],"class_list":["post-6320","post","type-post","status-publish","format-standard","has-post-thumbnail","hentry","category-noticias"],"_links":{"self":[{"href":"https:\/\/www.cdlbc.com.br\/portal\/wp-json\/wp\/v2\/posts\/6320","targetHints":{"allow":["GET"]}}],"collection":[{"href":"https:\/\/www.cdlbc.com.br\/portal\/wp-json\/wp\/v2\/posts"}],"about":[{"href":"https:\/\/www.cdlbc.com.br\/portal\/wp-json\/wp\/v2\/types\/post"}],"author":[{"embeddable":true,"href":"https:\/\/www.cdlbc.com.br\/portal\/wp-json\/wp\/v2\/users\/1"}],"replies":[{"embeddable":true,"href":"https:\/\/www.cdlbc.com.br\/portal\/wp-json\/wp\/v2\/comments?post=6320"}],"version-history":[{"count":1,"href":"https:\/\/www.cdlbc.com.br\/portal\/wp-json\/wp\/v2\/posts\/6320\/revisions"}],"predecessor-version":[{"id":6323,"href":"https:\/\/www.cdlbc.com.br\/portal\/wp-json\/wp\/v2\/posts\/6320\/revisions\/6323"}],"wp:featuredmedia":[{"embeddable":true,"href":"https:\/\/www.cdlbc.com.br\/portal\/wp-json\/wp\/v2\/media\/6321"}],"wp:attachment":[{"href":"https:\/\/www.cdlbc.com.br\/portal\/wp-json\/wp\/v2\/media?parent=6320"}],"wp:term":[{"taxonomy":"category","embeddable":true,"href":"https:\/\/www.cdlbc.com.br\/portal\/wp-json\/wp\/v2\/categories?post=6320"},{"taxonomy":"post_tag","embeddable":true,"href":"https:\/\/www.cdlbc.com.br\/portal\/wp-json\/wp\/v2\/tags?post=6320"}],"curies":[{"name":"wp","href":"https:\/\/api.w.org\/{rel}","templated":true}]}}