{"id":6298,"date":"2015-08-13T20:00:20","date_gmt":"2015-08-13T20:00:20","guid":{"rendered":"http:\/\/www.cdlbc.com.br\/portal\/?p=6298"},"modified":"2015-08-13T20:00:20","modified_gmt":"2015-08-13T20:00:20","slug":"comerciantes-de-balneario-camboriu-tem-ate-25-de-agosto-para-aderirem-a-campanha-de-incentivo-as-vendas-da-cdl","status":"publish","type":"post","link":"https:\/\/www.cdlbc.com.br\/portal\/noticias\/comerciantes-de-balneario-camboriu-tem-ate-25-de-agosto-para-aderirem-a-campanha-de-incentivo-as-vendas-da-cdl\/","title":{"rendered":"Comerciantes de Balne\u00e1rio Cambori\u00fa t\u00eam at\u00e9 25 de agosto para aderirem a campanha de incentivo \u00e0s vendas da CDL"},"content":{"rendered":"<p>O com\u00e9rcio de rua de\u00a0 Balne\u00e1rio Cambori\u00fa j\u00e1 se prepara para\u00a0 o final do ano. Os comerciantes interessados em participar da promo\u00e7\u00e3o, em que o CDL prop\u00f5e sortear duas viagens para o exterior, al\u00e9m de motos e vales compras entre os clientes, e que est\u00e1 em fase de organiza\u00e7\u00e3o pela C\u00e2mara de Dirigentes Lojistas (CDL), tem at\u00e9 o dia 25 de agosto para aderirem \u00e0 campanha. Depois deste prazo, n\u00e3o ser\u00e1 mais poss\u00edvel participar da a\u00e7\u00e3o.<\/p>\n<p>O presidente da CDL, empres\u00e1rio Jos\u00e9 Roberto Cruz, explica que o objetivo \u00e9 estimular as vendas do com\u00e9rcio de rua e aumentar o poder de concorr\u00eancia com os shoppings, que tradicionalmente fazem promo\u00e7\u00f5es com sorteio de brindes no final do ano. O projeto idealizado \u00e9 uma a\u00e7\u00e3o de marketing e contribui\u00e7\u00e3o \u00e0s vendas no com\u00e9rcio.<\/p>\n<p>\u201cQuando montamos ou buscamos promover uma campanha de grande porte temos essa proposta como premissa: incentivar nosso associado a vender mais e oportunizar seu p\u00fablico consumidor de ser contemplado\u201d comenta o presidente da CDL. Beto destaca que, al\u00e9m de estimular as vendas, os participantes da campanha t\u00eam a possibilidade de parcelar o valor da quota de participa\u00e7\u00e3o.<\/p>\n","protected":false},"excerpt":{"rendered":"<p>O com\u00e9rcio de rua de\u00a0 Balne\u00e1rio Cambori\u00fa j\u00e1 se prepara para\u00a0 o final do ano. Os comerciantes interessados em participar da promo\u00e7\u00e3o, em que o CDL prop\u00f5e sortear duas viagens para o exterior, al\u00e9m de motos e vales compras entre os clientes, e que est\u00e1 em fase de organiza\u00e7\u00e3o pela C\u00e2mara de Dirigentes Lojistas (CDL), [&hellip;]<\/p>\n","protected":false},"author":1,"featured_media":6299,"comment_status":"closed","ping_status":"open","sticky":false,"template":"","format":"standard","meta":{"footnotes":""},"categories":[5],"tags":[],"class_list":["post-6298","post","type-post","status-publish","format-standard","has-post-thumbnail","hentry","category-noticias"],"_links":{"self":[{"href":"https:\/\/www.cdlbc.com.br\/portal\/wp-json\/wp\/v2\/posts\/6298","targetHints":{"allow":["GET"]}}],"collection":[{"href":"https:\/\/www.cdlbc.com.br\/portal\/wp-json\/wp\/v2\/posts"}],"about":[{"href":"https:\/\/www.cdlbc.com.br\/portal\/wp-json\/wp\/v2\/types\/post"}],"author":[{"embeddable":true,"href":"https:\/\/www.cdlbc.com.br\/portal\/wp-json\/wp\/v2\/users\/1"}],"replies":[{"embeddable":true,"href":"https:\/\/www.cdlbc.com.br\/portal\/wp-json\/wp\/v2\/comments?post=6298"}],"version-history":[{"count":1,"href":"https:\/\/www.cdlbc.com.br\/portal\/wp-json\/wp\/v2\/posts\/6298\/revisions"}],"predecessor-version":[{"id":6300,"href":"https:\/\/www.cdlbc.com.br\/portal\/wp-json\/wp\/v2\/posts\/6298\/revisions\/6300"}],"wp:featuredmedia":[{"embeddable":true,"href":"https:\/\/www.cdlbc.com.br\/portal\/wp-json\/wp\/v2\/media\/6299"}],"wp:attachment":[{"href":"https:\/\/www.cdlbc.com.br\/portal\/wp-json\/wp\/v2\/media?parent=6298"}],"wp:term":[{"taxonomy":"category","embeddable":true,"href":"https:\/\/www.cdlbc.com.br\/portal\/wp-json\/wp\/v2\/categories?post=6298"},{"taxonomy":"post_tag","embeddable":true,"href":"https:\/\/www.cdlbc.com.br\/portal\/wp-json\/wp\/v2\/tags?post=6298"}],"curies":[{"name":"wp","href":"https:\/\/api.w.org\/{rel}","templated":true}]}}