{"id":2912,"date":"2014-07-21T12:01:00","date_gmt":"2014-07-21T12:01:00","guid":{"rendered":"http:\/\/www.cdlbc.com.br\/portal\/noticias\/producao-industrial-cai-em-junho-aponta-cni\/"},"modified":"2014-07-21T12:01:00","modified_gmt":"2014-07-21T12:01:00","slug":"producao-industrial-cai-em-junho-aponta-cni","status":"publish","type":"post","link":"https:\/\/www.cdlbc.com.br\/portal\/noticias\/producao-industrial-cai-em-junho-aponta-cni\/","title":{"rendered":"Produ\u00e7\u00e3o industrial cai em junho, aponta CNI"},"content":{"rendered":"<div class=\"ftpimagefix\" style=\"float:left\"><img decoding=\"async\" width=\"250\" alt=\"Sondagem Industrial indicou 39,6 pontos, contra 48,4 pontos em maio deste ano. Foto: Divulga\u00e7\u00e3o\" src=\"http:\/\/economiasc.com.br\/wp-content\/uploads\/2014\/07\/industria1a1-300x199.jpg\"><\/div>\n<p>Sondagem Industrial indicou 39,6 pontos, contra 48,4 pontos em maio deste ano. Foto: Divulga\u00e7\u00e3o<\/p>\n<p>A produ\u00e7\u00e3o industrial registrou queda em junho, ficando em 39,6 pontos, contra 48,4 pontos em maio deste ano e 46 pontos no mesmo m\u00eas de 2013. O patamar \u00e9 o menor desde o in\u00edcio da medi\u00e7\u00e3o do \u00edndice, em 2010. O dado est\u00e1 na Sondagem Industrial divulgada nesta sexta-feira, dia 18, pela Confedera\u00e7\u00e3o Nacional da Ind\u00fastria (CNI). Al\u00e9m do recuo na atividade, a pesquisa aponta redu\u00e7\u00e3o no n\u00famero de empregados e na utiliza\u00e7\u00e3o da capacidade instalada e eleva\u00e7\u00e3o nos estoques. Para a CNI, houve influ\u00eancia da Copa do Mundo, mas outros fatores tamb\u00e9m contribu\u00edram para as quedas. A CNI avalia que h\u00e1 aprofundamento de um quadro negativo.<\/p>\n<p>O n\u00famero de empregados na ind\u00fastria em junho ficou em 45,2 pontos, contra 46,8 em maio e 48,1 em junho do ano passado. A metodologia da CNI trabalha com uma linha divis\u00f3ria de 50 pontos. Quando indicadores como produ\u00e7\u00e3o e emprego se afastam desse patamar, o cen\u00e1rio \u00e9 negativo. A utiliza\u00e7\u00e3o da capacidade instalada, por sua vez, atingiu 68% contra 71% no \u00faltimo m\u00eas e 72% no mesmo per\u00edodo de 2013. O resultado tamb\u00e9m foi o menor desde o in\u00edcio da s\u00e9rie mensal do \u00edndice.<\/p>\n<p>\u201cO que nos chamou bastante a aten\u00e7\u00e3o foi a intensidade da queda [da produ\u00e7\u00e3o]. O indicador ficou bem abaixo da linha divis\u00f3ria, com queda intensa e disseminada pela ind\u00fastria. No n\u00famero de empregados, a leitura \u00e9 semelhante\u201d, avaliou Marcelo Azevedo, economista da CNI. Segundo ele, h\u00e1 temor de que o cen\u00e1rio cause um impacto global. \u201cA transmiss\u00e3o dessa dificuldade da ind\u00fastria, via emprego, vai se passando para a economia como um todo\u201d, comenta.<\/p>\n<p>Para Renato da Fonseca, gerente de Pesquisa e Competitividade da CNI, \u201ca Copa do Mundo teve seu efeito na demanda [pela produ\u00e7\u00e3o industrial], mas o desempenho da ind\u00fastria vem dando sinais de deteriora\u00e7\u00e3o durante todo o ano\u201d. Segundo ele, n\u00e3o \u00e9 poss\u00edvel definir quanto o desempenho ruim \u00e9 relacionado ao Mundial, que teve v\u00e1rios feriados e cujo incremento na demanda beneficiou somente alguns setores.<\/p>\n<p>\u201cCertamente, [a CNI] n\u00e3o esperava uma queda forte como esta, ou os estoques n\u00e3o estariam crescendo. A ind\u00fastria come\u00e7ou 2014 esperando um ano melhor. Em junho, fica dif\u00edcil separar o que \u00e9 efeito da Copa e o que \u00e9 um acirramento natural [das dificuldades que a ind\u00fastria j\u00e1 enfrentava]\u201d.<\/p>\n<p>A Sondagem Industrial de junho mostrou que os estoques efetivos da ind\u00fastria em rela\u00e7\u00e3o aos planejados cresceram. Em junho deste ano, o indicador somou 52,1 pontos, contra 51 em maio e 51,4 em junho do \u00faltimo ano. De acordo com a entidade, o \u00edndice \u00e9 o maior desde julho de 2012.<\/p>\n<p>Como principais problemas enfrentados pela ind\u00fastria no segundo trimestre, os empres\u00e1rios ouvidos para a pesquisa apontaram a elevada carga tribut\u00e1ria (citada por 54,5%), a falta de demanda (40,7%), a competi\u00e7\u00e3o acirrada no mercado (31,3%), o custo da mat\u00e9ria-prima (25,4%) e a falta de trabalhador qualificado (22,6%).<\/p>\n<p>Apesar dos resultados ruins, a expectativa com rela\u00e7\u00e3o \u00e0 alta na demanda para os pr\u00f3ximos seis meses ficou moderada, em 55,2 pontos. J\u00e1 a expectativa de quantidade exportada para o per\u00edodo ficou em 49,7 pontos. <strong>(Ag\u00eancia Brasil)<\/strong><\/p>\n<p>The post Produ\u00e7\u00e3o industrial cai em junho, aponta CNI appeared first on Economia SC.<\/p>\n<p>Via: <a href=\"http:\/\/economiasc.com.br\/producao-industrial-cai-em-junho-aponta-cni\/\" class=\"colorbox\" title=\"Produ\u00e7\u00e3o industrial cai em junho, aponta CNI\">economiasc.com.br<\/a><\/p>\n","protected":false},"excerpt":{"rendered":"<div class=\"ftpimagefix\" style=\"float:left\"><img decoding=\"async\" width=\"250\" alt=\"Sondagem Industrial indicou 39,6 pontos, contra 48,4 pontos em maio deste ano. Foto: Divulga\u00e7\u00e3o\" src=\"http:\/\/economiasc.com.br\/wp-content\/uploads\/2014\/07\/industria1a1-300x199.jpg\"><\/div>\n<p>Sondagem Industrial indicou 39,6 pontos, contra 48,4 pontos em maio deste ano. Foto: Divulga\u00e7\u00e3o<\/p>\n<p>A produ\u00e7\u00e3o industrial registrou queda em junho, ficando em 39,6 pontos, contra 48,4 pontos em maio deste ano e 46 pontos no mesmo m\u00eas de 2013. O patamar \u00e9 o menor desde o in\u00edcio da medi\u00e7\u00e3o do \u00edndice, em 2010. O dado est\u00e1 na Sondagem Industrial divulgada nesta sexta-feira, dia 18, pela Confedera\u00e7\u00e3o Nacional da Ind\u00fastria (CNI). Al\u00e9m do recuo na atividade, a pesquisa aponta redu\u00e7\u00e3o no n\u00famero de empregados e na utiliza\u00e7\u00e3o da capacidade instalada e eleva\u00e7\u00e3o nos estoques. Para a CNI, houve influ\u00eancia da Copa do Mundo, mas outros fatores tamb\u00e9m contribu\u00edram para as quedas. A CNI avalia que h\u00e1 aprofundamento de um quadro negativo.<\/p>\n<p>O n\u00famero de empregados na ind\u00fastria em junho ficou em 45,2 pontos, contra 46,8 em maio e 48,1 em junho do ano passado. A metodologia da CNI trabalha com uma linha divis\u00f3ria de 50 pontos. Quando indicadores como produ\u00e7\u00e3o e emprego se afastam desse patamar, o cen\u00e1rio \u00e9 negativo. A utiliza\u00e7\u00e3o da capacidade instalada, por sua vez, atingiu 68% contra 71% no \u00faltimo m\u00eas e 72% no mesmo per\u00edodo de 2013. O resultado tamb\u00e9m foi o menor desde o in\u00edcio da s\u00e9rie mensal do \u00edndice.<\/p>\n<p>\u201cO que nos chamou bastante a aten\u00e7\u00e3o foi a intensidade da queda [da produ\u00e7\u00e3o]. O indicador ficou bem abaixo da linha divis\u00f3ria, com queda intensa e disseminada pela ind\u00fastria. No n\u00famero de empregados, a leitura \u00e9 semelhante\u201d, avaliou Marcelo Azevedo, economista da CNI. Segundo ele, h\u00e1 temor de que o cen\u00e1rio cause um impacto global. \u201cA transmiss\u00e3o dessa dificuldade da ind\u00fastria, via emprego, vai se passando para a economia como um todo\u201d, comenta.<\/p>\n<p>Para Renato da Fonseca, gerente de Pesquisa e Competitividade da CNI, \u201ca Copa do Mundo teve seu efeito na demanda [pela produ\u00e7\u00e3o industrial], mas o desempenho da ind\u00fastria vem dando sinais de deteriora\u00e7\u00e3o durante todo o ano\u201d. Segundo ele, n\u00e3o \u00e9 poss\u00edvel definir quanto o desempenho ruim \u00e9 relacionado ao Mundial, que teve v\u00e1rios feriados e cujo incremento na demanda beneficiou somente alguns setores.<\/p>\n<p>\u201cCertamente, [a CNI] n\u00e3o esperava uma queda forte como esta, ou os estoques n\u00e3o estariam crescendo. A ind\u00fastria come\u00e7ou 2014 esperando um ano melhor. Em junho, fica dif\u00edcil separar o que \u00e9 efeito da Copa e o que \u00e9 um acirramento natural [das dificuldades que a ind\u00fastria j\u00e1 enfrentava]\u201d.<\/p>\n<p>A Sondagem Industrial de junho mostrou que os estoques efetivos da ind\u00fastria em rela\u00e7\u00e3o aos planejados cresceram. Em junho deste ano, o indicador somou 52,1 pontos, contra 51 em maio e 51,4 em junho do \u00faltimo ano. De acordo com a entidade, o \u00edndice \u00e9 o maior desde julho de 2012.<\/p>\n<p>Como principais problemas enfrentados pela ind\u00fastria no segundo trimestre, os empres\u00e1rios ouvidos para a pesquisa apontaram a elevada carga tribut\u00e1ria (citada por 54,5%), a falta de demanda (40,7%), a competi\u00e7\u00e3o acirrada no mercado (31,3%), o custo da mat\u00e9ria-prima (25,4%) e a falta de trabalhador qualificado (22,6%).<\/p>\n<p>Apesar dos resultados ruins, a expectativa com rela\u00e7\u00e3o \u00e0 alta na demanda para os pr\u00f3ximos seis meses ficou moderada, em 55,2 pontos. J\u00e1 a expectativa de quantidade exportada para o per\u00edodo ficou em 49,7 pontos. <strong>(Ag\u00eancia Brasil)<\/strong><\/p>\n<p>The post Produ\u00e7\u00e3o industrial cai em junho, aponta CNI appeared first on Economia SC.<\/p>\n","protected":false},"author":1,"featured_media":0,"comment_status":"open","ping_status":"open","sticky":false,"template":"","format":"standard","meta":{"footnotes":""},"categories":[5],"tags":[],"class_list":["post-2912","post","type-post","status-publish","format-standard","hentry","category-noticias","no-post-thumbnail"],"_links":{"self":[{"href":"https:\/\/www.cdlbc.com.br\/portal\/wp-json\/wp\/v2\/posts\/2912","targetHints":{"allow":["GET"]}}],"collection":[{"href":"https:\/\/www.cdlbc.com.br\/portal\/wp-json\/wp\/v2\/posts"}],"about":[{"href":"https:\/\/www.cdlbc.com.br\/portal\/wp-json\/wp\/v2\/types\/post"}],"author":[{"embeddable":true,"href":"https:\/\/www.cdlbc.com.br\/portal\/wp-json\/wp\/v2\/users\/1"}],"replies":[{"embeddable":true,"href":"https:\/\/www.cdlbc.com.br\/portal\/wp-json\/wp\/v2\/comments?post=2912"}],"version-history":[{"count":0,"href":"https:\/\/www.cdlbc.com.br\/portal\/wp-json\/wp\/v2\/posts\/2912\/revisions"}],"wp:attachment":[{"href":"https:\/\/www.cdlbc.com.br\/portal\/wp-json\/wp\/v2\/media?parent=2912"}],"wp:term":[{"taxonomy":"category","embeddable":true,"href":"https:\/\/www.cdlbc.com.br\/portal\/wp-json\/wp\/v2\/categories?post=2912"},{"taxonomy":"post_tag","embeddable":true,"href":"https:\/\/www.cdlbc.com.br\/portal\/wp-json\/wp\/v2\/tags?post=2912"}],"curies":[{"name":"wp","href":"https:\/\/api.w.org\/{rel}","templated":true}]}}