{"id":2909,"date":"2014-07-18T15:54:00","date_gmt":"2014-07-18T15:54:00","guid":{"rendered":"http:\/\/www.cdlbc.com.br\/portal\/noticias\/10a-feira-do-empreendedor-espera-4-mil-visitantes\/"},"modified":"2014-07-18T15:54:00","modified_gmt":"2014-07-18T15:54:00","slug":"10a-feira-do-empreendedor-espera-4-mil-visitantes","status":"publish","type":"post","link":"https:\/\/www.cdlbc.com.br\/portal\/noticias\/10a-feira-do-empreendedor-espera-4-mil-visitantes\/","title":{"rendered":"10\u00aa Feira do Empreendedor espera 4 mil visitantes"},"content":{"rendered":"<div class=\"ftpimagefix\" style=\"float:left\"><img decoding=\"async\" width=\"250\" alt=\"feira do empreendedor 2014\" src=\"http:\/\/economiasc.com.br\/wp-content\/uploads\/2014\/07\/feira-do-empreendedor-2014-300x199.jpg\"><\/div>\n<p>Evento do Sebrae\/SC em Florian\u00f3polis tem palestras, oficinas e 191 atra\u00e7\u00f5es. Foto: Gabriela Naschenweng\/Divulga\u00e7\u00e3o<\/p>\n<p>Iniciou nesta quinta-feira, dia  17, a 10\u00aa edi\u00e7\u00e3o da Feira do Empreendedor do Sebrae\/SC, que segue at\u00e9 domingo, dia 20, com 191 atra\u00e7\u00f5es para empres\u00e1rios de pequenos neg\u00f3cios e empreendedores, como palestras, oficinas e filmes sobre empreendedorismo e gest\u00e3o. O Sebrae\/SC tamb\u00e9m trouxe para a feira contadores, consultores e especialistas para prestar atendimento individual e esclarecer d\u00favidas sobre abertura de neg\u00f3cio, formaliza\u00e7\u00e3o, finan\u00e7as, acesso a mercado, plano de neg\u00f3cios, entre outros assuntos. <\/p>\n<p>No primeiro dia, a programa\u00e7\u00e3o do evento reuniu 3.400 pessoas.  A Feira do Empreendedor \u00e9 resultado de amplas pesquisas feitas com consumidores, que apontaram necessidades e car\u00eancias do mercado na Grande Florian\u00f3polis. As pesquisas resultaram em um painel com 200 ideias de neg\u00f3cios, exposto na Feira<b>, <\/b>com dicas de como come\u00e7ar e at\u00e9 previs\u00e3o de investimento inicial. As necessidades e dificuldades de empres\u00e1rios de pequenos neg\u00f3cios tamb\u00e9m ajudaram a formar a programa\u00e7\u00e3o da Feira.<\/p>\n<p>\u201cPor meio de pesquisas, conseguimos mapear e entender as d\u00favidas e dificuldades dosempres\u00e1rios e de quem deseja abrir um neg\u00f3cio, mas que ainda n\u00e3o deu o primeiro passo. A partir disso, montamos uma programa\u00e7\u00e3o para ajud\u00e1-los a empreender e a impulsionar seu neg\u00f3cio\u201d, explica Spyros Diamantaras, gerente de Comunica\u00e7\u00e3o e Mercado do Sebrae\/SC.<\/p>\n<p>Outro diferencial do evento s\u00e3o as oportunidades de parcerias e acesso a novos mercados por meio de Rodadas de Neg\u00f3cios, que colocam frente a frente compradores de grandes empresas, como Celesc, Portobello, Docol, grupo P\u00e3o de A\u00e7\u00facar, Imperatriz, e empres\u00e1rios de pequenos neg\u00f3cios.<\/p>\n<p>A Feira do Empreendedor conta ainda com uma programa\u00e7\u00e3o especial para Microempreendedor Individual (MEI) \u2013 profissionais aut\u00f4nomos que faturam at\u00e9 R$ 60 mil ao ano. B\u00e1rbara Szucs \u00e9 MEI h\u00e1 quase um ano e esteve na Feira para saber detalhes sobre venda pela internet, conhecer franquias e outros empres\u00e1rios. \u201cAinda tenho dificuldades de organiza\u00e7\u00e3o e convivo pouco com outros empreendedores, por isso acho importante vir at\u00e9 a Feira\u201d, avalia. B\u00e1rbara \u00e9 arquiteta e, depois de 10 anos atuando na \u00e1rea, abriu uma empresa de decora\u00e7\u00e3o de festas infantis. Os microempreendedores individuais tamb\u00e9m podem aproveitar a Feira para se formalizarem, imprimirem o carn\u00ea do Simples Nacional e at\u00e9 quitarem suas d\u00edvidas com o Sistema por meio de totens.<\/p>\n<p>S\u00e3o esperadas 14 mil pessoas nos quatro dias de evento. A Feira do Empreendedor funciona das 13h \u00e0s 21h, no CentroSul, em Florian\u00f3polis. A entrada custa R$ 5,00 e d\u00e1 acesso a todas as atra\u00e7\u00f5es.<\/p>\n<p>The post 10\u00aa Feira do Empreendedor espera 4 mil visitantes appeared first on Economia SC.<\/p>\n<p>Via: <a href=\"http:\/\/economiasc.com.br\/10a-feira-do-empreendedor-espera-4-mil-visitantes\/\" class=\"colorbox\" title=\"10\u00aa Feira do Empreendedor espera 4 mil visitantes\">economiasc.com.br<\/a><\/p>\n","protected":false},"excerpt":{"rendered":"<div class=\"ftpimagefix\" style=\"float:left\"><img decoding=\"async\" width=\"250\" alt=\"feira do empreendedor 2014\" src=\"http:\/\/economiasc.com.br\/wp-content\/uploads\/2014\/07\/feira-do-empreendedor-2014-300x199.jpg\"><\/div>\n<p>Evento do Sebrae\/SC em Florian\u00f3polis tem palestras, oficinas e 191 atra\u00e7\u00f5es. Foto: Gabriela Naschenweng\/Divulga\u00e7\u00e3o<\/p>\n<p>Iniciou nesta quinta-feira, dia  17, a 10\u00aa edi\u00e7\u00e3o da Feira do Empreendedor do Sebrae\/SC, que segue at\u00e9 domingo, dia 20, com 191 atra\u00e7\u00f5es para empres\u00e1rios de pequenos neg\u00f3cios e empreendedores, como palestras, oficinas e filmes sobre empreendedorismo e gest\u00e3o. O Sebrae\/SC tamb\u00e9m trouxe para a feira contadores, consultores e especialistas para prestar atendimento individual e esclarecer d\u00favidas sobre abertura de neg\u00f3cio, formaliza\u00e7\u00e3o, finan\u00e7as, acesso a mercado, plano de neg\u00f3cios, entre outros assuntos. <\/p>\n<p>No primeiro dia, a programa\u00e7\u00e3o do evento reuniu 3.400 pessoas.  A Feira do Empreendedor \u00e9 resultado de amplas pesquisas feitas com consumidores, que apontaram necessidades e car\u00eancias do mercado na Grande Florian\u00f3polis. As pesquisas resultaram em um painel com 200 ideias de neg\u00f3cios, exposto na Feira<b>, <\/b>com dicas de como come\u00e7ar e at\u00e9 previs\u00e3o de investimento inicial. As necessidades e dificuldades de empres\u00e1rios de pequenos neg\u00f3cios tamb\u00e9m ajudaram a formar a programa\u00e7\u00e3o da Feira.<\/p>\n<p>\u201cPor meio de pesquisas, conseguimos mapear e entender as d\u00favidas e dificuldades dosempres\u00e1rios e de quem deseja abrir um neg\u00f3cio, mas que ainda n\u00e3o deu o primeiro passo. A partir disso, montamos uma programa\u00e7\u00e3o para ajud\u00e1-los a empreender e a impulsionar seu neg\u00f3cio\u201d, explica Spyros Diamantaras, gerente de Comunica\u00e7\u00e3o e Mercado do Sebrae\/SC.<\/p>\n<p>Outro diferencial do evento s\u00e3o as oportunidades de parcerias e acesso a novos mercados por meio de Rodadas de Neg\u00f3cios, que colocam frente a frente compradores de grandes empresas, como Celesc, Portobello, Docol, grupo P\u00e3o de A\u00e7\u00facar, Imperatriz, e empres\u00e1rios de pequenos neg\u00f3cios.<\/p>\n<p>A Feira do Empreendedor conta ainda com uma programa\u00e7\u00e3o especial para Microempreendedor Individual (MEI) \u2013 profissionais aut\u00f4nomos que faturam at\u00e9 R$ 60 mil ao ano. B\u00e1rbara Szucs \u00e9 MEI h\u00e1 quase um ano e esteve na Feira para saber detalhes sobre venda pela internet, conhecer franquias e outros empres\u00e1rios. \u201cAinda tenho dificuldades de organiza\u00e7\u00e3o e convivo pouco com outros empreendedores, por isso acho importante vir at\u00e9 a Feira\u201d, avalia. B\u00e1rbara \u00e9 arquiteta e, depois de 10 anos atuando na \u00e1rea, abriu uma empresa de decora\u00e7\u00e3o de festas infantis. Os microempreendedores individuais tamb\u00e9m podem aproveitar a Feira para se formalizarem, imprimirem o carn\u00ea do Simples Nacional e at\u00e9 quitarem suas d\u00edvidas com o Sistema por meio de totens.<\/p>\n<p>S\u00e3o esperadas 14 mil pessoas nos quatro dias de evento. A Feira do Empreendedor funciona das 13h \u00e0s 21h, no CentroSul, em Florian\u00f3polis. A entrada custa R$ 5,00 e d\u00e1 acesso a todas as atra\u00e7\u00f5es.<\/p>\n<p>The post 10\u00aa Feira do Empreendedor espera 4 mil visitantes appeared first on Economia SC.<\/p>\n","protected":false},"author":1,"featured_media":0,"comment_status":"open","ping_status":"open","sticky":false,"template":"","format":"standard","meta":{"footnotes":""},"categories":[5],"tags":[],"class_list":["post-2909","post","type-post","status-publish","format-standard","hentry","category-noticias","no-post-thumbnail"],"_links":{"self":[{"href":"https:\/\/www.cdlbc.com.br\/portal\/wp-json\/wp\/v2\/posts\/2909","targetHints":{"allow":["GET"]}}],"collection":[{"href":"https:\/\/www.cdlbc.com.br\/portal\/wp-json\/wp\/v2\/posts"}],"about":[{"href":"https:\/\/www.cdlbc.com.br\/portal\/wp-json\/wp\/v2\/types\/post"}],"author":[{"embeddable":true,"href":"https:\/\/www.cdlbc.com.br\/portal\/wp-json\/wp\/v2\/users\/1"}],"replies":[{"embeddable":true,"href":"https:\/\/www.cdlbc.com.br\/portal\/wp-json\/wp\/v2\/comments?post=2909"}],"version-history":[{"count":0,"href":"https:\/\/www.cdlbc.com.br\/portal\/wp-json\/wp\/v2\/posts\/2909\/revisions"}],"wp:attachment":[{"href":"https:\/\/www.cdlbc.com.br\/portal\/wp-json\/wp\/v2\/media?parent=2909"}],"wp:term":[{"taxonomy":"category","embeddable":true,"href":"https:\/\/www.cdlbc.com.br\/portal\/wp-json\/wp\/v2\/categories?post=2909"},{"taxonomy":"post_tag","embeddable":true,"href":"https:\/\/www.cdlbc.com.br\/portal\/wp-json\/wp\/v2\/tags?post=2909"}],"curies":[{"name":"wp","href":"https:\/\/api.w.org\/{rel}","templated":true}]}}