{"id":2895,"date":"2014-07-18T14:03:00","date_gmt":"2014-07-18T14:03:00","guid":{"rendered":"http:\/\/www.cdlbc.com.br\/portal\/noticias\/porto-belo-sedia-seminario-de-turismo-regional\/"},"modified":"2014-07-18T14:03:00","modified_gmt":"2014-07-18T14:03:00","slug":"porto-belo-sedia-seminario-de-turismo-regional","status":"publish","type":"post","link":"https:\/\/www.cdlbc.com.br\/portal\/noticias\/porto-belo-sedia-seminario-de-turismo-regional\/","title":{"rendered":"Porto Belo sedia semin\u00e1rio de turismo regional"},"content":{"rendered":"<p align=\"center\"><span>Est\u00e3o abertas as inscri\u00e7\u00f5es para o segundo Semin\u00e1rio Turismo na Costa Esmeralda. Gestores p\u00fablicos, empres\u00e1rios e estudantes do setor tur\u00edstico ter\u00e3o a oportunidade de aprofundar o conhecimento e compartilhar experi\u00eancias. O evento ocorre dia 23, no Sal\u00e3o Paroquial da Igreja Matriz de Porto Belo. <\/span><span>Realizado pelas prefeituras de Porto Belo, por meio da Fumtur (Funda\u00e7\u00e3o de Turismo de Porto Belo), Bombinhas e Itapema, em parceria com o Sebrae (Servi\u00e7o de Apoio \u00e0 Micro e Pequena Empresa), o semin\u00e1rio foi criado para discutir as perspectivas do turismo de forma local e global. Durante o evento haver\u00e1 palestras com profissionais dos mais variados segmentos do setor tur\u00edstico.<\/span><\/p>\n<p>O prefeito em exerc\u00edcio de Porto Belo, Giovanni Voltolini, destaca que a cria\u00e7\u00e3o de plano em conjunto pelas tr\u00eas prefeituras da Costa Esmeralda pode contribuir para o desenvolvimento sustent\u00e1vel. \u201cNossas tr\u00eas cidades s\u00e3o muito ligadas e , principalmente, com caracter\u00edsticas semelhantes. Por isso, podemos ganhar muito com um projeto que traga visitantes para os tr\u00eas munic\u00edpios\u201d, ressaltou.<\/p>\n<p>Segundo a consultora de projetos do Sebrae, Tamara Legarrea, o semin\u00e1rio vai fortalecer as a\u00e7\u00f5es da entidade na regi\u00e3o, por meio do APL (Arranjo Produtivo Local) do Turismo. \u201cDesenvolvemos uma s\u00e9rie de a\u00e7\u00f5es para os munic\u00edpios. Queremos ouvir todos os representantes para refor\u00e7ar o projeto\u201d, explicou Tamara. Podem participar do evento, gestores, empres\u00e1rios e acad\u00eamicos do segmento tur\u00edstico. As inscri\u00e7\u00f5es devem ser realizadas na Fumtur.<\/p>\n<\/p>\n<p>The post <a class=\"colorbox\" rel=\"nofollow\" href=\"http:\/\/economiasc.com.br\/porto-belo-sedia-seminario-de-turismo-regional\/\">Porto Belo sedia semin\u00e1rio de turismo regional<\/a> appeared first on <a class=\"colorbox\" rel=\"nofollow\" href=\"http:\/\/economiasc.com.br\/\">Economia SC<\/a>.<\/p>\n<p>Via: <a href=\"http:\/\/economiasc.com.br\/porto-belo-sedia-seminario-de-turismo-regional\/\" class=\"colorbox\" title=\"Porto Belo sedia semin\u00e1rio de turismo regional\">economiasc.com.br<\/a><\/p>\n","protected":false},"excerpt":{"rendered":"<p align=\"center\"><span>Est\u00e3o abertas as inscri\u00e7\u00f5es para o segundo Semin\u00e1rio Turismo na Costa Esmeralda. Gestores p\u00fablicos, empres\u00e1rios e estudantes do setor tur\u00edstico ter\u00e3o a oportunidade de aprofundar o conhecimento e compartilhar experi\u00eancias. O evento ocorre dia 23, no Sal\u00e3o Paroquial da Igreja Matriz de Porto Belo. <\/span><span>Realizado pelas prefeituras de Porto Belo, por meio da Fumtur (Funda\u00e7\u00e3o de Turismo de Porto Belo), Bombinhas e Itapema, em parceria com o Sebrae (Servi\u00e7o de Apoio \u00e0 Micro e Pequena Empresa), o semin\u00e1rio foi criado para discutir as perspectivas do turismo de forma local e global. Durante o evento haver\u00e1 palestras com profissionais dos mais variados segmentos do setor tur\u00edstico.<\/span><\/p>\n<p>O prefeito em exerc\u00edcio de Porto Belo, Giovanni Voltolini, destaca que a cria\u00e7\u00e3o de plano em conjunto pelas tr\u00eas prefeituras da Costa Esmeralda pode contribuir para o desenvolvimento sustent\u00e1vel. \u201cNossas tr\u00eas cidades s\u00e3o muito ligadas e , principalmente, com caracter\u00edsticas semelhantes. Por isso, podemos ganhar muito com um projeto que traga visitantes para os tr\u00eas munic\u00edpios\u201d, ressaltou.<\/p>\n<p>Segundo a consultora de projetos do Sebrae, Tamara Legarrea, o semin\u00e1rio vai fortalecer as a\u00e7\u00f5es da entidade na regi\u00e3o, por meio do APL (Arranjo Produtivo Local) do Turismo. \u201cDesenvolvemos uma s\u00e9rie de a\u00e7\u00f5es para os munic\u00edpios. Queremos ouvir todos os representantes para refor\u00e7ar o projeto\u201d, explicou Tamara. Podem participar do evento, gestores, empres\u00e1rios e acad\u00eamicos do segmento tur\u00edstico. As inscri\u00e7\u00f5es devem ser realizadas na Fumtur.<\/p>\n<\/p>\n<p>The post <a class=\"colorbox\" rel=\"nofollow\" href=\"http:\/\/economiasc.com.br\/porto-belo-sedia-seminario-de-turismo-regional\/\">Porto Belo sedia semin\u00e1rio de turismo regional<\/a> appeared first on <a class=\"colorbox\" rel=\"nofollow\" href=\"http:\/\/economiasc.com.br\/\">Economia SC<\/a>.<\/p>\n","protected":false},"author":1,"featured_media":0,"comment_status":"open","ping_status":"open","sticky":false,"template":"","format":"standard","meta":{"footnotes":""},"categories":[5],"tags":[],"class_list":["post-2895","post","type-post","status-publish","format-standard","hentry","category-noticias","no-post-thumbnail"],"_links":{"self":[{"href":"https:\/\/www.cdlbc.com.br\/portal\/wp-json\/wp\/v2\/posts\/2895","targetHints":{"allow":["GET"]}}],"collection":[{"href":"https:\/\/www.cdlbc.com.br\/portal\/wp-json\/wp\/v2\/posts"}],"about":[{"href":"https:\/\/www.cdlbc.com.br\/portal\/wp-json\/wp\/v2\/types\/post"}],"author":[{"embeddable":true,"href":"https:\/\/www.cdlbc.com.br\/portal\/wp-json\/wp\/v2\/users\/1"}],"replies":[{"embeddable":true,"href":"https:\/\/www.cdlbc.com.br\/portal\/wp-json\/wp\/v2\/comments?post=2895"}],"version-history":[{"count":0,"href":"https:\/\/www.cdlbc.com.br\/portal\/wp-json\/wp\/v2\/posts\/2895\/revisions"}],"wp:attachment":[{"href":"https:\/\/www.cdlbc.com.br\/portal\/wp-json\/wp\/v2\/media?parent=2895"}],"wp:term":[{"taxonomy":"category","embeddable":true,"href":"https:\/\/www.cdlbc.com.br\/portal\/wp-json\/wp\/v2\/categories?post=2895"},{"taxonomy":"post_tag","embeddable":true,"href":"https:\/\/www.cdlbc.com.br\/portal\/wp-json\/wp\/v2\/tags?post=2895"}],"curies":[{"name":"wp","href":"https:\/\/api.w.org\/{rel}","templated":true}]}}