{"id":2890,"date":"2014-07-18T13:44:00","date_gmt":"2014-07-18T13:44:00","guid":{"rendered":"http:\/\/www.cdlbc.com.br\/portal\/noticias\/feira-metalmecanica-tera-palestras-tecnicas\/"},"modified":"2014-07-18T13:44:00","modified_gmt":"2014-07-18T13:44:00","slug":"feira-metalmecanica-tera-palestras-tecnicas","status":"publish","type":"post","link":"https:\/\/www.cdlbc.com.br\/portal\/noticias\/feira-metalmecanica-tera-palestras-tecnicas\/","title":{"rendered":"Feira Metalmec\u00e2nica ter\u00e1 palestras t\u00e9cnicas"},"content":{"rendered":"<div class=\"ftpimagefix\" style=\"float:left\"><img decoding=\"async\" width=\"250\" alt=\"Abertura Feira Metalmec\u00e2nica 89\" src=\"http:\/\/economiasc.com.br\/wp-content\/uploads\/2014\/07\/Abertura-Feira-Metalmec%C3%A2nica-891-300x190.jpg\"><\/div>\n<p>Palestras s\u00e3o voltadas a atualiza\u00e7\u00e3o e implanta\u00e7\u00e3o de melhorias tecnol\u00f3gicas. Foto: Divulga\u00e7\u00e3o<\/p>\n<p>Um semin\u00e1rio com palestras t\u00e9cnicas, voltadas atualizar quanto \u00e0 implanta\u00e7\u00e3o de melhorias tecnol\u00f3gicas, faz parte da programa\u00e7\u00e3o da Feira Metalmec\u00e2nica + Corte e Conforma\u00e7\u00e3o. Esse evento abrir\u00e1 na pr\u00f3xima ter\u00e7a-feira, 22 de julho, em Chapec\u00f3, e ir\u00e1 at\u00e9 o dia 25, no Parque de Exposi\u00e7\u00f5es Tancredo Neves. O programa de palestras tem a participa\u00e7\u00e3o do Senai Chapec\u00f3, Inox do Brasil, Sebrae e Unochapec\u00f3.<\/p>\n<p>No primeiro dia da feira, \u00e0s 15h30, no audit\u00f3rio do pavilh\u00e3o 4 do parque de exposi\u00e7\u00f5es, ser\u00e1 feita apresenta\u00e7\u00e3o sobre o \u201cProjeto de Internacionaliza\u00e7\u00e3o de Pequenos Neg\u00f3cios \u2013 ExportaSC\u201d, pelo Sebrae. Depois, \u00e0s 19h, para finalizar o primeiro dia da programa\u00e7\u00e3o, o tema \u201cInova\u00e7\u00f5es e Tend\u00eancias Tecnol\u00f3gicas para Produtos Polim\u00e9ricos\u201d ser\u00e1 abordado pelo professor M\u00e1rcio Fiori, da Unochapec\u00f3.<\/p>\n<p>J\u00e1 para o segundo dia, \u00e0s 19h, est\u00e1 prevista palestra com o tema \u201cAplica\u00e7\u00e3o do A\u00e7o Inox\u201d, com abordagens sobre tipos de a\u00e7o inox, manuseio, limpeza e soldabilidade, com a participa\u00e7\u00e3o do t\u00e9cnico Adayr Borro J\u00fanior, da Inox do Brasil. No dia 24, a programa\u00e7\u00e3o de palestras ter\u00e1, \u00e0s 19h, enfoque sobre as tend\u00eancias tecnol\u00f3gicas para a manuten\u00e7\u00e3o industrial, a cargo deF\u00e1bio Karnopp, do Senai de Joinville.<\/p>\n<p>A organiza\u00e7\u00e3o do semin\u00e1rio de palestras na programa\u00e7\u00e3o da Feira Metalmec\u00e2nica 2014 est\u00e1 dentro dos objetivos do evento, segundo seu coordenador, empres\u00e1rio S\u00e9rgio Luiz Matte. Ele assinala que o semin\u00e1rio cumpre com a finalidade de promover a evolu\u00e7\u00e3o tecnol\u00f3gica das empresas do segmento, incentivar o conhecimento sobre a fabrica\u00e7\u00e3o de novos produtos, motivar para a expans\u00e3o de servi\u00e7os e proporcionar o aperfei\u00e7oamento profissional, com a participa\u00e7\u00e3o de empresas e institui\u00e7\u00f5es de ensino t\u00e9cnico e superior.<\/p>\n<p>O evento, organizado pela Euro Feiras de Neg\u00f3cios, tem a promo\u00e7\u00e3o do Sindicato das Ind\u00fastrias Metal\u00fargicas, Mec\u00e2nicas e do Material El\u00e9trico de Chapec\u00f3 (Simec), com o patroc\u00ednio da Caixa Econ\u00f4mica Federal e Federa\u00e7\u00e3o das Ind\u00fastrias de Santa Catarina (Fiesc). Apoiam a iniciativa o Banco Regional de Desenvolvimento do Extremo-sul (BRDE), Banco do Brasil, Prefeitura Municipal de Chapec\u00f3, Sebrae Santa Catarina, Sociedade Educacional do Oeste de Santa Catarina (Socioeste) e Chapec\u00f3 e Regi\u00e3o Convention &amp; Visitors Bureau.<\/p>\n<p>The post Feira Metalmec\u00e2nica ter\u00e1 palestras t\u00e9cnicas appeared first on Economia SC.<\/p>\n<p>Via: <a href=\"http:\/\/economiasc.com.br\/feira-metalmecanica-tera-palestras-tecnicas\/\" class=\"colorbox\" title=\"Feira Metalmec\u00e2nica ter\u00e1 palestras t\u00e9cnicas\">economiasc.com.br<\/a><\/p>\n","protected":false},"excerpt":{"rendered":"<div class=\"ftpimagefix\" style=\"float:left\"><img decoding=\"async\" width=\"250\" alt=\"Abertura Feira Metalmec\u00e2nica 89\" src=\"http:\/\/economiasc.com.br\/wp-content\/uploads\/2014\/07\/Abertura-Feira-Metalmec%C3%A2nica-891-300x190.jpg\"><\/div>\n<p>Palestras s\u00e3o voltadas a atualiza\u00e7\u00e3o e implanta\u00e7\u00e3o de melhorias tecnol\u00f3gicas. Foto: Divulga\u00e7\u00e3o<\/p>\n<p>Um semin\u00e1rio com palestras t\u00e9cnicas, voltadas atualizar quanto \u00e0 implanta\u00e7\u00e3o de melhorias tecnol\u00f3gicas, faz parte da programa\u00e7\u00e3o da Feira Metalmec\u00e2nica + Corte e Conforma\u00e7\u00e3o. Esse evento abrir\u00e1 na pr\u00f3xima ter\u00e7a-feira, 22 de julho, em Chapec\u00f3, e ir\u00e1 at\u00e9 o dia 25, no Parque de Exposi\u00e7\u00f5es Tancredo Neves. O programa de palestras tem a participa\u00e7\u00e3o do Senai Chapec\u00f3, Inox do Brasil, Sebrae e Unochapec\u00f3.<\/p>\n<p>No primeiro dia da feira, \u00e0s 15h30, no audit\u00f3rio do pavilh\u00e3o 4 do parque de exposi\u00e7\u00f5es, ser\u00e1 feita apresenta\u00e7\u00e3o sobre o \u201cProjeto de Internacionaliza\u00e7\u00e3o de Pequenos Neg\u00f3cios \u2013 ExportaSC\u201d, pelo Sebrae. Depois, \u00e0s 19h, para finalizar o primeiro dia da programa\u00e7\u00e3o, o tema \u201cInova\u00e7\u00f5es e Tend\u00eancias Tecnol\u00f3gicas para Produtos Polim\u00e9ricos\u201d ser\u00e1 abordado pelo professor M\u00e1rcio Fiori, da Unochapec\u00f3.<\/p>\n<p>J\u00e1 para o segundo dia, \u00e0s 19h, est\u00e1 prevista palestra com o tema \u201cAplica\u00e7\u00e3o do A\u00e7o Inox\u201d, com abordagens sobre tipos de a\u00e7o inox, manuseio, limpeza e soldabilidade, com a participa\u00e7\u00e3o do t\u00e9cnico Adayr Borro J\u00fanior, da Inox do Brasil. No dia 24, a programa\u00e7\u00e3o de palestras ter\u00e1, \u00e0s 19h, enfoque sobre as tend\u00eancias tecnol\u00f3gicas para a manuten\u00e7\u00e3o industrial, a cargo deF\u00e1bio Karnopp, do Senai de Joinville.<\/p>\n<p>A organiza\u00e7\u00e3o do semin\u00e1rio de palestras na programa\u00e7\u00e3o da Feira Metalmec\u00e2nica 2014 est\u00e1 dentro dos objetivos do evento, segundo seu coordenador, empres\u00e1rio S\u00e9rgio Luiz Matte. Ele assinala que o semin\u00e1rio cumpre com a finalidade de promover a evolu\u00e7\u00e3o tecnol\u00f3gica das empresas do segmento, incentivar o conhecimento sobre a fabrica\u00e7\u00e3o de novos produtos, motivar para a expans\u00e3o de servi\u00e7os e proporcionar o aperfei\u00e7oamento profissional, com a participa\u00e7\u00e3o de empresas e institui\u00e7\u00f5es de ensino t\u00e9cnico e superior.<\/p>\n<p>O evento, organizado pela Euro Feiras de Neg\u00f3cios, tem a promo\u00e7\u00e3o do Sindicato das Ind\u00fastrias Metal\u00fargicas, Mec\u00e2nicas e do Material El\u00e9trico de Chapec\u00f3 (Simec), com o patroc\u00ednio da Caixa Econ\u00f4mica Federal e Federa\u00e7\u00e3o das Ind\u00fastrias de Santa Catarina (Fiesc). Apoiam a iniciativa o Banco Regional de Desenvolvimento do Extremo-sul (BRDE), Banco do Brasil, Prefeitura Municipal de Chapec\u00f3, Sebrae Santa Catarina, Sociedade Educacional do Oeste de Santa Catarina (Socioeste) e Chapec\u00f3 e Regi\u00e3o Convention &amp; Visitors Bureau.<\/p>\n<p>The post Feira Metalmec\u00e2nica ter\u00e1 palestras t\u00e9cnicas appeared first on Economia SC.<\/p>\n","protected":false},"author":1,"featured_media":0,"comment_status":"open","ping_status":"open","sticky":false,"template":"","format":"standard","meta":{"footnotes":""},"categories":[5],"tags":[],"class_list":["post-2890","post","type-post","status-publish","format-standard","hentry","category-noticias","no-post-thumbnail"],"_links":{"self":[{"href":"https:\/\/www.cdlbc.com.br\/portal\/wp-json\/wp\/v2\/posts\/2890","targetHints":{"allow":["GET"]}}],"collection":[{"href":"https:\/\/www.cdlbc.com.br\/portal\/wp-json\/wp\/v2\/posts"}],"about":[{"href":"https:\/\/www.cdlbc.com.br\/portal\/wp-json\/wp\/v2\/types\/post"}],"author":[{"embeddable":true,"href":"https:\/\/www.cdlbc.com.br\/portal\/wp-json\/wp\/v2\/users\/1"}],"replies":[{"embeddable":true,"href":"https:\/\/www.cdlbc.com.br\/portal\/wp-json\/wp\/v2\/comments?post=2890"}],"version-history":[{"count":0,"href":"https:\/\/www.cdlbc.com.br\/portal\/wp-json\/wp\/v2\/posts\/2890\/revisions"}],"wp:attachment":[{"href":"https:\/\/www.cdlbc.com.br\/portal\/wp-json\/wp\/v2\/media?parent=2890"}],"wp:term":[{"taxonomy":"category","embeddable":true,"href":"https:\/\/www.cdlbc.com.br\/portal\/wp-json\/wp\/v2\/categories?post=2890"},{"taxonomy":"post_tag","embeddable":true,"href":"https:\/\/www.cdlbc.com.br\/portal\/wp-json\/wp\/v2\/tags?post=2890"}],"curies":[{"name":"wp","href":"https:\/\/api.w.org\/{rel}","templated":true}]}}