{"id":2887,"date":"2014-07-18T12:55:00","date_gmt":"2014-07-18T12:55:00","guid":{"rendered":"http:\/\/www.cdlbc.com.br\/portal\/noticias\/df-quer-implementar-encadeamento-produtivo\/"},"modified":"2014-07-18T12:55:00","modified_gmt":"2014-07-18T12:55:00","slug":"df-quer-implementar-encadeamento-produtivo","status":"publish","type":"post","link":"https:\/\/www.cdlbc.com.br\/portal\/noticias\/df-quer-implementar-encadeamento-produtivo\/","title":{"rendered":"DF quer implementar encadeamento produtivo"},"content":{"rendered":"<div class=\"ftpimagefix\" style=\"float:left\"><img decoding=\"async\" width=\"250\" alt=\"Sebrae e Aurora apresentaram Encadeamento Produtivo ao grupo do Sebrae Distrito Federal, Sebrae Nacional e da Funda\u00e7\u00e3o de Apoio \u00e0 Pesquisa do Distrito Federal. Foto: Divulga\u00e7\u00e3o\" src=\"http:\/\/economiasc.com.br\/wp-content\/uploads\/2014\/07\/01-1-300x200.jpg\"><\/div>\n<p>Sebrae e Aurora apresentaram Encadeamento Produtivo ao grupo do Sebrae Distrito Federal, Sebrae Nacional e da Funda\u00e7\u00e3o de Apoio \u00e0 Pesquisa do Distrito Federal. Foto: Divulga\u00e7\u00e3o<\/p>\n<p>Representantes do Sebrae Distrito Federal, Sebrae Nacional e da Funda\u00e7\u00e3o de Apoio \u00e0 Pesquisa (FAPE\/DF) estiveram no oeste catarinense, nesta semana, para conhecer o Encadeamento Produtivo, o maior programa de est\u00edmulo ao desenvolvimento das pequenas e m\u00e9dias empresas ligadas ao agroneg\u00f3cio do sul do Brasil. Desenvolvida pelo Sebrae e Coopercentral Aurora Alimentos, a a\u00e7\u00e3o visa aperfei\u00e7oar as pequenas empresas integradas em uma cadeia produtiva capitaneada por uma grande corpora\u00e7\u00e3o.<\/p>\n<p>Para conhecer a experi\u00eancia que est\u00e1 em andamento em Santa Catarina, o gerente da Unidade de agroneg\u00f3cios do Sebrae Distrito Federal, Roberto Faria, o gestor da unidade de agroneg\u00f3cio do Sebrae DF, Carlos Cardoso de Souza, o treinee do Sebrae Nacional,Geraldo Henrique da Costa e o vice-presidente da Funda\u00e7\u00e3o de Apoio \u00e0 Pesquisa do Distrito Federal (FAPE), Fernando C. Ribeiro, participaram de um cronograma de atividades que incluiu apresenta\u00e7\u00e3o do Encadeamento Produtivo na coordenadoria regional oeste do Sebrae\/SC, visita \u00e0 Coopercentral Aurora Alimentos, acompanhamento das atividades do projeto com os produtores na regi\u00e3o oeste e encontro de avalia\u00e7\u00e3o das atividades.<\/p>\n<p>Faria destacou que a inten\u00e7\u00e3o \u00e9 desenvolver o Encadeamento Produtivo no Distrito Federal. \u201cParticipar desse roteiro foi uma oportunidade de conhecer a organiza\u00e7\u00e3o e o trabalho em conjunto desenvolvido na regi\u00e3o por meio deste importante projeto do agroneg\u00f3cio. \u201cAgora temos o desafio de levar a experi\u00eancia para o Distrito Federal e utilizar essa metodologia de forma t\u00e3o eficiente quanto Santa Catarina utiliza. Percebemos que o engajamento dos produtores e dos profissionais \u00e9 fundamental para o sucesso do projeto\u201d.<\/p>\n<p>Costa assinalou que a inten\u00e7\u00e3o da visita ao oeste catarinense foi conhecer o projeto e observar os resultados, n\u00e3o somente na empresa-chave como tamb\u00e9m nas propriedades. \u201cCom base nessas experi\u00eancias, percebemos que, sem d\u00favida, essas pr\u00e1ticas servem de modelo para outras regi\u00f5es e outros setores\u201d.<\/p>\n<p><strong>Encadeamento produtivo<\/strong><\/p>\n<p>O programa beneficiar\u00e1 2.500 empresas rurais e mais de 400 micro e pequenas empresas urbanas fornecedoras de insumos a esses produtores de leite, aves e su\u00ednos. Participam do projeto o Senar, o Sescoop, Sicoob, Funda\u00e7\u00e3o Aury Luiz Bodanese e oito cooperativas agropecu\u00e1rias \u2013 CooperAlfa, Itaipu, AuriVerde, Coolacer, Cop\u00e9rdia, Coaslo, Cooper A1 e Coopervil.<\/p>\n<p>O contrato firmado neste ano assegura investimentos de 11,7 milh\u00f5es de reais no per\u00edodo de quatro anos, custeados pelo Sebrae (70%), Aurora (25%) e parceiros (5%). As a\u00e7\u00f5es do Encadeamento Produtivo aperfei\u00e7oar\u00e3o as cadeias produtivas de su\u00ednos, aves e leite.<\/p>\n<p>O programa atende empresas-\u00e2ncoras e seus fornecedores e busca diminuir a assimetria de produtividade entre pequenas e grandes empresas em uma mesma cadeia de produ\u00e7\u00e3o. A competitividade empresarial n\u00e3o se reduz \u00e0 atua\u00e7\u00e3o da empresa individualmente porque \u00e9 o resultado da efici\u00eancia da cadeia de valor ou aglomerado local no qual se estrutura um determinado segmento produtivo. Dessa forma, as empresas que fazem parte de uma cadeia de valor precisam ser competitivas.<\/p>\n<\/p>\n<p>The post DF quer implementar encadeamento produtivo appeared first on Economia SC.<\/p>\n<p>Via: <a href=\"http:\/\/economiasc.com.br\/df-quer-implementar-encadeamento-produtivo\/\" class=\"colorbox\" title=\"DF quer implementar encadeamento produtivo\">economiasc.com.br<\/a><\/p>\n","protected":false},"excerpt":{"rendered":"<div class=\"ftpimagefix\" style=\"float:left\"><img decoding=\"async\" width=\"250\" alt=\"Sebrae e Aurora apresentaram Encadeamento Produtivo ao grupo do Sebrae Distrito Federal, Sebrae Nacional e da Funda\u00e7\u00e3o de Apoio \u00e0 Pesquisa do Distrito Federal. Foto: Divulga\u00e7\u00e3o\" src=\"http:\/\/economiasc.com.br\/wp-content\/uploads\/2014\/07\/01-1-300x200.jpg\"><\/div>\n<p>Sebrae e Aurora apresentaram Encadeamento Produtivo ao grupo do Sebrae Distrito Federal, Sebrae Nacional e da Funda\u00e7\u00e3o de Apoio \u00e0 Pesquisa do Distrito Federal. Foto: Divulga\u00e7\u00e3o<\/p>\n<p>Representantes do Sebrae Distrito Federal, Sebrae Nacional e da Funda\u00e7\u00e3o de Apoio \u00e0 Pesquisa (FAPE\/DF) estiveram no oeste catarinense, nesta semana, para conhecer o Encadeamento Produtivo, o maior programa de est\u00edmulo ao desenvolvimento das pequenas e m\u00e9dias empresas ligadas ao agroneg\u00f3cio do sul do Brasil. Desenvolvida pelo Sebrae e Coopercentral Aurora Alimentos, a a\u00e7\u00e3o visa aperfei\u00e7oar as pequenas empresas integradas em uma cadeia produtiva capitaneada por uma grande corpora\u00e7\u00e3o.<\/p>\n<p>Para conhecer a experi\u00eancia que est\u00e1 em andamento em Santa Catarina, o gerente da Unidade de agroneg\u00f3cios do Sebrae Distrito Federal, Roberto Faria, o gestor da unidade de agroneg\u00f3cio do Sebrae DF, Carlos Cardoso de Souza, o treinee do Sebrae Nacional,Geraldo Henrique da Costa e o vice-presidente da Funda\u00e7\u00e3o de Apoio \u00e0 Pesquisa do Distrito Federal (FAPE), Fernando C. Ribeiro, participaram de um cronograma de atividades que incluiu apresenta\u00e7\u00e3o do Encadeamento Produtivo na coordenadoria regional oeste do Sebrae\/SC, visita \u00e0 Coopercentral Aurora Alimentos, acompanhamento das atividades do projeto com os produtores na regi\u00e3o oeste e encontro de avalia\u00e7\u00e3o das atividades.<\/p>\n<p>Faria destacou que a inten\u00e7\u00e3o \u00e9 desenvolver o Encadeamento Produtivo no Distrito Federal. \u201cParticipar desse roteiro foi uma oportunidade de conhecer a organiza\u00e7\u00e3o e o trabalho em conjunto desenvolvido na regi\u00e3o por meio deste importante projeto do agroneg\u00f3cio. \u201cAgora temos o desafio de levar a experi\u00eancia para o Distrito Federal e utilizar essa metodologia de forma t\u00e3o eficiente quanto Santa Catarina utiliza. Percebemos que o engajamento dos produtores e dos profissionais \u00e9 fundamental para o sucesso do projeto\u201d.<\/p>\n<p>Costa assinalou que a inten\u00e7\u00e3o da visita ao oeste catarinense foi conhecer o projeto e observar os resultados, n\u00e3o somente na empresa-chave como tamb\u00e9m nas propriedades. \u201cCom base nessas experi\u00eancias, percebemos que, sem d\u00favida, essas pr\u00e1ticas servem de modelo para outras regi\u00f5es e outros setores\u201d.<\/p>\n<p><strong>Encadeamento produtivo<\/strong><\/p>\n<p>O programa beneficiar\u00e1 2.500 empresas rurais e mais de 400 micro e pequenas empresas urbanas fornecedoras de insumos a esses produtores de leite, aves e su\u00ednos. Participam do projeto o Senar, o Sescoop, Sicoob, Funda\u00e7\u00e3o Aury Luiz Bodanese e oito cooperativas agropecu\u00e1rias \u2013 CooperAlfa, Itaipu, AuriVerde, Coolacer, Cop\u00e9rdia, Coaslo, Cooper A1 e Coopervil.<\/p>\n<p>O contrato firmado neste ano assegura investimentos de 11,7 milh\u00f5es de reais no per\u00edodo de quatro anos, custeados pelo Sebrae (70%), Aurora (25%) e parceiros (5%). As a\u00e7\u00f5es do Encadeamento Produtivo aperfei\u00e7oar\u00e3o as cadeias produtivas de su\u00ednos, aves e leite.<\/p>\n<p>O programa atende empresas-\u00e2ncoras e seus fornecedores e busca diminuir a assimetria de produtividade entre pequenas e grandes empresas em uma mesma cadeia de produ\u00e7\u00e3o. A competitividade empresarial n\u00e3o se reduz \u00e0 atua\u00e7\u00e3o da empresa individualmente porque \u00e9 o resultado da efici\u00eancia da cadeia de valor ou aglomerado local no qual se estrutura um determinado segmento produtivo. Dessa forma, as empresas que fazem parte de uma cadeia de valor precisam ser competitivas.<\/p>\n<\/p>\n<p>The post DF quer implementar encadeamento produtivo appeared first on Economia SC.<\/p>\n","protected":false},"author":1,"featured_media":0,"comment_status":"open","ping_status":"open","sticky":false,"template":"","format":"standard","meta":{"footnotes":""},"categories":[5],"tags":[],"class_list":["post-2887","post","type-post","status-publish","format-standard","hentry","category-noticias","no-post-thumbnail"],"_links":{"self":[{"href":"https:\/\/www.cdlbc.com.br\/portal\/wp-json\/wp\/v2\/posts\/2887","targetHints":{"allow":["GET"]}}],"collection":[{"href":"https:\/\/www.cdlbc.com.br\/portal\/wp-json\/wp\/v2\/posts"}],"about":[{"href":"https:\/\/www.cdlbc.com.br\/portal\/wp-json\/wp\/v2\/types\/post"}],"author":[{"embeddable":true,"href":"https:\/\/www.cdlbc.com.br\/portal\/wp-json\/wp\/v2\/users\/1"}],"replies":[{"embeddable":true,"href":"https:\/\/www.cdlbc.com.br\/portal\/wp-json\/wp\/v2\/comments?post=2887"}],"version-history":[{"count":0,"href":"https:\/\/www.cdlbc.com.br\/portal\/wp-json\/wp\/v2\/posts\/2887\/revisions"}],"wp:attachment":[{"href":"https:\/\/www.cdlbc.com.br\/portal\/wp-json\/wp\/v2\/media?parent=2887"}],"wp:term":[{"taxonomy":"category","embeddable":true,"href":"https:\/\/www.cdlbc.com.br\/portal\/wp-json\/wp\/v2\/categories?post=2887"},{"taxonomy":"post_tag","embeddable":true,"href":"https:\/\/www.cdlbc.com.br\/portal\/wp-json\/wp\/v2\/tags?post=2887"}],"curies":[{"name":"wp","href":"https:\/\/api.w.org\/{rel}","templated":true}]}}