{"id":2886,"date":"2014-07-18T12:38:00","date_gmt":"2014-07-18T12:38:00","guid":{"rendered":"http:\/\/www.cdlbc.com.br\/portal\/noticias\/encontro-de-agricultura-reune-1500-pessoas\/"},"modified":"2014-07-18T12:38:00","modified_gmt":"2014-07-18T12:38:00","slug":"encontro-de-agricultura-reune-1500-pessoas","status":"publish","type":"post","link":"https:\/\/www.cdlbc.com.br\/portal\/noticias\/encontro-de-agricultura-reune-1500-pessoas\/","title":{"rendered":"Encontro de agricultura re\u00fane 1500 pessoas"},"content":{"rendered":"<div class=\"ftpimagefix\" style=\"float:left\"><img decoding=\"async\" width=\"250\" alt=\"encontro fetraf\" src=\"http:\/\/economiasc.com.br\/wp-content\/uploads\/2014\/07\/encontro-fetraf-300x225.jpg\"><\/div>\n<p>Personalidades e entidades ligadas \u00e0 agricultura familiar foram homenagearam. Fotos: Divulga\u00e7\u00e3o<\/p>\n<p>Agricultores familiares, entidades, lideran\u00e7as sindicais e autoridades pol\u00edticas participaram nesta quinta-feira, dia 17, do Encontro Estadual da Agricultura Familiar de Santa Catarina no munic\u00edpio de Pinhalzinho. O ministro do Desenvolvimento Agr\u00e1rio, Miguel Rossetto, e a secret\u00e1ria Nacional da Juventude, Severine Macedo, tamb\u00e9m estiveram no evento. <\/p>\n<p>Na parte da manh\u00e3 os agricultores familiares aprovaram o documento final do Encontro que cont\u00e9m uma an\u00e1lise da agricultura catarinense, as necessidades do meio rural e propostas de pol\u00edticas p\u00fablicas para a agricultura familiar, entre elas a desburocratiza\u00e7\u00e3o do Cr\u00e9dito Fundi\u00e1rio, novos programas e cr\u00e9dito espec\u00edfico e diferenciado para a juventude e mulheres da agricultura familiar, cria\u00e7\u00e3o de uma nova Universidade Federal da Fronteira Sul no Estado e recursos para a habita\u00e7\u00e3o rural.<\/p>\n<p>O ministro Miguel Rossetto recebeu o documento e se comprometeu em repassar e discutir as propostas com a presidente Dilma Rousseff. \u201cAt\u00e9 pouco tempo atr\u00e1s a agricultura familiar n\u00e3o tinha voz e vez na sociedade e isso mudou. Este documento prova que as entidades e sindicatos est\u00e3o na luta para melhorar a vida no campo e que os agricultores est\u00e3o participando dos debates\u201d, salientou Rossetto.<\/p>\n<p>A Fetraf-Sul\/CUT, Cresol Central, Cresol Sicoper, Unicafes e Cooperhaf, promotoras do evento, homenagearam as personalidades e outras entidades ligadas \u00e0 agricultura familiar (cooperativas de produ\u00e7\u00e3o e cr\u00e9dito, sindicatos e organiza\u00e7\u00f5es) pelo empenho e contribui\u00e7\u00e3o com a luta da categoria e na conquista de pol\u00edticas p\u00fablicas. Severine Macedo, uma das homenageadas, lembrou emocionada que iniciou sua vida sindical como coordenadora do Coletivo de Jovens da FETRAF-SUL\/CUT e que mesmo atuando no governo Federal, ainda luta pela qualidade de vida no campo. \u201cA agricultura familiar continua sendo meu compromisso e est\u00e1 no meu cora\u00e7\u00e3o\u201d, finalizou a secret\u00e1ria Nacional da Juventude.<\/p>\n<p>Tamb\u00e9m participaram do evento a secret\u00e1ria de Comunica\u00e7\u00e3o da CUT Nacional, Rosane Bertotti, o coordenador da Fetraf-Brasil, Marcos Rochinski, o coordenador da Fetraf-Sul\/CUT, Rui Valen\u00e7a, representantes de universidades, prefeitos e vereadores.<\/p>\n<p>The post Encontro de agricultura re\u00fane 1500 pessoas appeared first on Economia SC.<\/p>\n<p>Via: <a href=\"http:\/\/economiasc.com.br\/1500-pessoas-participam-de-encontro-de-agricultura\/\" class=\"colorbox\" title=\"Encontro de agricultura re\u00fane 1500 pessoas\">economiasc.com.br<\/a><\/p>\n","protected":false},"excerpt":{"rendered":"<div class=\"ftpimagefix\" style=\"float:left\"><img decoding=\"async\" width=\"250\" alt=\"encontro fetraf\" src=\"http:\/\/economiasc.com.br\/wp-content\/uploads\/2014\/07\/encontro-fetraf-300x225.jpg\"><\/div>\n<p>Personalidades e entidades ligadas \u00e0 agricultura familiar foram homenagearam. Fotos: Divulga\u00e7\u00e3o<\/p>\n<p>Agricultores familiares, entidades, lideran\u00e7as sindicais e autoridades pol\u00edticas participaram nesta quinta-feira, dia 17, do Encontro Estadual da Agricultura Familiar de Santa Catarina no munic\u00edpio de Pinhalzinho. O ministro do Desenvolvimento Agr\u00e1rio, Miguel Rossetto, e a secret\u00e1ria Nacional da Juventude, Severine Macedo, tamb\u00e9m estiveram no evento. <\/p>\n<p>Na parte da manh\u00e3 os agricultores familiares aprovaram o documento final do Encontro que cont\u00e9m uma an\u00e1lise da agricultura catarinense, as necessidades do meio rural e propostas de pol\u00edticas p\u00fablicas para a agricultura familiar, entre elas a desburocratiza\u00e7\u00e3o do Cr\u00e9dito Fundi\u00e1rio, novos programas e cr\u00e9dito espec\u00edfico e diferenciado para a juventude e mulheres da agricultura familiar, cria\u00e7\u00e3o de uma nova Universidade Federal da Fronteira Sul no Estado e recursos para a habita\u00e7\u00e3o rural.<\/p>\n<p>O ministro Miguel Rossetto recebeu o documento e se comprometeu em repassar e discutir as propostas com a presidente Dilma Rousseff. \u201cAt\u00e9 pouco tempo atr\u00e1s a agricultura familiar n\u00e3o tinha voz e vez na sociedade e isso mudou. Este documento prova que as entidades e sindicatos est\u00e3o na luta para melhorar a vida no campo e que os agricultores est\u00e3o participando dos debates\u201d, salientou Rossetto.<\/p>\n<p>A Fetraf-Sul\/CUT, Cresol Central, Cresol Sicoper, Unicafes e Cooperhaf, promotoras do evento, homenagearam as personalidades e outras entidades ligadas \u00e0 agricultura familiar (cooperativas de produ\u00e7\u00e3o e cr\u00e9dito, sindicatos e organiza\u00e7\u00f5es) pelo empenho e contribui\u00e7\u00e3o com a luta da categoria e na conquista de pol\u00edticas p\u00fablicas. Severine Macedo, uma das homenageadas, lembrou emocionada que iniciou sua vida sindical como coordenadora do Coletivo de Jovens da FETRAF-SUL\/CUT e que mesmo atuando no governo Federal, ainda luta pela qualidade de vida no campo. \u201cA agricultura familiar continua sendo meu compromisso e est\u00e1 no meu cora\u00e7\u00e3o\u201d, finalizou a secret\u00e1ria Nacional da Juventude.<\/p>\n<p>Tamb\u00e9m participaram do evento a secret\u00e1ria de Comunica\u00e7\u00e3o da CUT Nacional, Rosane Bertotti, o coordenador da Fetraf-Brasil, Marcos Rochinski, o coordenador da Fetraf-Sul\/CUT, Rui Valen\u00e7a, representantes de universidades, prefeitos e vereadores.<\/p>\n<p>The post Encontro de agricultura re\u00fane 1500 pessoas appeared first on Economia SC.<\/p>\n","protected":false},"author":1,"featured_media":0,"comment_status":"open","ping_status":"open","sticky":false,"template":"","format":"standard","meta":{"footnotes":""},"categories":[5],"tags":[],"class_list":["post-2886","post","type-post","status-publish","format-standard","hentry","category-noticias","no-post-thumbnail"],"_links":{"self":[{"href":"https:\/\/www.cdlbc.com.br\/portal\/wp-json\/wp\/v2\/posts\/2886","targetHints":{"allow":["GET"]}}],"collection":[{"href":"https:\/\/www.cdlbc.com.br\/portal\/wp-json\/wp\/v2\/posts"}],"about":[{"href":"https:\/\/www.cdlbc.com.br\/portal\/wp-json\/wp\/v2\/types\/post"}],"author":[{"embeddable":true,"href":"https:\/\/www.cdlbc.com.br\/portal\/wp-json\/wp\/v2\/users\/1"}],"replies":[{"embeddable":true,"href":"https:\/\/www.cdlbc.com.br\/portal\/wp-json\/wp\/v2\/comments?post=2886"}],"version-history":[{"count":0,"href":"https:\/\/www.cdlbc.com.br\/portal\/wp-json\/wp\/v2\/posts\/2886\/revisions"}],"wp:attachment":[{"href":"https:\/\/www.cdlbc.com.br\/portal\/wp-json\/wp\/v2\/media?parent=2886"}],"wp:term":[{"taxonomy":"category","embeddable":true,"href":"https:\/\/www.cdlbc.com.br\/portal\/wp-json\/wp\/v2\/categories?post=2886"},{"taxonomy":"post_tag","embeddable":true,"href":"https:\/\/www.cdlbc.com.br\/portal\/wp-json\/wp\/v2\/tags?post=2886"}],"curies":[{"name":"wp","href":"https:\/\/api.w.org\/{rel}","templated":true}]}}