{"id":2881,"date":"2014-07-18T11:46:00","date_gmt":"2014-07-18T11:46:00","guid":{"rendered":"http:\/\/www.cdlbc.com.br\/portal\/noticias\/igp-m-recua-051-na-segunda-previa-de-julho\/"},"modified":"2014-07-18T11:46:00","modified_gmt":"2014-07-18T11:46:00","slug":"igp-m-recua-051-na-segunda-previa-de-julho","status":"publish","type":"post","link":"https:\/\/www.cdlbc.com.br\/portal\/noticias\/igp-m-recua-051-na-segunda-previa-de-julho\/","title":{"rendered":"IGP-M recua 0,51% na segunda pr\u00e9via de julho"},"content":{"rendered":"<div class=\"ftpimagefix\" style=\"float:left\"><img decoding=\"async\" width=\"250\" alt=\"No m\u00eas de junho, para o mesmo per\u00edodo de coleta, a varia\u00e7\u00e3o foi de -0,64%. Foto: Divulga\u00e7\u00e3o\" src=\"http:\/\/economiasc.com.br\/wp-content\/uploads\/2014\/07\/queda2-300x197.jpg\"><\/div>\n<p>No m\u00eas de junho, para o mesmo per\u00edodo de coleta, a varia\u00e7\u00e3o foi de -0,64%. Foto: Divulga\u00e7\u00e3o<\/p>\n<p>O \u00cdndice Geral de Pre\u00e7os \u2013 Mercado (IGP-M) registrou, na segunda pr\u00e9via de julho, varia\u00e7\u00e3o de -0,51%. No m\u00eas anterior, para o mesmo per\u00edodo de coleta, a varia\u00e7\u00e3o foi de -0,64%. O segundo dec\u00eandio do IGP-M compreende o intervalo entre os dias 21 do m\u00eas anterior e 10 do m\u00eas de refer\u00eancia. Os dados foram divulgados nesta sexta-feira, dia 18, pela Funda\u00e7\u00e3o Get\u00falio Vargas (FGV)<\/p>\n<p>O \u00cdndice de Pre\u00e7os ao Produtor Amplo (IPA) apresentou varia\u00e7\u00e3o de -0,94%, no segundo dec\u00eandio de julho. No mesmo per\u00edodo do m\u00eas anterior, a taxa foi de -1,33%. A taxa de varia\u00e7\u00e3o dos Bens Finais passou de -1,32% para -0,64%. A maior contribui\u00e7\u00e3o para este movimento teve origem no subgrupo alimentos in natura, cuja taxa passou de -12,00% para -6,91%.<\/p>\n<p>A taxa de varia\u00e7\u00e3o do grupo Bens Intermedi\u00e1rios passou de -0,38%, em junho, para -0,26%, em julho. O destaque coube ao subgrupo suprimentos, cuja taxa passou de -0,54% para 0,04%.<\/p>\n<p>O \u00edndice referente a Mat\u00e9rias-Primas Brutas registrou varia\u00e7\u00e3o de -2,11%. No m\u00eas anterior, a taxa foi de -2,47%. Os itens que mais contribu\u00edram para este movimento foram:caf\u00e9 (em gr\u00e3o) (-9,68% para -2,60%), mandioca (aipim) (-11,57% para 1,92%) e bovinos (-0,86% para 1,03%). Em sentido oposto, destacam-se: soja (em gr\u00e3o) (2,32% para -3,56%), min\u00e9rio de ferro (-4,47% para -6,29%)e milho (em gr\u00e3o) (-7,71% para -9,16%).<\/p>\n<p>O \u00cdndice de Pre\u00e7os ao Consumidor (IPC) registrou varia\u00e7\u00e3o de 0,14%, no segundo dec\u00eandio de julho, ante 0,28%, no mesmo per\u00edodo do m\u00eas anterior. Sete das oito classes de despesa componentes do \u00edndice registraram decr\u00e9scimo em suas taxas de varia\u00e7\u00e3o. A principal contribui\u00e7\u00e3o partiu do grupo Vestu\u00e1rio (0,44% para -0,49%). Nesta classe de despesa, cabe mencionar o item roupas, cuja taxa passou de 0,47% para -0,96%.<\/p>\n<p>Tamb\u00e9m foram computados decr\u00e9scimos nas taxas de varia\u00e7\u00e3o dos grupos: Educa\u00e7\u00e3o, Leitura e Recrea\u00e7\u00e3o (0,52% para 0,17%);  Habita\u00e7\u00e3o(0,46% para 0,37%); Transportes (0,18% para 0,07%); Despesas Diversas (0,94% para 0,25%); Comunica\u00e7\u00e3o (0,14% para 0,08%); e Sa\u00fade e Cuidados Pessoais (0,53% para 0,50%).<\/p>\n<p>As maiores contribui\u00e7\u00f5es para estes movimentos partiram dos itens: passagem a\u00e9rea (4,83% para -2,69%), taxa de \u00e1gua e esgoto residencial (0,58% para -0,38%), tarifa de \u00f4nibus urbano (0,23% para -0,20%), jogo lot\u00e9rico (6,44% para 0,00%), pacotes de telefonia fixa e internet (0,32% para 0,01%) e medicamentos em geral (0,21% para 0,01%), respectivamente.<\/p>\n<p>O grupo Alimenta\u00e7\u00e3o repetiu a taxa de varia\u00e7\u00e3o registrada na \u00faltima apura\u00e7\u00e3o: -0,10%. Entre as influ\u00eancias de sentido ascendente, destaca-se o item frutas (-3,59% para -1,22%); entre as descendentes, carnes bovinas (0,98% para -0,45%).<\/p>\n<p>O \u00cdndice Nacional de Custo da Constru\u00e7\u00e3o (INCC) apresentou, no segundo dec\u00eandio de julho, varia\u00e7\u00e3o de 0,67%. No segundo dec\u00eandio de junho, a taxa foi de 1,67%. O \u00edndice relativo a Materiais, Equipamentos e Servi\u00e7os registrou varia\u00e7\u00e3o de 0,42%. No m\u00eas anterior, a taxa foi de 0,49%. O \u00edndice que representa o custo da M\u00e3o de Obra registrou varia\u00e7\u00e3o de 0,89%. No m\u00eas anterior, este \u00edndice variou 2,75%. <strong>(FGV\/Ibre)<\/strong><\/p>\n<p>The post IGP-M recua 0,51% na segunda pr\u00e9via de julho appeared first on Economia SC.<\/p>\n<p>Via: <a href=\"http:\/\/economiasc.com.br\/igp-m-recua-051-na-segunda-previa-de-julho\/\" class=\"colorbox\" title=\"IGP-M recua 0,51% na segunda pr\u00e9via de julho\">economiasc.com.br<\/a><\/p>\n","protected":false},"excerpt":{"rendered":"<div class=\"ftpimagefix\" style=\"float:left\"><img decoding=\"async\" width=\"250\" alt=\"No m\u00eas de junho, para o mesmo per\u00edodo de coleta, a varia\u00e7\u00e3o foi de -0,64%. Foto: Divulga\u00e7\u00e3o\" src=\"http:\/\/economiasc.com.br\/wp-content\/uploads\/2014\/07\/queda2-300x197.jpg\"><\/div>\n<p>No m\u00eas de junho, para o mesmo per\u00edodo de coleta, a varia\u00e7\u00e3o foi de -0,64%. Foto: Divulga\u00e7\u00e3o<\/p>\n<p>O \u00cdndice Geral de Pre\u00e7os \u2013 Mercado (IGP-M) registrou, na segunda pr\u00e9via de julho, varia\u00e7\u00e3o de -0,51%. No m\u00eas anterior, para o mesmo per\u00edodo de coleta, a varia\u00e7\u00e3o foi de -0,64%. O segundo dec\u00eandio do IGP-M compreende o intervalo entre os dias 21 do m\u00eas anterior e 10 do m\u00eas de refer\u00eancia. Os dados foram divulgados nesta sexta-feira, dia 18, pela Funda\u00e7\u00e3o Get\u00falio Vargas (FGV)<\/p>\n<p>O \u00cdndice de Pre\u00e7os ao Produtor Amplo (IPA) apresentou varia\u00e7\u00e3o de -0,94%, no segundo dec\u00eandio de julho. No mesmo per\u00edodo do m\u00eas anterior, a taxa foi de -1,33%. A taxa de varia\u00e7\u00e3o dos Bens Finais passou de -1,32% para -0,64%. A maior contribui\u00e7\u00e3o para este movimento teve origem no subgrupo alimentos in natura, cuja taxa passou de -12,00% para -6,91%.<\/p>\n<p>A taxa de varia\u00e7\u00e3o do grupo Bens Intermedi\u00e1rios passou de -0,38%, em junho, para -0,26%, em julho. O destaque coube ao subgrupo suprimentos, cuja taxa passou de -0,54% para 0,04%.<\/p>\n<p>O \u00edndice referente a Mat\u00e9rias-Primas Brutas registrou varia\u00e7\u00e3o de -2,11%. No m\u00eas anterior, a taxa foi de -2,47%. Os itens que mais contribu\u00edram para este movimento foram:caf\u00e9 (em gr\u00e3o) (-9,68% para -2,60%), mandioca (aipim) (-11,57% para 1,92%) e bovinos (-0,86% para 1,03%). Em sentido oposto, destacam-se: soja (em gr\u00e3o) (2,32% para -3,56%), min\u00e9rio de ferro (-4,47% para -6,29%)e milho (em gr\u00e3o) (-7,71% para -9,16%).<\/p>\n<p>O \u00cdndice de Pre\u00e7os ao Consumidor (IPC) registrou varia\u00e7\u00e3o de 0,14%, no segundo dec\u00eandio de julho, ante 0,28%, no mesmo per\u00edodo do m\u00eas anterior. Sete das oito classes de despesa componentes do \u00edndice registraram decr\u00e9scimo em suas taxas de varia\u00e7\u00e3o. A principal contribui\u00e7\u00e3o partiu do grupo Vestu\u00e1rio (0,44% para -0,49%). Nesta classe de despesa, cabe mencionar o item roupas, cuja taxa passou de 0,47% para -0,96%.<\/p>\n<p>Tamb\u00e9m foram computados decr\u00e9scimos nas taxas de varia\u00e7\u00e3o dos grupos: Educa\u00e7\u00e3o, Leitura e Recrea\u00e7\u00e3o (0,52% para 0,17%);  Habita\u00e7\u00e3o(0,46% para 0,37%); Transportes (0,18% para 0,07%); Despesas Diversas (0,94% para 0,25%); Comunica\u00e7\u00e3o (0,14% para 0,08%); e Sa\u00fade e Cuidados Pessoais (0,53% para 0,50%).<\/p>\n<p>As maiores contribui\u00e7\u00f5es para estes movimentos partiram dos itens: passagem a\u00e9rea (4,83% para -2,69%), taxa de \u00e1gua e esgoto residencial (0,58% para -0,38%), tarifa de \u00f4nibus urbano (0,23% para -0,20%), jogo lot\u00e9rico (6,44% para 0,00%), pacotes de telefonia fixa e internet (0,32% para 0,01%) e medicamentos em geral (0,21% para 0,01%), respectivamente.<\/p>\n<p>O grupo Alimenta\u00e7\u00e3o repetiu a taxa de varia\u00e7\u00e3o registrada na \u00faltima apura\u00e7\u00e3o: -0,10%. Entre as influ\u00eancias de sentido ascendente, destaca-se o item frutas (-3,59% para -1,22%); entre as descendentes, carnes bovinas (0,98% para -0,45%).<\/p>\n<p>O \u00cdndice Nacional de Custo da Constru\u00e7\u00e3o (INCC) apresentou, no segundo dec\u00eandio de julho, varia\u00e7\u00e3o de 0,67%. No segundo dec\u00eandio de junho, a taxa foi de 1,67%. O \u00edndice relativo a Materiais, Equipamentos e Servi\u00e7os registrou varia\u00e7\u00e3o de 0,42%. No m\u00eas anterior, a taxa foi de 0,49%. O \u00edndice que representa o custo da M\u00e3o de Obra registrou varia\u00e7\u00e3o de 0,89%. No m\u00eas anterior, este \u00edndice variou 2,75%. <strong>(FGV\/Ibre)<\/strong><\/p>\n<p>The post IGP-M recua 0,51% na segunda pr\u00e9via de julho appeared first on Economia SC.<\/p>\n","protected":false},"author":1,"featured_media":0,"comment_status":"open","ping_status":"open","sticky":false,"template":"","format":"standard","meta":{"footnotes":""},"categories":[5],"tags":[],"class_list":["post-2881","post","type-post","status-publish","format-standard","hentry","category-noticias","no-post-thumbnail"],"_links":{"self":[{"href":"https:\/\/www.cdlbc.com.br\/portal\/wp-json\/wp\/v2\/posts\/2881","targetHints":{"allow":["GET"]}}],"collection":[{"href":"https:\/\/www.cdlbc.com.br\/portal\/wp-json\/wp\/v2\/posts"}],"about":[{"href":"https:\/\/www.cdlbc.com.br\/portal\/wp-json\/wp\/v2\/types\/post"}],"author":[{"embeddable":true,"href":"https:\/\/www.cdlbc.com.br\/portal\/wp-json\/wp\/v2\/users\/1"}],"replies":[{"embeddable":true,"href":"https:\/\/www.cdlbc.com.br\/portal\/wp-json\/wp\/v2\/comments?post=2881"}],"version-history":[{"count":0,"href":"https:\/\/www.cdlbc.com.br\/portal\/wp-json\/wp\/v2\/posts\/2881\/revisions"}],"wp:attachment":[{"href":"https:\/\/www.cdlbc.com.br\/portal\/wp-json\/wp\/v2\/media?parent=2881"}],"wp:term":[{"taxonomy":"category","embeddable":true,"href":"https:\/\/www.cdlbc.com.br\/portal\/wp-json\/wp\/v2\/categories?post=2881"},{"taxonomy":"post_tag","embeddable":true,"href":"https:\/\/www.cdlbc.com.br\/portal\/wp-json\/wp\/v2\/tags?post=2881"}],"curies":[{"name":"wp","href":"https:\/\/api.w.org\/{rel}","templated":true}]}}