{"id":2879,"date":"2014-07-17T23:57:00","date_gmt":"2014-07-17T23:57:00","guid":{"rendered":"http:\/\/www.cdlbc.com.br\/portal\/noticias\/presidenciavel-diz-que-pais-vive-estagflacao\/"},"modified":"2014-07-17T23:57:00","modified_gmt":"2014-07-17T23:57:00","slug":"presidenciavel-diz-que-pais-vive-estagflacao","status":"publish","type":"post","link":"https:\/\/www.cdlbc.com.br\/portal\/noticias\/presidenciavel-diz-que-pais-vive-estagflacao\/","title":{"rendered":"Presidenci\u00e1vel diz que pa\u00eds vive \u2018estagfla\u00e7\u00e3o\u2019"},"content":{"rendered":"<div class=\"ftpimagefix\" style=\"float:left\"><img decoding=\"async\" width=\"250\" alt=\"Candidato a presidente, senador A\u00e9cio Neves, d\u00e1 entrevista coletiva em Florian\u00f3polis. Foto: Divulga\u00e7\u00e3o \" src=\"http:\/\/economiasc.com.br\/wp-content\/uploads\/2014\/07\/A%C3%A9cio-Neves-Coletiva-17_07-300x199.jpg\"><\/div>\n<p>Candidato a presidente, senador A\u00e9cio Neves, d\u00e1 entrevista coletiva em Florian\u00f3polis. Foto: Divulga\u00e7\u00e3o<\/p>\n<p><strong>Giovana Kindlein<\/strong><\/p>\n<p>O candidato do PSDB \u00e0 presid\u00eancia da Rep\u00fablica, senador A\u00e9cio Neves, disse nesta quinta-feira, dia 17, em Florian\u00f3polis, que \u201co pa\u00eds  vive o pior dos cen\u00e1rios, o cen\u00e1rio de \u2018estagfla\u00e7\u00e3o&#8217;, a estagna\u00e7\u00e3o do crescimento. Estamos crescendo este ano apenas 1%, o menor crescimento em toda a nossa regi\u00e3o, em toda a Am\u00e9rica Latina, com a infla\u00e7\u00e3o j\u00e1 estourando o teto da meta\u201d.<\/p>\n<p>Este cen\u00e1rio, segundo ele,  traz um clima de des\u00e2nimo para aqueles que devem empreender. Ap\u00f3s coletiva de imprensa, A\u00e9cio Neves visitou a Feira do Empreendedor,  que abriu hoje e segue at\u00e9 domingo, dia 20, e participou do lan\u00e7amento da candidatura de Paulo Bauer ao governo de Santa Catarina. <\/p>\n<p>O candidato a presidente criticou a pol\u00edtica econ\u00f4mica da presidente Dilma: \u201cNo momento em que se olha para o futuro e n\u00e3o se enxerga neste governo capacidade de fazer o pa\u00eds voltar a crescer, fortalecer a nossa ind\u00fastria, garantindo a presen\u00e7a das nossas ind\u00fastrias brasileiras em cadeias globais de produ\u00e7\u00e3o, todos retraem os seus investimentos\u201d.<\/p>\n<p>Na coletiva, A\u00e9cio Neves defendeu um sistema tribut\u00e1rio simplificado. \u201cUm sistema tribut\u00e1rio que estimule o empreendedor e que \u201cpermita uma maior competitividade \u00e0queles que empreendem e produzem no Brasil\u201d. Disse tamb\u00e9m que \u201co Brasil vai viver um choque de infraestrutura \u00e9 exatamente para criar condi\u00e7\u00f5es para que os setores competitivos da nossa economia possam cada vez avan\u00e7arem novos mercados, sejam internos, ou mesmo fora do Brasil como vem acontecendo\u201d.<\/p>\n<\/p>\n<\/p>\n<\/p>\n<p>The post Presidenci\u00e1vel diz que pa\u00eds vive \u2018estagfla\u00e7\u00e3o&#8217; appeared first on Economia SC.<\/p>\n<p>Via: <a href=\"http:\/\/economiasc.com.br\/presidenciavel-diz-que-pais-vive-estagflacao\/\" class=\"colorbox\" title=\"Presidenci\u00e1vel diz que pa\u00eds vive \u2018estagfla\u00e7\u00e3o\u2019\">economiasc.com.br<\/a><\/p>\n","protected":false},"excerpt":{"rendered":"<div class=\"ftpimagefix\" style=\"float:left\"><img decoding=\"async\" width=\"250\" alt=\"Candidato a presidente, senador A\u00e9cio Neves, d\u00e1 entrevista coletiva em Florian\u00f3polis. Foto: Divulga\u00e7\u00e3o \" src=\"http:\/\/economiasc.com.br\/wp-content\/uploads\/2014\/07\/A%C3%A9cio-Neves-Coletiva-17_07-300x199.jpg\"><\/div>\n<p>Candidato a presidente, senador A\u00e9cio Neves, d\u00e1 entrevista coletiva em Florian\u00f3polis. Foto: Divulga\u00e7\u00e3o<\/p>\n<p><strong>Giovana Kindlein<\/strong><\/p>\n<p>O candidato do PSDB \u00e0 presid\u00eancia da Rep\u00fablica, senador A\u00e9cio Neves, disse nesta quinta-feira, dia 17, em Florian\u00f3polis, que \u201co pa\u00eds  vive o pior dos cen\u00e1rios, o cen\u00e1rio de \u2018estagfla\u00e7\u00e3o&#8217;, a estagna\u00e7\u00e3o do crescimento. Estamos crescendo este ano apenas 1%, o menor crescimento em toda a nossa regi\u00e3o, em toda a Am\u00e9rica Latina, com a infla\u00e7\u00e3o j\u00e1 estourando o teto da meta\u201d.<\/p>\n<p>Este cen\u00e1rio, segundo ele,  traz um clima de des\u00e2nimo para aqueles que devem empreender. Ap\u00f3s coletiva de imprensa, A\u00e9cio Neves visitou a Feira do Empreendedor,  que abriu hoje e segue at\u00e9 domingo, dia 20, e participou do lan\u00e7amento da candidatura de Paulo Bauer ao governo de Santa Catarina. <\/p>\n<p>O candidato a presidente criticou a pol\u00edtica econ\u00f4mica da presidente Dilma: \u201cNo momento em que se olha para o futuro e n\u00e3o se enxerga neste governo capacidade de fazer o pa\u00eds voltar a crescer, fortalecer a nossa ind\u00fastria, garantindo a presen\u00e7a das nossas ind\u00fastrias brasileiras em cadeias globais de produ\u00e7\u00e3o, todos retraem os seus investimentos\u201d.<\/p>\n<p>Na coletiva, A\u00e9cio Neves defendeu um sistema tribut\u00e1rio simplificado. \u201cUm sistema tribut\u00e1rio que estimule o empreendedor e que \u201cpermita uma maior competitividade \u00e0queles que empreendem e produzem no Brasil\u201d. Disse tamb\u00e9m que \u201co Brasil vai viver um choque de infraestrutura \u00e9 exatamente para criar condi\u00e7\u00f5es para que os setores competitivos da nossa economia possam cada vez avan\u00e7arem novos mercados, sejam internos, ou mesmo fora do Brasil como vem acontecendo\u201d.<\/p>\n<\/p>\n<\/p>\n<\/p>\n<p>The post Presidenci\u00e1vel diz que pa\u00eds vive \u2018estagfla\u00e7\u00e3o&#8217; appeared first on Economia SC.<\/p>\n","protected":false},"author":1,"featured_media":0,"comment_status":"open","ping_status":"open","sticky":false,"template":"","format":"standard","meta":{"footnotes":""},"categories":[5],"tags":[],"class_list":["post-2879","post","type-post","status-publish","format-standard","hentry","category-noticias","no-post-thumbnail"],"_links":{"self":[{"href":"https:\/\/www.cdlbc.com.br\/portal\/wp-json\/wp\/v2\/posts\/2879","targetHints":{"allow":["GET"]}}],"collection":[{"href":"https:\/\/www.cdlbc.com.br\/portal\/wp-json\/wp\/v2\/posts"}],"about":[{"href":"https:\/\/www.cdlbc.com.br\/portal\/wp-json\/wp\/v2\/types\/post"}],"author":[{"embeddable":true,"href":"https:\/\/www.cdlbc.com.br\/portal\/wp-json\/wp\/v2\/users\/1"}],"replies":[{"embeddable":true,"href":"https:\/\/www.cdlbc.com.br\/portal\/wp-json\/wp\/v2\/comments?post=2879"}],"version-history":[{"count":0,"href":"https:\/\/www.cdlbc.com.br\/portal\/wp-json\/wp\/v2\/posts\/2879\/revisions"}],"wp:attachment":[{"href":"https:\/\/www.cdlbc.com.br\/portal\/wp-json\/wp\/v2\/media?parent=2879"}],"wp:term":[{"taxonomy":"category","embeddable":true,"href":"https:\/\/www.cdlbc.com.br\/portal\/wp-json\/wp\/v2\/categories?post=2879"},{"taxonomy":"post_tag","embeddable":true,"href":"https:\/\/www.cdlbc.com.br\/portal\/wp-json\/wp\/v2\/tags?post=2879"}],"curies":[{"name":"wp","href":"https:\/\/api.w.org\/{rel}","templated":true}]}}