{"id":2877,"date":"2014-07-17T20:07:00","date_gmt":"2014-07-17T20:07:00","guid":{"rendered":"http:\/\/www.cdlbc.com.br\/portal\/noticias\/empresa-chinesa-sany-confirma-fabrica-em-jacarei\/"},"modified":"2014-07-17T20:07:00","modified_gmt":"2014-07-17T20:07:00","slug":"empresa-chinesa-sany-confirma-fabrica-em-jacarei","status":"publish","type":"post","link":"https:\/\/www.cdlbc.com.br\/portal\/noticias\/empresa-chinesa-sany-confirma-fabrica-em-jacarei\/","title":{"rendered":"Empresa chinesa Sany confirma f\u00e1brica em Jacare\u00ed"},"content":{"rendered":"<div class=\"ftpimagefix\" style=\"float:left\"><img decoding=\"async\" width=\"250\" alt=\"sany group\" src=\"http:\/\/economiasc.com.br\/wp-content\/uploads\/2014\/07\/sany-group-300x199.jpg\"><\/div>\n<p>Empresa de m\u00e1quinas de constru\u00e7\u00e3o deve investir US$300 milh\u00f5es em nova planta. Foto: Divulga\u00e7\u00e3o<\/p>\n<p>Com o acordo assinado pelo presidente mundial do Grupo Sany, Liang Wengen, a empresa compromete-se a dar continuidade a seu investimento de US$ 100 milh\u00f5es na constru\u00e7\u00e3o de uma f\u00e1brica de m\u00e1quinas e equipamentos para constru\u00e7\u00e3o civil. Este empreendimento recebe apoio da Investe S\u00e3o Paulo desde 2009, tanto em quest\u00f5es de licenciamento ambiental, legisla\u00e7\u00e3o tribut\u00e1ria e apoio na localiza\u00e7\u00e3o de \u00e1rea para o projeto.<\/p>\n<p>Atualmente, a empresa realiza montagem de produtos em regime CKD (<em>Complete Knock Down<\/em> \u2013 com todos os componentes importados) em galp\u00e3o alugado em S\u00e3o Jos\u00e9 dos Campos. Desde sua inaugura\u00e7\u00e3o, em 2011, essa f\u00e1brica cresceu, aumentando o estoque de pe\u00e7as e da \u00e1rea \u00fatil de 800 m\u00b2 para 3.300 m\u00b2. Somando-se aos valores que ser\u00e3o investidos em Jacare\u00ed, os recursos da Sany aplicados no Brasil chegar\u00e3o a US$ 300 milh\u00f5es.<\/p>\n<p>Com a nova planta, alguns dos itens mais consumidos pelo mercado brasileiro ter\u00e3o sua produ\u00e7\u00e3o nacionalizada, como guindastes, escavadeiras e equipamentos portu\u00e1rios. Uma das metas da empresa \u00e9 fabricar no Brasil toda a linha de escavadeiras at\u00e9 2016. Para isso, foi adquirido um terreno de 560 mil m\u00b2, que dever\u00e1 abrigar uma \u00e1rea constru\u00edda de 50 mil m\u00b2 na primeira fase do projeto e 250 mil m\u00b2 at\u00e9 2020.<\/p>\n<p>\u201c\u00c9 um grande orgulho para n\u00f3s acompanhar desde o in\u00edcio a evolu\u00e7\u00e3o de um projeto t\u00e3o importante para S\u00e3o Paulo. Competimos com outros estados e estamos trabalhando muito, mas sabemos que a infraestrutura log\u00edstica do Estado e do Vale do Para\u00edba foram fundamentais para a confirma\u00e7\u00e3o do investimento em Jacare\u00ed\u201d, disse o presidente da Investe SP, Luciano Almeida.<\/p>\n<p>Para o prefeito de Jacare\u00ed, Hamilton Ribeiro Mota, a atra\u00e7\u00e3o de importantes investimentos para o munic\u00edpio como a instala\u00e7\u00e3o da Sany \u00e9 resultado de v\u00e1rias a\u00e7\u00f5es que come\u00e7aram em 2003 com a aprova\u00e7\u00e3o do Plano Diretor e, mais recentemente, com a moderniza\u00e7\u00e3o da Lei de Incentivos. \u201cTemos uma localiza\u00e7\u00e3o estrat\u00e9gica e facilidades log\u00edsticas, bem como investimentos em infraestrutura e na forma\u00e7\u00e3o de m\u00e3o de obra qualificada. Para Jacare\u00ed \u00e9 muito importante atrair novas plantas e garantir mais qualidade de vida para a popula\u00e7\u00e3o, com a gera\u00e7\u00e3o de novos empregos e melhoria nos servi\u00e7os prestados aos jacareienses.\u201d<\/p>\n<p>A Sany pretende iniciar a produ\u00e7\u00e3o da nova f\u00e1brica j\u00e1 em 2015 e deve chegar a 1.000 postos de trabalho quando a f\u00e1brica estiver em plena produ\u00e7\u00e3o. A empresa tamb\u00e9m vai investir em pesquisa e desenvolvimento para criar um modelo de retroescavadeira espec\u00edfico para o mercado brasileiro, que ainda n\u00e3o faz parte de seu portf\u00f3lio, e adaptar outros j\u00e1 existentes \u00e0s demandas internas do Pa\u00eds.<\/p>\n<p>Al\u00e9m do Brasil, a inten\u00e7\u00e3o da Sany em fase mais avan\u00e7ada do projeto \u00e9 atender tamb\u00e9m outros pa\u00edses da Am\u00e9rica Latina e alguns mercados da \u00c1frica.<\/p>\n<p>Em 2010, o CEO chin\u00eas da empresa na \u00e9poca, Xiang Wembo e o ent\u00e3o vice-governador Alberto Goldman j\u00e1 haviam assinado um memorando de entendimentos sinalizando a vinda da empresa para o Estado de S\u00e3o Paulo. Devido a retra\u00e7\u00e3o da economia mundial a empresa optou por postergar o investimento para 2014.<\/p>\n<p>Propriedade do grupo Sany, a Sany Heavy Industries foi fundada em 1994, com sede em Changsha, na China. Desde sua cria\u00e7\u00e3o, a empresa tem crescido em uma taxa anual de 50%.  A marca est\u00e1 envolvida em todos os aspectos da f\u00e1brica de m\u00e1quinas de constru\u00e7\u00e3o, com um portf\u00f3lio de 25 categorias e mais de 120 tipos de produtos.<\/p>\n<p>The post Empresa chinesa Sany confirma f\u00e1brica em Jacare\u00ed appeared first on Economia SC.<\/p>\n<p>Via: <a href=\"http:\/\/economiasc.com.br\/empresa-chinesa-sany-confirma-fabrica-em-jacarei\/\" class=\"colorbox\" title=\"Empresa chinesa Sany confirma f\u00e1brica em Jacare\u00ed\">economiasc.com.br<\/a><\/p>\n","protected":false},"excerpt":{"rendered":"<div class=\"ftpimagefix\" style=\"float:left\"><img decoding=\"async\" width=\"250\" alt=\"sany group\" src=\"http:\/\/economiasc.com.br\/wp-content\/uploads\/2014\/07\/sany-group-300x199.jpg\"><\/div>\n<p>Empresa de m\u00e1quinas de constru\u00e7\u00e3o deve investir US$300 milh\u00f5es em nova planta. Foto: Divulga\u00e7\u00e3o<\/p>\n<p>Com o acordo assinado pelo presidente mundial do Grupo Sany, Liang Wengen, a empresa compromete-se a dar continuidade a seu investimento de US$ 100 milh\u00f5es na constru\u00e7\u00e3o de uma f\u00e1brica de m\u00e1quinas e equipamentos para constru\u00e7\u00e3o civil. Este empreendimento recebe apoio da Investe S\u00e3o Paulo desde 2009, tanto em quest\u00f5es de licenciamento ambiental, legisla\u00e7\u00e3o tribut\u00e1ria e apoio na localiza\u00e7\u00e3o de \u00e1rea para o projeto.<\/p>\n<p>Atualmente, a empresa realiza montagem de produtos em regime CKD (<em>Complete Knock Down<\/em> \u2013 com todos os componentes importados) em galp\u00e3o alugado em S\u00e3o Jos\u00e9 dos Campos. Desde sua inaugura\u00e7\u00e3o, em 2011, essa f\u00e1brica cresceu, aumentando o estoque de pe\u00e7as e da \u00e1rea \u00fatil de 800 m\u00b2 para 3.300 m\u00b2. Somando-se aos valores que ser\u00e3o investidos em Jacare\u00ed, os recursos da Sany aplicados no Brasil chegar\u00e3o a US$ 300 milh\u00f5es.<\/p>\n<p>Com a nova planta, alguns dos itens mais consumidos pelo mercado brasileiro ter\u00e3o sua produ\u00e7\u00e3o nacionalizada, como guindastes, escavadeiras e equipamentos portu\u00e1rios. Uma das metas da empresa \u00e9 fabricar no Brasil toda a linha de escavadeiras at\u00e9 2016. Para isso, foi adquirido um terreno de 560 mil m\u00b2, que dever\u00e1 abrigar uma \u00e1rea constru\u00edda de 50 mil m\u00b2 na primeira fase do projeto e 250 mil m\u00b2 at\u00e9 2020.<\/p>\n<p>\u201c\u00c9 um grande orgulho para n\u00f3s acompanhar desde o in\u00edcio a evolu\u00e7\u00e3o de um projeto t\u00e3o importante para S\u00e3o Paulo. Competimos com outros estados e estamos trabalhando muito, mas sabemos que a infraestrutura log\u00edstica do Estado e do Vale do Para\u00edba foram fundamentais para a confirma\u00e7\u00e3o do investimento em Jacare\u00ed\u201d, disse o presidente da Investe SP, Luciano Almeida.<\/p>\n<p>Para o prefeito de Jacare\u00ed, Hamilton Ribeiro Mota, a atra\u00e7\u00e3o de importantes investimentos para o munic\u00edpio como a instala\u00e7\u00e3o da Sany \u00e9 resultado de v\u00e1rias a\u00e7\u00f5es que come\u00e7aram em 2003 com a aprova\u00e7\u00e3o do Plano Diretor e, mais recentemente, com a moderniza\u00e7\u00e3o da Lei de Incentivos. \u201cTemos uma localiza\u00e7\u00e3o estrat\u00e9gica e facilidades log\u00edsticas, bem como investimentos em infraestrutura e na forma\u00e7\u00e3o de m\u00e3o de obra qualificada. Para Jacare\u00ed \u00e9 muito importante atrair novas plantas e garantir mais qualidade de vida para a popula\u00e7\u00e3o, com a gera\u00e7\u00e3o de novos empregos e melhoria nos servi\u00e7os prestados aos jacareienses.\u201d<\/p>\n<p>A Sany pretende iniciar a produ\u00e7\u00e3o da nova f\u00e1brica j\u00e1 em 2015 e deve chegar a 1.000 postos de trabalho quando a f\u00e1brica estiver em plena produ\u00e7\u00e3o. A empresa tamb\u00e9m vai investir em pesquisa e desenvolvimento para criar um modelo de retroescavadeira espec\u00edfico para o mercado brasileiro, que ainda n\u00e3o faz parte de seu portf\u00f3lio, e adaptar outros j\u00e1 existentes \u00e0s demandas internas do Pa\u00eds.<\/p>\n<p>Al\u00e9m do Brasil, a inten\u00e7\u00e3o da Sany em fase mais avan\u00e7ada do projeto \u00e9 atender tamb\u00e9m outros pa\u00edses da Am\u00e9rica Latina e alguns mercados da \u00c1frica.<\/p>\n<p>Em 2010, o CEO chin\u00eas da empresa na \u00e9poca, Xiang Wembo e o ent\u00e3o vice-governador Alberto Goldman j\u00e1 haviam assinado um memorando de entendimentos sinalizando a vinda da empresa para o Estado de S\u00e3o Paulo. Devido a retra\u00e7\u00e3o da economia mundial a empresa optou por postergar o investimento para 2014.<\/p>\n<p>Propriedade do grupo Sany, a Sany Heavy Industries foi fundada em 1994, com sede em Changsha, na China. Desde sua cria\u00e7\u00e3o, a empresa tem crescido em uma taxa anual de 50%.  A marca est\u00e1 envolvida em todos os aspectos da f\u00e1brica de m\u00e1quinas de constru\u00e7\u00e3o, com um portf\u00f3lio de 25 categorias e mais de 120 tipos de produtos.<\/p>\n<p>The post Empresa chinesa Sany confirma f\u00e1brica em Jacare\u00ed appeared first on Economia SC.<\/p>\n","protected":false},"author":1,"featured_media":0,"comment_status":"open","ping_status":"open","sticky":false,"template":"","format":"standard","meta":{"footnotes":""},"categories":[5],"tags":[],"class_list":["post-2877","post","type-post","status-publish","format-standard","hentry","category-noticias","no-post-thumbnail"],"_links":{"self":[{"href":"https:\/\/www.cdlbc.com.br\/portal\/wp-json\/wp\/v2\/posts\/2877","targetHints":{"allow":["GET"]}}],"collection":[{"href":"https:\/\/www.cdlbc.com.br\/portal\/wp-json\/wp\/v2\/posts"}],"about":[{"href":"https:\/\/www.cdlbc.com.br\/portal\/wp-json\/wp\/v2\/types\/post"}],"author":[{"embeddable":true,"href":"https:\/\/www.cdlbc.com.br\/portal\/wp-json\/wp\/v2\/users\/1"}],"replies":[{"embeddable":true,"href":"https:\/\/www.cdlbc.com.br\/portal\/wp-json\/wp\/v2\/comments?post=2877"}],"version-history":[{"count":0,"href":"https:\/\/www.cdlbc.com.br\/portal\/wp-json\/wp\/v2\/posts\/2877\/revisions"}],"wp:attachment":[{"href":"https:\/\/www.cdlbc.com.br\/portal\/wp-json\/wp\/v2\/media?parent=2877"}],"wp:term":[{"taxonomy":"category","embeddable":true,"href":"https:\/\/www.cdlbc.com.br\/portal\/wp-json\/wp\/v2\/categories?post=2877"},{"taxonomy":"post_tag","embeddable":true,"href":"https:\/\/www.cdlbc.com.br\/portal\/wp-json\/wp\/v2\/tags?post=2877"}],"curies":[{"name":"wp","href":"https:\/\/api.w.org\/{rel}","templated":true}]}}