{"id":2873,"date":"2014-07-17T18:29:00","date_gmt":"2014-07-17T18:29:00","guid":{"rendered":"http:\/\/www.cdlbc.com.br\/portal\/noticias\/brasileiro-consumiu-menos-a-prazo-durante-a-copa\/"},"modified":"2014-07-17T18:29:00","modified_gmt":"2014-07-17T18:29:00","slug":"brasileiro-consumiu-menos-a-prazo-durante-a-copa","status":"publish","type":"post","link":"https:\/\/www.cdlbc.com.br\/portal\/noticias\/brasileiro-consumiu-menos-a-prazo-durante-a-copa\/","title":{"rendered":"Brasileiro consumiu menos a prazo durante a Copa"},"content":{"rendered":"<div class=\"ftpimagefix\" style=\"float:left\"><img decoding=\"async\" width=\"250\" alt=\"Com\u00e9rcio - Pesquisa Feco\u00e9rcio\" src=\"http:\/\/economiasc.com.br\/wp-content\/uploads\/2014\/07\/Com%C3%A9rcio-Pesquisa-Feco%C3%A9rcio1-300x178.jpg\"><\/div>\n<p>Indicador de vendas calculado pelo SPC aponta queda de 7,56% durante o mundial. Foto: Divulga\u00e7\u00e3o<\/p>\n<p>As consultas para vendas a prazo, que sinalizam o ritmo de atividade do com\u00e9rcio, ca\u00edram 7,56% durante os 30 dias de realiza\u00e7\u00e3o da Copa do Mundo em rela\u00e7\u00e3o ao mesmo per\u00edodo de 2013. Na compara\u00e7\u00e3o mensal, a queda foi de 6,94%, segundo levantamento do Servi\u00e7o de Prote\u00e7\u00e3o ao Cr\u00e9dito (SPC Brasil) e da Confedera\u00e7\u00e3o Nacional de Dirigentes Lojistas (CNDL).<\/p>\n<p>Na avalia\u00e7\u00e3o do presidente da CNDL, Roque Pellizaro Junior, a Copa do Mundo atraiu investimentos em infraestrutura e turistas de v\u00e1rias partes do mundo, mas n\u00e3o trouxe resultados positivos para as vendas no com\u00e9rcio. Uma das principais raz\u00f5es \u00e9 a transfer\u00eancia dos gastos dos consumidores para as \u00e1reas de alimentos e bebidas, como restaurantes, supermercados e bares, setores em que os t\u00edquetes m\u00e9dios s\u00e3o mais baixos e geralmente pagos a vista.<\/p>\n<p>\u201cO mundial impulsionou a economia de modo muito concentrado. Enquanto alguns setores do com\u00e9rcio e servi\u00e7os lucraram com o aumento da procura, outros como os de bens de maior valor agregado sofreram com a queda da demanda\u201d. explica Pellizaro Junior.<\/p>\n<p>Al\u00e9m do cen\u00e1rio desfavor\u00e1vel de infla\u00e7\u00e3o persistentemente alta e cr\u00e9dito mais caro, os feriados decretados em algumas cidades-sede e o encerramento mais cedo do expediente em dias de jogos da sele\u00e7\u00e3o brasileira contribu\u00edram para a queda das vendas no varejo.<\/p>\n<p>The post Brasileiro consumiu menos a prazo durante a Copa appeared first on Economia SC.<\/p>\n<p>Via: <a href=\"http:\/\/economiasc.com.br\/brasileiro-consumiu-menos-prazo-durante-copa\/\" class=\"colorbox\" title=\"Brasileiro consumiu menos a prazo durante a Copa\">economiasc.com.br<\/a><\/p>\n","protected":false},"excerpt":{"rendered":"<div class=\"ftpimagefix\" style=\"float:left\"><img decoding=\"async\" width=\"250\" alt=\"Com\u00e9rcio - Pesquisa Feco\u00e9rcio\" src=\"http:\/\/economiasc.com.br\/wp-content\/uploads\/2014\/07\/Com%C3%A9rcio-Pesquisa-Feco%C3%A9rcio1-300x178.jpg\"><\/div>\n<p>Indicador de vendas calculado pelo SPC aponta queda de 7,56% durante o mundial. Foto: Divulga\u00e7\u00e3o<\/p>\n<p>As consultas para vendas a prazo, que sinalizam o ritmo de atividade do com\u00e9rcio, ca\u00edram 7,56% durante os 30 dias de realiza\u00e7\u00e3o da Copa do Mundo em rela\u00e7\u00e3o ao mesmo per\u00edodo de 2013. Na compara\u00e7\u00e3o mensal, a queda foi de 6,94%, segundo levantamento do Servi\u00e7o de Prote\u00e7\u00e3o ao Cr\u00e9dito (SPC Brasil) e da Confedera\u00e7\u00e3o Nacional de Dirigentes Lojistas (CNDL).<\/p>\n<p>Na avalia\u00e7\u00e3o do presidente da CNDL, Roque Pellizaro Junior, a Copa do Mundo atraiu investimentos em infraestrutura e turistas de v\u00e1rias partes do mundo, mas n\u00e3o trouxe resultados positivos para as vendas no com\u00e9rcio. Uma das principais raz\u00f5es \u00e9 a transfer\u00eancia dos gastos dos consumidores para as \u00e1reas de alimentos e bebidas, como restaurantes, supermercados e bares, setores em que os t\u00edquetes m\u00e9dios s\u00e3o mais baixos e geralmente pagos a vista.<\/p>\n<p>\u201cO mundial impulsionou a economia de modo muito concentrado. Enquanto alguns setores do com\u00e9rcio e servi\u00e7os lucraram com o aumento da procura, outros como os de bens de maior valor agregado sofreram com a queda da demanda\u201d. explica Pellizaro Junior.<\/p>\n<p>Al\u00e9m do cen\u00e1rio desfavor\u00e1vel de infla\u00e7\u00e3o persistentemente alta e cr\u00e9dito mais caro, os feriados decretados em algumas cidades-sede e o encerramento mais cedo do expediente em dias de jogos da sele\u00e7\u00e3o brasileira contribu\u00edram para a queda das vendas no varejo.<\/p>\n<p>The post Brasileiro consumiu menos a prazo durante a Copa appeared first on Economia SC.<\/p>\n","protected":false},"author":1,"featured_media":0,"comment_status":"open","ping_status":"open","sticky":false,"template":"","format":"standard","meta":{"footnotes":""},"categories":[5],"tags":[],"class_list":["post-2873","post","type-post","status-publish","format-standard","hentry","category-noticias","no-post-thumbnail"],"_links":{"self":[{"href":"https:\/\/www.cdlbc.com.br\/portal\/wp-json\/wp\/v2\/posts\/2873","targetHints":{"allow":["GET"]}}],"collection":[{"href":"https:\/\/www.cdlbc.com.br\/portal\/wp-json\/wp\/v2\/posts"}],"about":[{"href":"https:\/\/www.cdlbc.com.br\/portal\/wp-json\/wp\/v2\/types\/post"}],"author":[{"embeddable":true,"href":"https:\/\/www.cdlbc.com.br\/portal\/wp-json\/wp\/v2\/users\/1"}],"replies":[{"embeddable":true,"href":"https:\/\/www.cdlbc.com.br\/portal\/wp-json\/wp\/v2\/comments?post=2873"}],"version-history":[{"count":0,"href":"https:\/\/www.cdlbc.com.br\/portal\/wp-json\/wp\/v2\/posts\/2873\/revisions"}],"wp:attachment":[{"href":"https:\/\/www.cdlbc.com.br\/portal\/wp-json\/wp\/v2\/media?parent=2873"}],"wp:term":[{"taxonomy":"category","embeddable":true,"href":"https:\/\/www.cdlbc.com.br\/portal\/wp-json\/wp\/v2\/categories?post=2873"},{"taxonomy":"post_tag","embeddable":true,"href":"https:\/\/www.cdlbc.com.br\/portal\/wp-json\/wp\/v2\/tags?post=2873"}],"curies":[{"name":"wp","href":"https:\/\/api.w.org\/{rel}","templated":true}]}}