{"id":2868,"date":"2014-07-17T17:40:00","date_gmt":"2014-07-17T17:40:00","guid":{"rendered":"http:\/\/www.cdlbc.com.br\/portal\/noticias\/sonda-it-nomeia-novo-diretor-regional-para-o-rs\/"},"modified":"2014-07-17T17:40:00","modified_gmt":"2014-07-17T17:40:00","slug":"sonda-it-nomeia-novo-diretor-regional-para-o-rs","status":"publish","type":"post","link":"https:\/\/www.cdlbc.com.br\/portal\/noticias\/sonda-it-nomeia-novo-diretor-regional-para-o-rs\/","title":{"rendered":"Sonda IT nomeia novo diretor regional para o RS"},"content":{"rendered":"<p>Com uma trajet\u00f3ria expressiva pela Sonda IT, Oli Soares Junior assume o comando regional da integradora no Rio Grande do Sul. O executivo, que nos \u00faltimos tr\u00eas anos gerenciou as demandas de Aplicativos da regional, embarca na nova posi\u00e7\u00e3o deixada por Karine Lime, que partiu para o comando nacional da \u00e1rea comercial da Divis\u00e3o de Plataformas.<\/p>\n<p>A meta do executivo com a nova posi\u00e7\u00e3o ser\u00e1 alavancar todo o portf\u00f3lio de ofertas da companhia, representado por quatro torres: SAP, Servi\u00e7os de TI, Aplicativos e Plataformas. Desde o in\u00edcio da minha trajet\u00f3ria na Sonda IT tive a oportunidade de atuar por diversas \u00e1reas dentro da companhia, alcan\u00e7ando realiza\u00e7\u00f5es importantes nos desafios que foram surgindo. Esta \u00e9, sem d\u00favida, uma alian\u00e7a de sucesso\u201d, comemora o novo diretor.<\/p>\n<p>A regional do Rio Grande do Sul da Sonda IT, situada em Porto Alegre, promove ao mercado local uma oferta diferenciada das fornecedoras ga\u00fachas por disponibilizar um amplo portf\u00f3lio de Tecnologia da Informa\u00e7\u00e3o. Considerada a quarta maior corpora\u00e7\u00e3o de TI presente na Am\u00e9rica Latina, concorrendo apenas com organiza\u00e7\u00f5es globais, a Sonda IT atende de ponta a ponta as necessidades das empresas no que tange a produtos e servi\u00e7os de TI.<\/p>\n<\/p>\n<p>The post <a class=\"colorbox\" rel=\"nofollow\" href=\"http:\/\/economiasc.com.br\/sonda-nomeia-novo-diretor-regional-para-o-rs\/\">Sonda IT nomeia novo diretor regional para o RS<\/a> appeared first on <a class=\"colorbox\" rel=\"nofollow\" href=\"http:\/\/economiasc.com.br\/\">Economia SC<\/a>.<\/p>\n<p>Via: <a href=\"http:\/\/economiasc.com.br\/sonda-nomeia-novo-diretor-regional-para-o-rs\/\" class=\"colorbox\" title=\"Sonda IT nomeia novo diretor regional para o RS\">economiasc.com.br<\/a><\/p>\n","protected":false},"excerpt":{"rendered":"<p>Com uma trajet\u00f3ria expressiva pela Sonda IT, Oli Soares Junior assume o comando regional da integradora no Rio Grande do Sul. O executivo, que nos \u00faltimos tr\u00eas anos gerenciou as demandas de Aplicativos da regional, embarca na nova posi\u00e7\u00e3o deixada por Karine Lime, que partiu para o comando nacional da \u00e1rea comercial da Divis\u00e3o de Plataformas.<\/p>\n<p>A meta do executivo com a nova posi\u00e7\u00e3o ser\u00e1 alavancar todo o portf\u00f3lio de ofertas da companhia, representado por quatro torres: SAP, Servi\u00e7os de TI, Aplicativos e Plataformas. Desde o in\u00edcio da minha trajet\u00f3ria na Sonda IT tive a oportunidade de atuar por diversas \u00e1reas dentro da companhia, alcan\u00e7ando realiza\u00e7\u00f5es importantes nos desafios que foram surgindo. Esta \u00e9, sem d\u00favida, uma alian\u00e7a de sucesso\u201d, comemora o novo diretor.<\/p>\n<p>A regional do Rio Grande do Sul da Sonda IT, situada em Porto Alegre, promove ao mercado local uma oferta diferenciada das fornecedoras ga\u00fachas por disponibilizar um amplo portf\u00f3lio de Tecnologia da Informa\u00e7\u00e3o. Considerada a quarta maior corpora\u00e7\u00e3o de TI presente na Am\u00e9rica Latina, concorrendo apenas com organiza\u00e7\u00f5es globais, a Sonda IT atende de ponta a ponta as necessidades das empresas no que tange a produtos e servi\u00e7os de TI.<\/p>\n<\/p>\n<p>The post <a class=\"colorbox\" rel=\"nofollow\" href=\"http:\/\/economiasc.com.br\/sonda-nomeia-novo-diretor-regional-para-o-rs\/\">Sonda IT nomeia novo diretor regional para o RS<\/a> appeared first on <a class=\"colorbox\" rel=\"nofollow\" href=\"http:\/\/economiasc.com.br\/\">Economia SC<\/a>.<\/p>\n","protected":false},"author":1,"featured_media":0,"comment_status":"open","ping_status":"open","sticky":false,"template":"","format":"standard","meta":{"footnotes":""},"categories":[5],"tags":[],"class_list":["post-2868","post","type-post","status-publish","format-standard","hentry","category-noticias","no-post-thumbnail"],"_links":{"self":[{"href":"https:\/\/www.cdlbc.com.br\/portal\/wp-json\/wp\/v2\/posts\/2868","targetHints":{"allow":["GET"]}}],"collection":[{"href":"https:\/\/www.cdlbc.com.br\/portal\/wp-json\/wp\/v2\/posts"}],"about":[{"href":"https:\/\/www.cdlbc.com.br\/portal\/wp-json\/wp\/v2\/types\/post"}],"author":[{"embeddable":true,"href":"https:\/\/www.cdlbc.com.br\/portal\/wp-json\/wp\/v2\/users\/1"}],"replies":[{"embeddable":true,"href":"https:\/\/www.cdlbc.com.br\/portal\/wp-json\/wp\/v2\/comments?post=2868"}],"version-history":[{"count":0,"href":"https:\/\/www.cdlbc.com.br\/portal\/wp-json\/wp\/v2\/posts\/2868\/revisions"}],"wp:attachment":[{"href":"https:\/\/www.cdlbc.com.br\/portal\/wp-json\/wp\/v2\/media?parent=2868"}],"wp:term":[{"taxonomy":"category","embeddable":true,"href":"https:\/\/www.cdlbc.com.br\/portal\/wp-json\/wp\/v2\/categories?post=2868"},{"taxonomy":"post_tag","embeddable":true,"href":"https:\/\/www.cdlbc.com.br\/portal\/wp-json\/wp\/v2\/tags?post=2868"}],"curies":[{"name":"wp","href":"https:\/\/api.w.org\/{rel}","templated":true}]}}