{"id":2859,"date":"2014-07-17T13:03:00","date_gmt":"2014-07-17T13:03:00","guid":{"rendered":"http:\/\/www.cdlbc.com.br\/portal\/noticias\/oficina-tecnica-aborda-transporte-em-joinville\/"},"modified":"2014-07-17T13:03:00","modified_gmt":"2014-07-17T13:03:00","slug":"oficina-tecnica-aborda-transporte-em-joinville","status":"publish","type":"post","link":"https:\/\/www.cdlbc.com.br\/portal\/noticias\/oficina-tecnica-aborda-transporte-em-joinville\/","title":{"rendered":"Oficina t\u00e9cnica aborda transporte em Joinville"},"content":{"rendered":"<p><span>A prefeitura de Joinville realiza nesta  quinta-feira, dia 17, oficina t\u00e9cnica com a participa\u00e7\u00e3o de representantes da Embarq Brasil de Porto Alegre, da UFSC (Universidade Federal de SC), da Caixa Econ\u00f4mica Federal, das empresas de \u00f4nibus, do movimento Pedala Joinville e de \u00f3rg\u00e3os da Prefeitura \u2013 Ippuj, Seplan, Ittran e Seinfra. A reuni\u00e3o t\u00e9cnica faz parte do calend\u00e1rio de atividades do Plano de Mobilidade de Joinville (PlanMOB).  A primeira fase da reuni\u00e3o foi realizada nesta quarta-feira, dia 16. <\/span><span>A proposta \u00e9 construir um sistema de transporte estruturador do desenvolvimento sustent\u00e1vel da cidade, promovendo maior acessibilidade, confiabilidade e qualidade de forma a atrair e reter usu\u00e1rios para o transporte coletivo e n\u00e3o motorizado.<\/span><\/p>\n<p><span>Luis Antonio Lindau, diretor presidente da Embarq Brasil \u2013 empresa que presta coopera\u00e7\u00e3o t\u00e9cnica para implanta\u00e7\u00e3o dos projetos do PAC da Mobilidade -, falou sobre o alinhamento estrat\u00e9gico dos projetos e da import\u00e2ncia da mitiga\u00e7\u00e3o de riscos. \u201cOs riscos n\u00e3o percebidos podem comprometer o pleno sucesso do projeto\u201d, observou.<\/span><\/p>\n<p><span>Pelas primeiras proje\u00e7\u00f5es do encontro t\u00e9cnico, o primeiro componente do sistema \u2013 a reestrutura\u00e7\u00e3o de um eixo vi\u00e1rio de tr\u00eas quil\u00f4metros \u2013 estar\u00e1 pronto at\u00e9 o final de 2015. O sistema completo, com 55 quil\u00f4metros de eixos estruturantes, deve estar conclu\u00eddo em quatro anos (2018). <\/span>Na dire\u00e7\u00e3o de priorizar o transporte coletivo, um dos projetos em avalia\u00e7\u00e3o \u00e9 a requalifica\u00e7\u00e3o dos corredores de \u00f4nibus do eixo norte-sul, integrado pelas ruas Jo\u00e3o Colin, Blumenau, Juscelino Kubitschek, Get\u00falio Vargas, Santa Catarina e S\u00e3o Paulo.<\/p>\n<p>Outro projeto, tamb\u00e9m na melhoria do transporte coletivo, \u00e9 o eixo leste de corredores de \u00f4nibus nas ruas Helmut Fallgatter, Albano Schmidt, Guanabara, Florian\u00f3polis, Monsenhor Gercino, Proc\u00f3pio Gomes, Urussanga e Beira-rio.<\/p>\n<\/p>\n<p>The post <a class=\"colorbox\" rel=\"nofollow\" href=\"http:\/\/economiasc.com.br\/oficina-tecnica-aborda-transporte-em-joinville\/\">Oficina t\u00e9cnica aborda transporte em Joinville<\/a> appeared first on <a class=\"colorbox\" rel=\"nofollow\" href=\"http:\/\/economiasc.com.br\/\">Economia SC<\/a>.<\/p>\n<p>Via: <a href=\"http:\/\/economiasc.com.br\/oficina-tecnica-aborda-transporte-em-joinville\/\" class=\"colorbox\" title=\"Oficina t\u00e9cnica aborda transporte em Joinville\">economiasc.com.br<\/a><\/p>\n","protected":false},"excerpt":{"rendered":"<p><span>A prefeitura de Joinville realiza nesta  quinta-feira, dia 17, oficina t\u00e9cnica com a participa\u00e7\u00e3o de representantes da Embarq Brasil de Porto Alegre, da UFSC (Universidade Federal de SC), da Caixa Econ\u00f4mica Federal, das empresas de \u00f4nibus, do movimento Pedala Joinville e de \u00f3rg\u00e3os da Prefeitura \u2013 Ippuj, Seplan, Ittran e Seinfra. A reuni\u00e3o t\u00e9cnica faz parte do calend\u00e1rio de atividades do Plano de Mobilidade de Joinville (PlanMOB).  A primeira fase da reuni\u00e3o foi realizada nesta quarta-feira, dia 16. <\/span><span>A proposta \u00e9 construir um sistema de transporte estruturador do desenvolvimento sustent\u00e1vel da cidade, promovendo maior acessibilidade, confiabilidade e qualidade de forma a atrair e reter usu\u00e1rios para o transporte coletivo e n\u00e3o motorizado.<\/span><\/p>\n<p><span>Luis Antonio Lindau, diretor presidente da Embarq Brasil \u2013 empresa que presta coopera\u00e7\u00e3o t\u00e9cnica para implanta\u00e7\u00e3o dos projetos do PAC da Mobilidade -, falou sobre o alinhamento estrat\u00e9gico dos projetos e da import\u00e2ncia da mitiga\u00e7\u00e3o de riscos. \u201cOs riscos n\u00e3o percebidos podem comprometer o pleno sucesso do projeto\u201d, observou.<\/span><\/p>\n<p><span>Pelas primeiras proje\u00e7\u00f5es do encontro t\u00e9cnico, o primeiro componente do sistema \u2013 a reestrutura\u00e7\u00e3o de um eixo vi\u00e1rio de tr\u00eas quil\u00f4metros \u2013 estar\u00e1 pronto at\u00e9 o final de 2015. O sistema completo, com 55 quil\u00f4metros de eixos estruturantes, deve estar conclu\u00eddo em quatro anos (2018). <\/span>Na dire\u00e7\u00e3o de priorizar o transporte coletivo, um dos projetos em avalia\u00e7\u00e3o \u00e9 a requalifica\u00e7\u00e3o dos corredores de \u00f4nibus do eixo norte-sul, integrado pelas ruas Jo\u00e3o Colin, Blumenau, Juscelino Kubitschek, Get\u00falio Vargas, Santa Catarina e S\u00e3o Paulo.<\/p>\n<p>Outro projeto, tamb\u00e9m na melhoria do transporte coletivo, \u00e9 o eixo leste de corredores de \u00f4nibus nas ruas Helmut Fallgatter, Albano Schmidt, Guanabara, Florian\u00f3polis, Monsenhor Gercino, Proc\u00f3pio Gomes, Urussanga e Beira-rio.<\/p>\n<\/p>\n<p>The post <a class=\"colorbox\" rel=\"nofollow\" href=\"http:\/\/economiasc.com.br\/oficina-tecnica-aborda-transporte-em-joinville\/\">Oficina t\u00e9cnica aborda transporte em Joinville<\/a> appeared first on <a class=\"colorbox\" rel=\"nofollow\" href=\"http:\/\/economiasc.com.br\/\">Economia SC<\/a>.<\/p>\n","protected":false},"author":1,"featured_media":0,"comment_status":"open","ping_status":"open","sticky":false,"template":"","format":"standard","meta":{"footnotes":""},"categories":[5],"tags":[],"class_list":["post-2859","post","type-post","status-publish","format-standard","hentry","category-noticias","no-post-thumbnail"],"_links":{"self":[{"href":"https:\/\/www.cdlbc.com.br\/portal\/wp-json\/wp\/v2\/posts\/2859","targetHints":{"allow":["GET"]}}],"collection":[{"href":"https:\/\/www.cdlbc.com.br\/portal\/wp-json\/wp\/v2\/posts"}],"about":[{"href":"https:\/\/www.cdlbc.com.br\/portal\/wp-json\/wp\/v2\/types\/post"}],"author":[{"embeddable":true,"href":"https:\/\/www.cdlbc.com.br\/portal\/wp-json\/wp\/v2\/users\/1"}],"replies":[{"embeddable":true,"href":"https:\/\/www.cdlbc.com.br\/portal\/wp-json\/wp\/v2\/comments?post=2859"}],"version-history":[{"count":0,"href":"https:\/\/www.cdlbc.com.br\/portal\/wp-json\/wp\/v2\/posts\/2859\/revisions"}],"wp:attachment":[{"href":"https:\/\/www.cdlbc.com.br\/portal\/wp-json\/wp\/v2\/media?parent=2859"}],"wp:term":[{"taxonomy":"category","embeddable":true,"href":"https:\/\/www.cdlbc.com.br\/portal\/wp-json\/wp\/v2\/categories?post=2859"},{"taxonomy":"post_tag","embeddable":true,"href":"https:\/\/www.cdlbc.com.br\/portal\/wp-json\/wp\/v2\/tags?post=2859"}],"curies":[{"name":"wp","href":"https:\/\/api.w.org\/{rel}","templated":true}]}}