{"id":2858,"date":"2014-07-17T12:52:00","date_gmt":"2014-07-17T12:52:00","guid":{"rendered":"http:\/\/www.cdlbc.com.br\/portal\/noticias\/sao-ludgero-realiza-semana-do-empreendedor\/"},"modified":"2014-07-17T12:52:00","modified_gmt":"2014-07-17T12:52:00","slug":"sao-ludgero-realiza-semana-do-empreendedor","status":"publish","type":"post","link":"https:\/\/www.cdlbc.com.br\/portal\/noticias\/sao-ludgero-realiza-semana-do-empreendedor\/","title":{"rendered":"S\u00e3o Ludgero realiza Semana do Empreendedor"},"content":{"rendered":"<p>S\u00e3o Ludgero ir\u00e1 realizar, com apoio do Sebrae\/SC, a Semana Municipal do Empreendedor entre a pr\u00f3xima segunda, dia 21, e sexta-feira, dia 25. A CEO da Hybel, Nat\u00e1lia Boeira, \u00e9 a convidada especial do painel \u201cComo perder o medo de empreender\u201d.<\/p>\n<p>Desde os 26 anos, Nat\u00e1lia comanda a Hybel, empresa que atua nos segmentosa gr\u00edcola, rodovi\u00e1rio, constru\u00e7\u00e3o civil m\u00f3bil e industrial, com planta de usinagem em Crici\u00fama (al\u00e9m da planta de fundi\u00e7\u00e3o de ferro, a\u00e7o e alum\u00ednio) e unidades de neg\u00f3cios e distribui\u00e7\u00e3o espalhadas pelo Brasil (S\u00e3o Paulo, Rio de Janeiro, Piracicaba, Goi\u00e2nia, Ribeir\u00e3o Preto, Curitiba, Porto Alegre, Belo Horizonte, Manaus, Vit\u00f3ria, Fortaleza e Recife) e em Chicago (EUA).<\/p>\n<p>Formada em Administra\u00e7\u00e3o de Empresas com habilita\u00e7\u00e3o em Com\u00e9rcio Exterior e mestre pela Universidade do Estado de Santa Catarina, Nat\u00e1lia comanda mais de 300 funcion\u00e1rios desde 2009.<\/p>\n<p>The post <a class=\"colorbox\" rel=\"nofollow\" href=\"http:\/\/economiasc.com.br\/sao-ludgero-realiza-semana-empreendedor\/\">S\u00e3o Ludgero realiza Semana do Empreendedor<\/a> appeared first on <a class=\"colorbox\" rel=\"nofollow\" href=\"http:\/\/economiasc.com.br\/\">Economia SC<\/a>.<\/p>\n<p>Via: <a href=\"http:\/\/economiasc.com.br\/sao-ludgero-realiza-semana-empreendedor\/\" class=\"colorbox\" title=\"S\u00e3o Ludgero realiza Semana do Empreendedor\">economiasc.com.br<\/a><\/p>\n","protected":false},"excerpt":{"rendered":"<p>S\u00e3o Ludgero ir\u00e1 realizar, com apoio do Sebrae\/SC, a Semana Municipal do Empreendedor entre a pr\u00f3xima segunda, dia 21, e sexta-feira, dia 25. A CEO da Hybel, Nat\u00e1lia Boeira, \u00e9 a convidada especial do painel \u201cComo perder o medo de empreender\u201d.<\/p>\n<p>Desde os 26 anos, Nat\u00e1lia comanda a Hybel, empresa que atua nos segmentosa gr\u00edcola, rodovi\u00e1rio, constru\u00e7\u00e3o civil m\u00f3bil e industrial, com planta de usinagem em Crici\u00fama (al\u00e9m da planta de fundi\u00e7\u00e3o de ferro, a\u00e7o e alum\u00ednio) e unidades de neg\u00f3cios e distribui\u00e7\u00e3o espalhadas pelo Brasil (S\u00e3o Paulo, Rio de Janeiro, Piracicaba, Goi\u00e2nia, Ribeir\u00e3o Preto, Curitiba, Porto Alegre, Belo Horizonte, Manaus, Vit\u00f3ria, Fortaleza e Recife) e em Chicago (EUA).<\/p>\n<p>Formada em Administra\u00e7\u00e3o de Empresas com habilita\u00e7\u00e3o em Com\u00e9rcio Exterior e mestre pela Universidade do Estado de Santa Catarina, Nat\u00e1lia comanda mais de 300 funcion\u00e1rios desde 2009.<\/p>\n<p>The post <a class=\"colorbox\" rel=\"nofollow\" href=\"http:\/\/economiasc.com.br\/sao-ludgero-realiza-semana-empreendedor\/\">S\u00e3o Ludgero realiza Semana do Empreendedor<\/a> appeared first on <a class=\"colorbox\" rel=\"nofollow\" href=\"http:\/\/economiasc.com.br\/\">Economia SC<\/a>.<\/p>\n","protected":false},"author":1,"featured_media":0,"comment_status":"open","ping_status":"open","sticky":false,"template":"","format":"standard","meta":{"footnotes":""},"categories":[5],"tags":[],"class_list":["post-2858","post","type-post","status-publish","format-standard","hentry","category-noticias","no-post-thumbnail"],"_links":{"self":[{"href":"https:\/\/www.cdlbc.com.br\/portal\/wp-json\/wp\/v2\/posts\/2858","targetHints":{"allow":["GET"]}}],"collection":[{"href":"https:\/\/www.cdlbc.com.br\/portal\/wp-json\/wp\/v2\/posts"}],"about":[{"href":"https:\/\/www.cdlbc.com.br\/portal\/wp-json\/wp\/v2\/types\/post"}],"author":[{"embeddable":true,"href":"https:\/\/www.cdlbc.com.br\/portal\/wp-json\/wp\/v2\/users\/1"}],"replies":[{"embeddable":true,"href":"https:\/\/www.cdlbc.com.br\/portal\/wp-json\/wp\/v2\/comments?post=2858"}],"version-history":[{"count":0,"href":"https:\/\/www.cdlbc.com.br\/portal\/wp-json\/wp\/v2\/posts\/2858\/revisions"}],"wp:attachment":[{"href":"https:\/\/www.cdlbc.com.br\/portal\/wp-json\/wp\/v2\/media?parent=2858"}],"wp:term":[{"taxonomy":"category","embeddable":true,"href":"https:\/\/www.cdlbc.com.br\/portal\/wp-json\/wp\/v2\/categories?post=2858"},{"taxonomy":"post_tag","embeddable":true,"href":"https:\/\/www.cdlbc.com.br\/portal\/wp-json\/wp\/v2\/tags?post=2858"}],"curies":[{"name":"wp","href":"https:\/\/api.w.org\/{rel}","templated":true}]}}