{"id":2856,"date":"2014-07-17T12:27:00","date_gmt":"2014-07-17T12:27:00","guid":{"rendered":"http:\/\/www.cdlbc.com.br\/portal\/noticias\/ipc-s-recua-em-duas-de-sete-capitais-pesquisadas\/"},"modified":"2014-07-17T12:27:00","modified_gmt":"2014-07-17T12:27:00","slug":"ipc-s-recua-em-duas-de-sete-capitais-pesquisadas","status":"publish","type":"post","link":"https:\/\/www.cdlbc.com.br\/portal\/noticias\/ipc-s-recua-em-duas-de-sete-capitais-pesquisadas\/","title":{"rendered":"IPC-S recua em duas de sete capitais pesquisadas"},"content":{"rendered":"<div class=\"ftpimagefix\" style=\"float:left\"><img decoding=\"async\" width=\"250\" alt=\"Indicador teve aumento em Belo Horizonte, Recife, Rio de Janeiro e S\u00e3o Paulo. Foto: Divulga\u00e7\u00e3o\" src=\"http:\/\/economiasc.com.br\/wp-content\/uploads\/2014\/07\/Inflacao3-300x178.jpg\"><\/div>\n<p>Indicador teve aumento em Belo Horizonte, Recife, Rio de Janeiro e S\u00e3o Paulo. Foto: Divulga\u00e7\u00e3o<\/p>\n<p>O \u00cdndice de Pre\u00e7os ao Consumidor Semanal registrou varia\u00e7\u00e3o de 0,24%, 0,04 ponto percentual (p.p.) abaixo da taxa divulgada na \u00faltima apura\u00e7\u00e3o. Duas das sete capitais pesquisadas registraram decr\u00e9scimo em suas taxas de varia\u00e7\u00e3o e houve aumento em quatro capitais. Os dados s\u00e3o da Funda\u00e7\u00e3o Get\u00falio Vargas (FGV).<\/p>\n<p>O indicador caiu em Salvador em Porto Alegre. Em Salvador, o indicador passou de 0,45% (taxa da \u00faltima apura\u00e7\u00e3o) para 0,13%. Em Porto Alegre, o IPC-S passou de 0,07% para -0,09%. Em Bras\u00edlia, o indicador manteve-se est\u00e1vel em 0,36%.<\/p>\n<p>Em Belo Horizonte, a taxa aumentou de 0,13% para 0,15%. Em Recife tamb\u00e9m houve aumento, de 0,20% para 0,30%. No Rio de Janeiro, taxa teve alta de 0,44% para 0,45%.  Em S\u00e3o Paulo, houve varia\u00e7\u00e3o de 0,26% para 0,33% nesta apura\u00e7\u00e3o. <\/p>\n<p>The post IPC-S recua em duas de sete capitais pesquisadas appeared first on Economia SC.<\/p>\n<p>Via: <a href=\"http:\/\/economiasc.com.br\/ipc-s-recua-em-duas-de-sete-capitais-pesquisadas\/\" class=\"colorbox\" title=\"IPC-S recua em duas de sete capitais pesquisadas\">economiasc.com.br<\/a><\/p>\n","protected":false},"excerpt":{"rendered":"<div class=\"ftpimagefix\" style=\"float:left\"><img decoding=\"async\" width=\"250\" alt=\"Indicador teve aumento em Belo Horizonte, Recife, Rio de Janeiro e S\u00e3o Paulo. Foto: Divulga\u00e7\u00e3o\" src=\"http:\/\/economiasc.com.br\/wp-content\/uploads\/2014\/07\/Inflacao3-300x178.jpg\"><\/div>\n<p>Indicador teve aumento em Belo Horizonte, Recife, Rio de Janeiro e S\u00e3o Paulo. Foto: Divulga\u00e7\u00e3o<\/p>\n<p>O \u00cdndice de Pre\u00e7os ao Consumidor Semanal registrou varia\u00e7\u00e3o de 0,24%, 0,04 ponto percentual (p.p.) abaixo da taxa divulgada na \u00faltima apura\u00e7\u00e3o. Duas das sete capitais pesquisadas registraram decr\u00e9scimo em suas taxas de varia\u00e7\u00e3o e houve aumento em quatro capitais. Os dados s\u00e3o da Funda\u00e7\u00e3o Get\u00falio Vargas (FGV).<\/p>\n<p>O indicador caiu em Salvador em Porto Alegre. Em Salvador, o indicador passou de 0,45% (taxa da \u00faltima apura\u00e7\u00e3o) para 0,13%. Em Porto Alegre, o IPC-S passou de 0,07% para -0,09%. Em Bras\u00edlia, o indicador manteve-se est\u00e1vel em 0,36%.<\/p>\n<p>Em Belo Horizonte, a taxa aumentou de 0,13% para 0,15%. Em Recife tamb\u00e9m houve aumento, de 0,20% para 0,30%. No Rio de Janeiro, taxa teve alta de 0,44% para 0,45%.  Em S\u00e3o Paulo, houve varia\u00e7\u00e3o de 0,26% para 0,33% nesta apura\u00e7\u00e3o. <\/p>\n<p>The post IPC-S recua em duas de sete capitais pesquisadas appeared first on Economia SC.<\/p>\n","protected":false},"author":1,"featured_media":0,"comment_status":"open","ping_status":"open","sticky":false,"template":"","format":"standard","meta":{"footnotes":""},"categories":[5],"tags":[],"class_list":["post-2856","post","type-post","status-publish","format-standard","hentry","category-noticias","no-post-thumbnail"],"_links":{"self":[{"href":"https:\/\/www.cdlbc.com.br\/portal\/wp-json\/wp\/v2\/posts\/2856","targetHints":{"allow":["GET"]}}],"collection":[{"href":"https:\/\/www.cdlbc.com.br\/portal\/wp-json\/wp\/v2\/posts"}],"about":[{"href":"https:\/\/www.cdlbc.com.br\/portal\/wp-json\/wp\/v2\/types\/post"}],"author":[{"embeddable":true,"href":"https:\/\/www.cdlbc.com.br\/portal\/wp-json\/wp\/v2\/users\/1"}],"replies":[{"embeddable":true,"href":"https:\/\/www.cdlbc.com.br\/portal\/wp-json\/wp\/v2\/comments?post=2856"}],"version-history":[{"count":0,"href":"https:\/\/www.cdlbc.com.br\/portal\/wp-json\/wp\/v2\/posts\/2856\/revisions"}],"wp:attachment":[{"href":"https:\/\/www.cdlbc.com.br\/portal\/wp-json\/wp\/v2\/media?parent=2856"}],"wp:term":[{"taxonomy":"category","embeddable":true,"href":"https:\/\/www.cdlbc.com.br\/portal\/wp-json\/wp\/v2\/categories?post=2856"},{"taxonomy":"post_tag","embeddable":true,"href":"https:\/\/www.cdlbc.com.br\/portal\/wp-json\/wp\/v2\/tags?post=2856"}],"curies":[{"name":"wp","href":"https:\/\/api.w.org\/{rel}","templated":true}]}}