{"id":2833,"date":"2014-07-15T20:07:00","date_gmt":"2014-07-15T20:07:00","guid":{"rendered":"http:\/\/www.cdlbc.com.br\/portal\/noticias\/17-empresas-catarinenses-expoem-na-francal\/"},"modified":"2014-07-15T20:07:00","modified_gmt":"2014-07-15T20:07:00","slug":"17-empresas-catarinenses-expoem-na-francal","status":"publish","type":"post","link":"https:\/\/www.cdlbc.com.br\/portal\/noticias\/17-empresas-catarinenses-expoem-na-francal\/","title":{"rendered":"17 empresas catarinenses exp\u00f5em na Francal"},"content":{"rendered":"<div class=\"ftpimagefix\" style=\"float:left\"><img decoding=\"async\" width=\"250\" alt=\"Francal 2012\" src=\"http:\/\/economiasc.com.br\/wp-content\/uploads\/2014\/07\/Francal-2012-300x200.jpg\"><\/div>\n<p>Maior feira cal\u00e7adista do pa\u00eds tem 200m\u00b2 para estandes de empresas de SC. Foto: Divulga\u00e7\u00e3o<\/p>\n<p><strong> <\/strong>Dezessete fabricantes de Santa Catarina marcam presen\u00e7a na principal feira de cal\u00e7ados do Pa\u00eds, que acontece de 15 a 18 de julho, no Pavilh\u00e3o de Exposi\u00e7\u00f5es do Anhembi, em S\u00e3o Paulo. A expectativa da Francal Feiras \u00e9 de que a competi\u00e7\u00e3o influencie positivamente no resultado da feira, j\u00e1 que a necessidade de renova\u00e7\u00e3o dos estoques do varejo de cal\u00e7ados ser\u00e1 ainda maior do que em anos regulares.<\/p>\n<p>O p\u00f3lo cal\u00e7adista de Santa Catarina ter\u00e1 uma \u00e1rea de 200m\u00b2 e a presen\u00e7a de 17 empresas, representando 7,1% do n\u00famero de expositores e 4,1% em \u00e1rea de estandes. Ararangu\u00e1, Balne\u00e1rio Gaivota, Brusque, Cambori\u00fa, Canelinha, Crici\u00fama, Florian\u00f3polis, Nova Trento e S\u00e3o Jo\u00e3o Batista s\u00e3o os munic\u00edpios que representam o Estado na Francal 2014 \u2013 46\u00aa Feira Internacional da Moda em Cal\u00e7ados e Acess\u00f3rios, primeiro grande evento de neg\u00f3cios ap\u00f3s a Copa do Mundo.<\/p>\n<p>A Francal \u00e9 a feira de neg\u00f3cios mais importante e rent\u00e1vel do ano para a cadeia coureiro-cal\u00e7adista. \u00c9 palco oficial dos lan\u00e7amentos das cole\u00e7\u00f5es primavera-ver\u00e3o, a temporada mais longa para o setor. As cole\u00e7\u00f5es apresentam enorme diversidade de modelos e s\u00e3o renovadas constantemente de agosto a mar\u00e7o, impulsionando de forma cont\u00ednua os neg\u00f3cios do varejo nacional no per\u00edodo.<\/p>\n<p>Com mais de 800 expositores de todos os portes \u2013 desde os maiores fabricantes de cal\u00e7ados do Pa\u00eds at\u00e9 pequenos e m\u00e9dios cal\u00e7adistas, grifes de renome internacional e bir\u00f4s de moda voltados a produtos de maior valor agregado \u2013 a Francal oferece variedade de cal\u00e7ados, bolsas, malas, mochilas, cintos e artefatos de couro, acess\u00f3rios e bijuterias para atender os diferentes tipos de varejo.<\/p>\n<p>A expectativa \u00e9 receber 60 mil lojistas e profissionais do setor de todos os Estados brasileiros e de mais de 70 pa\u00edses dos cinco continentes.<\/p>\n<p>The post 17 empresas catarinenses exp\u00f5em na Francal appeared first on Economia SC.<\/p>\n<p>Via: <a href=\"http:\/\/economiasc.com.br\/17-empresas-catarinenses-expoem-na-francal\/\" class=\"colorbox\" title=\"17 empresas catarinenses exp\u00f5em na Francal\">economiasc.com.br<\/a><\/p>\n","protected":false},"excerpt":{"rendered":"<div class=\"ftpimagefix\" style=\"float:left\"><img decoding=\"async\" width=\"250\" alt=\"Francal 2012\" src=\"http:\/\/economiasc.com.br\/wp-content\/uploads\/2014\/07\/Francal-2012-300x200.jpg\"><\/div>\n<p>Maior feira cal\u00e7adista do pa\u00eds tem 200m\u00b2 para estandes de empresas de SC. Foto: Divulga\u00e7\u00e3o<\/p>\n<p><strong> <\/strong>Dezessete fabricantes de Santa Catarina marcam presen\u00e7a na principal feira de cal\u00e7ados do Pa\u00eds, que acontece de 15 a 18 de julho, no Pavilh\u00e3o de Exposi\u00e7\u00f5es do Anhembi, em S\u00e3o Paulo. A expectativa da Francal Feiras \u00e9 de que a competi\u00e7\u00e3o influencie positivamente no resultado da feira, j\u00e1 que a necessidade de renova\u00e7\u00e3o dos estoques do varejo de cal\u00e7ados ser\u00e1 ainda maior do que em anos regulares.<\/p>\n<p>O p\u00f3lo cal\u00e7adista de Santa Catarina ter\u00e1 uma \u00e1rea de 200m\u00b2 e a presen\u00e7a de 17 empresas, representando 7,1% do n\u00famero de expositores e 4,1% em \u00e1rea de estandes. Ararangu\u00e1, Balne\u00e1rio Gaivota, Brusque, Cambori\u00fa, Canelinha, Crici\u00fama, Florian\u00f3polis, Nova Trento e S\u00e3o Jo\u00e3o Batista s\u00e3o os munic\u00edpios que representam o Estado na Francal 2014 \u2013 46\u00aa Feira Internacional da Moda em Cal\u00e7ados e Acess\u00f3rios, primeiro grande evento de neg\u00f3cios ap\u00f3s a Copa do Mundo.<\/p>\n<p>A Francal \u00e9 a feira de neg\u00f3cios mais importante e rent\u00e1vel do ano para a cadeia coureiro-cal\u00e7adista. \u00c9 palco oficial dos lan\u00e7amentos das cole\u00e7\u00f5es primavera-ver\u00e3o, a temporada mais longa para o setor. As cole\u00e7\u00f5es apresentam enorme diversidade de modelos e s\u00e3o renovadas constantemente de agosto a mar\u00e7o, impulsionando de forma cont\u00ednua os neg\u00f3cios do varejo nacional no per\u00edodo.<\/p>\n<p>Com mais de 800 expositores de todos os portes \u2013 desde os maiores fabricantes de cal\u00e7ados do Pa\u00eds at\u00e9 pequenos e m\u00e9dios cal\u00e7adistas, grifes de renome internacional e bir\u00f4s de moda voltados a produtos de maior valor agregado \u2013 a Francal oferece variedade de cal\u00e7ados, bolsas, malas, mochilas, cintos e artefatos de couro, acess\u00f3rios e bijuterias para atender os diferentes tipos de varejo.<\/p>\n<p>A expectativa \u00e9 receber 60 mil lojistas e profissionais do setor de todos os Estados brasileiros e de mais de 70 pa\u00edses dos cinco continentes.<\/p>\n<p>The post 17 empresas catarinenses exp\u00f5em na Francal appeared first on Economia SC.<\/p>\n","protected":false},"author":1,"featured_media":0,"comment_status":"open","ping_status":"open","sticky":false,"template":"","format":"standard","meta":{"footnotes":""},"categories":[5],"tags":[],"class_list":["post-2833","post","type-post","status-publish","format-standard","hentry","category-noticias","no-post-thumbnail"],"_links":{"self":[{"href":"https:\/\/www.cdlbc.com.br\/portal\/wp-json\/wp\/v2\/posts\/2833","targetHints":{"allow":["GET"]}}],"collection":[{"href":"https:\/\/www.cdlbc.com.br\/portal\/wp-json\/wp\/v2\/posts"}],"about":[{"href":"https:\/\/www.cdlbc.com.br\/portal\/wp-json\/wp\/v2\/types\/post"}],"author":[{"embeddable":true,"href":"https:\/\/www.cdlbc.com.br\/portal\/wp-json\/wp\/v2\/users\/1"}],"replies":[{"embeddable":true,"href":"https:\/\/www.cdlbc.com.br\/portal\/wp-json\/wp\/v2\/comments?post=2833"}],"version-history":[{"count":0,"href":"https:\/\/www.cdlbc.com.br\/portal\/wp-json\/wp\/v2\/posts\/2833\/revisions"}],"wp:attachment":[{"href":"https:\/\/www.cdlbc.com.br\/portal\/wp-json\/wp\/v2\/media?parent=2833"}],"wp:term":[{"taxonomy":"category","embeddable":true,"href":"https:\/\/www.cdlbc.com.br\/portal\/wp-json\/wp\/v2\/categories?post=2833"},{"taxonomy":"post_tag","embeddable":true,"href":"https:\/\/www.cdlbc.com.br\/portal\/wp-json\/wp\/v2\/tags?post=2833"}],"curies":[{"name":"wp","href":"https:\/\/api.w.org\/{rel}","templated":true}]}}