{"id":2828,"date":"2014-07-15T18:48:00","date_gmt":"2014-07-15T18:48:00","guid":{"rendered":"http:\/\/www.cdlbc.com.br\/portal\/noticias\/joinville-inicia-avaliacoes-do-plano-de-mobilidade\/"},"modified":"2014-07-15T18:48:00","modified_gmt":"2014-07-15T18:48:00","slug":"joinville-inicia-avaliacoes-do-plano-de-mobilidade","status":"publish","type":"post","link":"https:\/\/www.cdlbc.com.br\/portal\/noticias\/joinville-inicia-avaliacoes-do-plano-de-mobilidade\/","title":{"rendered":"Joinville inicia avalia\u00e7\u00f5es do plano de mobilidade"},"content":{"rendered":"<p>A prefeitura de Joinville realiza nesta quarta e quinta-feiras, dias 16 e 17, no audit\u00f3rio da Companhia \u00c1guas de Joinville, a partir das 9 horas., a leitura t\u00e9cnica dos projetos de interven\u00e7\u00e3o urbana que integrar\u00e3o o futuro Plano de Mobilidade. Entre as principais interven\u00e7\u00f5es est\u00e3o os corredores de \u00f4nibus, sistemas bin\u00e1rios, pontes, pavimenta\u00e7\u00e3o, abrigos e ciclovias.<\/p>\n<p>Participam das reuni\u00f5es representantes da Embarq Brasil de Porto Alegre, a UFSC (Universidade Federal de SC), Caixa Econ\u00f4mica Federal, empresas de \u00f4nibus, movimento Pedala Joinville e \u00f3rg\u00e3os da Prefeitura \u2013 Ippuj, Seplan, Ittran e Seinfra.  O prefeito Udo D\u00f6hler estar\u00e1 presente na abertura dos trabalhos. \u201cTrata-se de um alinhamento estrat\u00e9gico de todas as interven\u00e7\u00f5es na cidade em sintonia com os investimentos j\u00e1 garantidos no PAC de Mobilidade Urbana\u201d, explica o presidente do Ippuj, Vladimir Constante.<\/p>\n<p>Na dire\u00e7\u00e3o de priorizar o transporte coletivo, um dos projetos em avalia\u00e7\u00e3o \u00e9 a requalifica\u00e7\u00e3o dos corredores de \u00f4nibus do eixo norte-sul, integrado pelas ruas Jo\u00e3o Colin, Blumenau, Juscelino Kubitschek, Get\u00falio Vargas, Santa Catarina e S\u00e3o Paulo. Outro projeto, tamb\u00e9m na melhoria do transporte coletivo, \u00e9 o eixo leste de corredores de \u00f4nibus nas ruas Helmuth Fallgatter, Albano Schmidt, Guanabara, Florian\u00f3polis, Monsenhor Gercino, Proc\u00f3pio Gomes, Urussanga e Beira-rio.<\/p>\n<p>O Plano de Mobilidade de Joinville (PlanMob) est\u00e1 previsto no Plano Diretor de Joinville de 2008, sintonizado com a Pol\u00edtica Nacional de Mobilidade, que obriga todos os munic\u00edpios com mais de 20 mil habitantes a disporem de um Plano de Mobilidade. A lei federal que institui as diretrizes da Pol\u00edtica Nacional de Mobilidade foi sancionada em janeiro de 2012 e d\u00e1 prazo de tr\u00eas anos para os munic\u00edpios criarem seus planos. Quem n\u00e3o atender ficar\u00e1 impedido de receber recursos federais destinados a esse fim.<\/p>\n<p>Depois da \u201cleitura comunit\u00e1ria\u201d por meio de oito consultas p\u00fablicas em todas as regi\u00f5es da cidade e da \u201cleitura t\u00e9cnica\u201d nesta semana, as pr\u00f3ximas a\u00e7\u00f5es visando \u00e0 elabora\u00e7\u00e3o do Plano de Mobilidade \u00e9 a tabula\u00e7\u00e3o das sugest\u00f5es, elabora\u00e7\u00e3o do plano de a\u00e7\u00e3o, valida\u00e7\u00e3o das propostas em audi\u00eancias p\u00fablicas, consolida\u00e7\u00e3o do projeto, aprecia\u00e7\u00e3o pelo Conselho da Cidade, realiza\u00e7\u00e3o da \u00faltima audi\u00eancia p\u00fablica em novembro e encaminhamento do projeto de lei \u00e0 C\u00e2mara de Vereadores. Todas essas etapas ser\u00e3o realizadas at\u00e9 o m\u00eas de dezembro.<\/p>\n<p><strong>Servi\u00e7o<\/strong><br \/><strong>O qu\u00ea<\/strong>:  reuni\u00e3o t\u00e9cnica do Plano da Mobilidade de Joinville<br \/><strong>Quando:<\/strong>  quarta-feira, dia 16, e quinta-feira, dia 17<br \/><strong>Onde:<\/strong>  audit\u00f3rio da Companhia \u00c1guas de Joinville,  Rua XV de Novembro, 780<\/p>\n<\/p>\n<p>The post <a class=\"colorbox\" rel=\"nofollow\" href=\"http:\/\/economiasc.com.br\/joinville-inicia-avaliacoes-plano-de-mobilidade\/\">Joinville inicia avalia\u00e7\u00f5es do plano de mobilidade<\/a> appeared first on <a class=\"colorbox\" rel=\"nofollow\" href=\"http:\/\/economiasc.com.br\/\">Economia SC<\/a>.<\/p>\n<p>Via: <a href=\"http:\/\/economiasc.com.br\/joinville-inicia-avaliacoes-plano-de-mobilidade\/\" class=\"colorbox\" title=\"Joinville inicia avalia\u00e7\u00f5es do plano de mobilidade\">economiasc.com.br<\/a><\/p>\n","protected":false},"excerpt":{"rendered":"<p>A prefeitura de Joinville realiza nesta quarta e quinta-feiras, dias 16 e 17, no audit\u00f3rio da Companhia \u00c1guas de Joinville, a partir das 9 horas., a leitura t\u00e9cnica dos projetos de interven\u00e7\u00e3o urbana que integrar\u00e3o o futuro Plano de Mobilidade. Entre as principais interven\u00e7\u00f5es est\u00e3o os corredores de \u00f4nibus, sistemas bin\u00e1rios, pontes, pavimenta\u00e7\u00e3o, abrigos e ciclovias.<\/p>\n<p>Participam das reuni\u00f5es representantes da Embarq Brasil de Porto Alegre, a UFSC (Universidade Federal de SC), Caixa Econ\u00f4mica Federal, empresas de \u00f4nibus, movimento Pedala Joinville e \u00f3rg\u00e3os da Prefeitura \u2013 Ippuj, Seplan, Ittran e Seinfra.  O prefeito Udo D\u00f6hler estar\u00e1 presente na abertura dos trabalhos. \u201cTrata-se de um alinhamento estrat\u00e9gico de todas as interven\u00e7\u00f5es na cidade em sintonia com os investimentos j\u00e1 garantidos no PAC de Mobilidade Urbana\u201d, explica o presidente do Ippuj, Vladimir Constante.<\/p>\n<p>Na dire\u00e7\u00e3o de priorizar o transporte coletivo, um dos projetos em avalia\u00e7\u00e3o \u00e9 a requalifica\u00e7\u00e3o dos corredores de \u00f4nibus do eixo norte-sul, integrado pelas ruas Jo\u00e3o Colin, Blumenau, Juscelino Kubitschek, Get\u00falio Vargas, Santa Catarina e S\u00e3o Paulo. Outro projeto, tamb\u00e9m na melhoria do transporte coletivo, \u00e9 o eixo leste de corredores de \u00f4nibus nas ruas Helmuth Fallgatter, Albano Schmidt, Guanabara, Florian\u00f3polis, Monsenhor Gercino, Proc\u00f3pio Gomes, Urussanga e Beira-rio.<\/p>\n<p>O Plano de Mobilidade de Joinville (PlanMob) est\u00e1 previsto no Plano Diretor de Joinville de 2008, sintonizado com a Pol\u00edtica Nacional de Mobilidade, que obriga todos os munic\u00edpios com mais de 20 mil habitantes a disporem de um Plano de Mobilidade. A lei federal que institui as diretrizes da Pol\u00edtica Nacional de Mobilidade foi sancionada em janeiro de 2012 e d\u00e1 prazo de tr\u00eas anos para os munic\u00edpios criarem seus planos. Quem n\u00e3o atender ficar\u00e1 impedido de receber recursos federais destinados a esse fim.<\/p>\n<p>Depois da \u201cleitura comunit\u00e1ria\u201d por meio de oito consultas p\u00fablicas em todas as regi\u00f5es da cidade e da \u201cleitura t\u00e9cnica\u201d nesta semana, as pr\u00f3ximas a\u00e7\u00f5es visando \u00e0 elabora\u00e7\u00e3o do Plano de Mobilidade \u00e9 a tabula\u00e7\u00e3o das sugest\u00f5es, elabora\u00e7\u00e3o do plano de a\u00e7\u00e3o, valida\u00e7\u00e3o das propostas em audi\u00eancias p\u00fablicas, consolida\u00e7\u00e3o do projeto, aprecia\u00e7\u00e3o pelo Conselho da Cidade, realiza\u00e7\u00e3o da \u00faltima audi\u00eancia p\u00fablica em novembro e encaminhamento do projeto de lei \u00e0 C\u00e2mara de Vereadores. Todas essas etapas ser\u00e3o realizadas at\u00e9 o m\u00eas de dezembro.<\/p>\n<p><strong>Servi\u00e7o<\/strong><br \/><strong>O qu\u00ea<\/strong>:  reuni\u00e3o t\u00e9cnica do Plano da Mobilidade de Joinville<br \/><strong>Quando:<\/strong>  quarta-feira, dia 16, e quinta-feira, dia 17<br \/><strong>Onde:<\/strong>  audit\u00f3rio da Companhia \u00c1guas de Joinville,  Rua XV de Novembro, 780<\/p>\n<\/p>\n<p>The post <a class=\"colorbox\" rel=\"nofollow\" href=\"http:\/\/economiasc.com.br\/joinville-inicia-avaliacoes-plano-de-mobilidade\/\">Joinville inicia avalia\u00e7\u00f5es do plano de mobilidade<\/a> appeared first on <a class=\"colorbox\" rel=\"nofollow\" href=\"http:\/\/economiasc.com.br\/\">Economia SC<\/a>.<\/p>\n","protected":false},"author":1,"featured_media":0,"comment_status":"open","ping_status":"open","sticky":false,"template":"","format":"standard","meta":{"footnotes":""},"categories":[5],"tags":[],"class_list":["post-2828","post","type-post","status-publish","format-standard","hentry","category-noticias","no-post-thumbnail"],"_links":{"self":[{"href":"https:\/\/www.cdlbc.com.br\/portal\/wp-json\/wp\/v2\/posts\/2828","targetHints":{"allow":["GET"]}}],"collection":[{"href":"https:\/\/www.cdlbc.com.br\/portal\/wp-json\/wp\/v2\/posts"}],"about":[{"href":"https:\/\/www.cdlbc.com.br\/portal\/wp-json\/wp\/v2\/types\/post"}],"author":[{"embeddable":true,"href":"https:\/\/www.cdlbc.com.br\/portal\/wp-json\/wp\/v2\/users\/1"}],"replies":[{"embeddable":true,"href":"https:\/\/www.cdlbc.com.br\/portal\/wp-json\/wp\/v2\/comments?post=2828"}],"version-history":[{"count":0,"href":"https:\/\/www.cdlbc.com.br\/portal\/wp-json\/wp\/v2\/posts\/2828\/revisions"}],"wp:attachment":[{"href":"https:\/\/www.cdlbc.com.br\/portal\/wp-json\/wp\/v2\/media?parent=2828"}],"wp:term":[{"taxonomy":"category","embeddable":true,"href":"https:\/\/www.cdlbc.com.br\/portal\/wp-json\/wp\/v2\/categories?post=2828"},{"taxonomy":"post_tag","embeddable":true,"href":"https:\/\/www.cdlbc.com.br\/portal\/wp-json\/wp\/v2\/tags?post=2828"}],"curies":[{"name":"wp","href":"https:\/\/api.w.org\/{rel}","templated":true}]}}