{"id":2823,"date":"2014-07-15T17:55:00","date_gmt":"2014-07-15T17:55:00","guid":{"rendered":"http:\/\/www.cdlbc.com.br\/portal\/noticias\/florianopolis-sedia-feira-do-empreendedor\/"},"modified":"2014-07-15T17:55:00","modified_gmt":"2014-07-15T17:55:00","slug":"florianopolis-sedia-feira-do-empreendedor","status":"publish","type":"post","link":"https:\/\/www.cdlbc.com.br\/portal\/noticias\/florianopolis-sedia-feira-do-empreendedor\/","title":{"rendered":"Florian\u00f3polis sedia Feira do Empreendedor"},"content":{"rendered":"<div class=\"ftpimagefix\" style=\"float:left\"><img decoding=\"async\" width=\"250\" alt=\"Foto: Edson Pelence \" src=\"http:\/\/economiasc.com.br\/wp-content\/uploads\/2014\/07\/feira-dpo-empreendedor-2012-Foto-Edson-Pelence-300x199.jpg\"><\/div>\n<p>Feira do Empreendedor, do Sebrae\/SC come\u00e7a nesta quinta-feira, dia 17. Foto: Edson Pelence<\/p>\n<p align=\"center\">Come\u00e7a nesta quinta-feira, 17, a 10\u00aa edi\u00e7\u00e3o da Feira do Empreendedor, do Sebrae\/SC.  O calend\u00e1rio de palestras e encontros da Feira busca atender empres\u00e1rios de diversos setores que movimentam a economia catarinense e potenciais empres\u00e1rios. A Feira do Empreendedor deste ano ser\u00e1 realizada no CentroSul, em Florian\u00f3polis, de 17 a 20 de julho, das 13 \u00e0s 21h. A abertura oficial, com a presen\u00e7a da diretoria do Sebrae\/SC, ser\u00e1 dia 17, \u00e0s 19h30.<\/p>\n<p>Ao todo ser\u00e3o mais de 100 palestras e oficinas sobre empreendedorismo, mercado e finan\u00e7as, al\u00e9m a\u00e7\u00f5es especiais promovidas por parceiros, como:Google, Facebook e Mercado Livre. As atividades est\u00e3o divididas nos quatro dias de evento e distribuem-se em hor\u00e1rios alternados. \u201cTrouxemos nossos especialistas, consultores com vasta experi\u00eancia para atender no evento. O que levamos em considera\u00e7\u00e3o neste ano s\u00e3o os diferentes assuntos que podem ser abordados dentro dos temas empreendedorismo e gest\u00e3o de empresas, com destaque nos resultados das pesquisas realizadas para a Feira do Empreendedor: tend\u00eancias de neg\u00f3cios e lacunas para a regi\u00e3o da grande Florian\u00f3polis\u201d,ressalta a gestora da Feira do Empreendedor 2014, Josiane Minuzzi.<\/p>\n<p>O Sebrae\/SC, em parceria com o Google, promove durante o evento, duas edi\u00e7\u00f5es da palestra \u201cGoogle faz a web trabalhar para o seu neg\u00f3cio\u201d. O evento tem como objetivo apresentar aos empres\u00e1rios as alternativas para que micro e pequenas empresas obtenham presen\u00e7a online, como endere\u00e7os na internet e sites.<\/p>\n<p>\u201cA palestra do Google \u00e9 mais uma alternativa oferecida aos visitantes da Feira do Empreendedor para que os empres\u00e1rios aprendam mais sobre a import\u00e2ncia e o potencial do uso da internet para alavancar micro e pequenos neg\u00f3cios\u201d, afirma a Gestora da Feira do Empreendedor 2014, Josiane Minuzzi.<\/p>\n<p>A palestra tamb\u00e9m ir\u00e1 apresentar as ferramentas de produtividade oferecidas pelo Google. O palestrante ser\u00e1 Rodrigo Camara, publicit\u00e1rio e s\u00f3cio-diretor da empresa Goobec Brasil. Rodrigo atua como instrutor e palestrante em temas relacionados ao Google e Marketing Digital.<\/p>\n<p>Al\u00e9m do Google, o Facebook tamb\u00e9m estar\u00e1 presente no evento, com mais uma edi\u00e7\u00e3o do Summit Florian\u00f3polis \u2013 Facebook para Pequenos Neg\u00f3cios. O evento tem como objetivo apresentar aos empres\u00e1rios as possibilidades de incrementar a comunica\u00e7\u00e3o em suas empresas por meio do marketing digital e dos diferentes recursos e ferramentas que o Facebook oferece.<\/p>\n<p>\u201cO que queremos com o evento \u00e9 mostrar ao empreendedor que a simples presen\u00e7a da sua empresa no Facebook n\u00e3o \u00e9 garantia de sucesso. \u00c9 preciso conhecer as necessidades e interesses dos usu\u00e1rios para se posicionar da maneira adequada, criando estrat\u00e9gias para o uso do marketing digital\u201d, explica Josiane.<\/p>\n<p>Tamb\u00e9m faz parte da programa\u00e7\u00e3o o programa de capacita\u00e7\u00e3o Startup SC, que tem como foco principal impulsionar as empresas que desenvolvem produtos e modelos de neg\u00f3cios inovadores com foco em tecnologia, as chamadas startups. O programa \u00e9 baseado em mentoria e educa\u00e7\u00e3o empresarial com alguns dos maiores profissionais doecossistema empreendedor e de diversas \u00e1reas estrat\u00e9gicas, que os ajudam os participantes a preparar seus neg\u00f3cios para ingressarem ou se consolidarem no mercado de maneira sustent\u00e1vel. Al\u00e9m de o programa ser totalmente gratuito, o Sebrae\/SC realizou uma s\u00e9rie de parcerias estrat\u00e9gicas com a Amazon Web Services, Conta Azul, Sendgrid, 99Designs, Resultados Digitais e espa\u00e7os de coworking, visando entregar mais benef\u00edcios para as startups participantes do programa.<\/p>\n<p>A feira conta com um aplicativo gratuito desenvolvido para IOS e Android  com a programa\u00e7\u00e3o e not\u00edcias sobre o evento. A ferramenta foi criada pela empresa MobLee, participante do programa de capacita\u00e7\u00e3o Startup SC, do Sebrae\/SC. \u201cUma ferramenta muito legal do aplicativo \u00e9 que o visitante poder\u00e1 acessar os dados do expositor e criar ali um bloco de notas, com informa\u00e7\u00f5es adquiridas durante a visita\u201d, destaca Andr\u00e9 Rodrigues, respons\u00e1vel pela comunica\u00e7\u00e3o da MobLee.<\/p>\n<p>Todas as palestras e encontros s\u00e3o gratuitos, e para participar da Feira os interessados devem fazer  inscri\u00e7\u00e3o gratuita pelo www.feiradoempreendedor.com.br at\u00e9 15\/julho, ou no local do evento com o custo de R$5.<\/p>\n<\/p>\n<p>The post Florian\u00f3polis sedia Feira do Empreendedor appeared first on Economia SC.<\/p>\n<p>Via: <a href=\"http:\/\/economiasc.com.br\/florianopolis-sedia-feira-empreendedor\/\" class=\"colorbox\" title=\"Florian\u00f3polis sedia Feira do Empreendedor\">economiasc.com.br<\/a><\/p>\n","protected":false},"excerpt":{"rendered":"<div class=\"ftpimagefix\" style=\"float:left\"><img decoding=\"async\" width=\"250\" alt=\"Foto: Edson Pelence \" src=\"http:\/\/economiasc.com.br\/wp-content\/uploads\/2014\/07\/feira-dpo-empreendedor-2012-Foto-Edson-Pelence-300x199.jpg\"><\/div>\n<p>Feira do Empreendedor, do Sebrae\/SC come\u00e7a nesta quinta-feira, dia 17. Foto: Edson Pelence<\/p>\n<p align=\"center\">Come\u00e7a nesta quinta-feira, 17, a 10\u00aa edi\u00e7\u00e3o da Feira do Empreendedor, do Sebrae\/SC.  O calend\u00e1rio de palestras e encontros da Feira busca atender empres\u00e1rios de diversos setores que movimentam a economia catarinense e potenciais empres\u00e1rios. A Feira do Empreendedor deste ano ser\u00e1 realizada no CentroSul, em Florian\u00f3polis, de 17 a 20 de julho, das 13 \u00e0s 21h. A abertura oficial, com a presen\u00e7a da diretoria do Sebrae\/SC, ser\u00e1 dia 17, \u00e0s 19h30.<\/p>\n<p>Ao todo ser\u00e3o mais de 100 palestras e oficinas sobre empreendedorismo, mercado e finan\u00e7as, al\u00e9m a\u00e7\u00f5es especiais promovidas por parceiros, como:Google, Facebook e Mercado Livre. As atividades est\u00e3o divididas nos quatro dias de evento e distribuem-se em hor\u00e1rios alternados. \u201cTrouxemos nossos especialistas, consultores com vasta experi\u00eancia para atender no evento. O que levamos em considera\u00e7\u00e3o neste ano s\u00e3o os diferentes assuntos que podem ser abordados dentro dos temas empreendedorismo e gest\u00e3o de empresas, com destaque nos resultados das pesquisas realizadas para a Feira do Empreendedor: tend\u00eancias de neg\u00f3cios e lacunas para a regi\u00e3o da grande Florian\u00f3polis\u201d,ressalta a gestora da Feira do Empreendedor 2014, Josiane Minuzzi.<\/p>\n<p>O Sebrae\/SC, em parceria com o Google, promove durante o evento, duas edi\u00e7\u00f5es da palestra \u201cGoogle faz a web trabalhar para o seu neg\u00f3cio\u201d. O evento tem como objetivo apresentar aos empres\u00e1rios as alternativas para que micro e pequenas empresas obtenham presen\u00e7a online, como endere\u00e7os na internet e sites.<\/p>\n<p>\u201cA palestra do Google \u00e9 mais uma alternativa oferecida aos visitantes da Feira do Empreendedor para que os empres\u00e1rios aprendam mais sobre a import\u00e2ncia e o potencial do uso da internet para alavancar micro e pequenos neg\u00f3cios\u201d, afirma a Gestora da Feira do Empreendedor 2014, Josiane Minuzzi.<\/p>\n<p>A palestra tamb\u00e9m ir\u00e1 apresentar as ferramentas de produtividade oferecidas pelo Google. O palestrante ser\u00e1 Rodrigo Camara, publicit\u00e1rio e s\u00f3cio-diretor da empresa Goobec Brasil. Rodrigo atua como instrutor e palestrante em temas relacionados ao Google e Marketing Digital.<\/p>\n<p>Al\u00e9m do Google, o Facebook tamb\u00e9m estar\u00e1 presente no evento, com mais uma edi\u00e7\u00e3o do Summit Florian\u00f3polis \u2013 Facebook para Pequenos Neg\u00f3cios. O evento tem como objetivo apresentar aos empres\u00e1rios as possibilidades de incrementar a comunica\u00e7\u00e3o em suas empresas por meio do marketing digital e dos diferentes recursos e ferramentas que o Facebook oferece.<\/p>\n<p>\u201cO que queremos com o evento \u00e9 mostrar ao empreendedor que a simples presen\u00e7a da sua empresa no Facebook n\u00e3o \u00e9 garantia de sucesso. \u00c9 preciso conhecer as necessidades e interesses dos usu\u00e1rios para se posicionar da maneira adequada, criando estrat\u00e9gias para o uso do marketing digital\u201d, explica Josiane.<\/p>\n<p>Tamb\u00e9m faz parte da programa\u00e7\u00e3o o programa de capacita\u00e7\u00e3o Startup SC, que tem como foco principal impulsionar as empresas que desenvolvem produtos e modelos de neg\u00f3cios inovadores com foco em tecnologia, as chamadas startups. O programa \u00e9 baseado em mentoria e educa\u00e7\u00e3o empresarial com alguns dos maiores profissionais doecossistema empreendedor e de diversas \u00e1reas estrat\u00e9gicas, que os ajudam os participantes a preparar seus neg\u00f3cios para ingressarem ou se consolidarem no mercado de maneira sustent\u00e1vel. Al\u00e9m de o programa ser totalmente gratuito, o Sebrae\/SC realizou uma s\u00e9rie de parcerias estrat\u00e9gicas com a Amazon Web Services, Conta Azul, Sendgrid, 99Designs, Resultados Digitais e espa\u00e7os de coworking, visando entregar mais benef\u00edcios para as startups participantes do programa.<\/p>\n<p>A feira conta com um aplicativo gratuito desenvolvido para IOS e Android  com a programa\u00e7\u00e3o e not\u00edcias sobre o evento. A ferramenta foi criada pela empresa MobLee, participante do programa de capacita\u00e7\u00e3o Startup SC, do Sebrae\/SC. \u201cUma ferramenta muito legal do aplicativo \u00e9 que o visitante poder\u00e1 acessar os dados do expositor e criar ali um bloco de notas, com informa\u00e7\u00f5es adquiridas durante a visita\u201d, destaca Andr\u00e9 Rodrigues, respons\u00e1vel pela comunica\u00e7\u00e3o da MobLee.<\/p>\n<p>Todas as palestras e encontros s\u00e3o gratuitos, e para participar da Feira os interessados devem fazer  inscri\u00e7\u00e3o gratuita pelo www.feiradoempreendedor.com.br at\u00e9 15\/julho, ou no local do evento com o custo de R$5.<\/p>\n<\/p>\n<p>The post Florian\u00f3polis sedia Feira do Empreendedor appeared first on Economia SC.<\/p>\n","protected":false},"author":1,"featured_media":0,"comment_status":"open","ping_status":"open","sticky":false,"template":"","format":"standard","meta":{"footnotes":""},"categories":[5],"tags":[],"class_list":["post-2823","post","type-post","status-publish","format-standard","hentry","category-noticias","no-post-thumbnail"],"_links":{"self":[{"href":"https:\/\/www.cdlbc.com.br\/portal\/wp-json\/wp\/v2\/posts\/2823","targetHints":{"allow":["GET"]}}],"collection":[{"href":"https:\/\/www.cdlbc.com.br\/portal\/wp-json\/wp\/v2\/posts"}],"about":[{"href":"https:\/\/www.cdlbc.com.br\/portal\/wp-json\/wp\/v2\/types\/post"}],"author":[{"embeddable":true,"href":"https:\/\/www.cdlbc.com.br\/portal\/wp-json\/wp\/v2\/users\/1"}],"replies":[{"embeddable":true,"href":"https:\/\/www.cdlbc.com.br\/portal\/wp-json\/wp\/v2\/comments?post=2823"}],"version-history":[{"count":0,"href":"https:\/\/www.cdlbc.com.br\/portal\/wp-json\/wp\/v2\/posts\/2823\/revisions"}],"wp:attachment":[{"href":"https:\/\/www.cdlbc.com.br\/portal\/wp-json\/wp\/v2\/media?parent=2823"}],"wp:term":[{"taxonomy":"category","embeddable":true,"href":"https:\/\/www.cdlbc.com.br\/portal\/wp-json\/wp\/v2\/categories?post=2823"},{"taxonomy":"post_tag","embeddable":true,"href":"https:\/\/www.cdlbc.com.br\/portal\/wp-json\/wp\/v2\/tags?post=2823"}],"curies":[{"name":"wp","href":"https:\/\/api.w.org\/{rel}","templated":true}]}}