{"id":2817,"date":"2014-07-15T16:22:00","date_gmt":"2014-07-15T16:22:00","guid":{"rendered":"http:\/\/www.cdlbc.com.br\/portal\/noticias\/intencao-de-consumo-das-familias-aumenta-01\/"},"modified":"2014-07-15T16:22:00","modified_gmt":"2014-07-15T16:22:00","slug":"intencao-de-consumo-das-familias-aumenta-01","status":"publish","type":"post","link":"https:\/\/www.cdlbc.com.br\/portal\/noticias\/intencao-de-consumo-das-familias-aumenta-01\/","title":{"rendered":"Inten\u00e7\u00e3o de Consumo das Fam\u00edlias aumenta 0,1%"},"content":{"rendered":"<div class=\"ftpimagefix\" style=\"float:left\"><img decoding=\"async\" width=\"250\" alt=\"Inten\u00e7\u00e3o de Consumo das Fam\u00edlias fechou junho com estabilidade em rela\u00e7\u00e3o ao m\u00eas anterior. Foto: Divulga\u00e7\u00e3o\" src=\"http:\/\/economiasc.com.br\/wp-content\/uploads\/2014\/07\/consumidor-300x188.jpg\"><\/div>\n<p>Inten\u00e7\u00e3o de Consumo das Fam\u00edlias fechou junho com estabilidade em rela\u00e7\u00e3o ao m\u00eas anterior. Foto: Divulga\u00e7\u00e3o<\/p>\n<p>A Inten\u00e7\u00e3o de Consumo das Fam\u00edlias (ICF) fechou junho com indicativo de estabilidade, ao registrar aumento de 0,1% na compara\u00e7\u00e3o com o m\u00eas anterior, indo a 120,6 pontos, depois de fechar o primeiro semestre do ano em queda.O indicador foi divulgado nesta ter\u00e7a-feira, dia 15, pela Confedera\u00e7\u00e3o Nacional do Com\u00e9rcio de Bens e Turismo (CNC), ressaltando, no entanto, que em rela\u00e7\u00e3o a julho do ano passado, o ICF fechou com queda de 3,5%.<\/p>\n<p>Na avalia\u00e7\u00e3o da CNC, \u201ca desacelera\u00e7\u00e3o recente da infla\u00e7\u00e3o de alimentos e os efeitos tempor\u00e1rios produzidos pela Copa do Mundo podem ter auxiliado na manuten\u00e7\u00e3o geral das perspectivas\u201d. Mesmo que ainda em base t\u00edmidas de recupera\u00e7\u00e3o, o \u00edndice permanece acima da zona de indiferen\u00e7a (100 pontos), indicando, portanto, um n\u00edvel favor\u00e1vel.<\/p>\n<p>Na avalia\u00e7\u00e3o da economista da CNC Juliana Serapio, \u00e9 necess\u00e1rio enfatizar que, apesar do resultado positivo de julho, a percep\u00e7\u00e3o das fam\u00edlias n\u00e3o muda t\u00e3o rapidamente. \u201cAs perspectivas para emprego e consumo seguem desaquecidas. O componente perspectiva profissional teve o menor valor da s\u00e9rie hist\u00f3rica (117,8 pontos), e o n\u00edvel de consumo atual apresentou insatisfa\u00e7\u00e3o das fam\u00edlias (abaixo de 100 pontos)\u201d, justificou.<\/p>\n<p>A CNC lembra, ainda, que o item sobre consumo de bens dur\u00e1veis teve a maior queda na compara\u00e7\u00e3o anual, ao fechar julho em \u2013 13,4%, voltando a registrar o menor patamar da s\u00e9rie hist\u00f3rica (105,7).<\/p>\n<p>Para a economista da CNC, o comportamento \u00e9 um reflexo do encarecimento do cr\u00e9dito. \u201cA taxa de juros para pessoas f\u00edsicas atingiu, na \u00faltima divulga\u00e7\u00e3o, o maior valor desde julho de 2011\u201d, ressaltou.<\/p>\n<p>Na previs\u00e3o para o resto do ano, ao analisar as condi\u00e7\u00f5es atuais e as perspectivas futuras da economia dom\u00e9stica, a CNC revisou novamente para baixo a expectativa do volume de vendas do varejo, que passou de 4,7% para 4,5% em 2014. <strong>(Ag\u00eancia Brasil)<\/strong><\/p>\n<p>The post Inten\u00e7\u00e3o de Consumo das Fam\u00edlias aumenta 0,1% appeared first on Economia SC.<\/p>\n<p>Via: <a href=\"http:\/\/economiasc.com.br\/intencao-de-consumo-das-familias-aumenta-01\/\" class=\"colorbox\" title=\"Inten\u00e7\u00e3o de Consumo das Fam\u00edlias aumenta 0,1%\">economiasc.com.br<\/a><\/p>\n","protected":false},"excerpt":{"rendered":"<div class=\"ftpimagefix\" style=\"float:left\"><img decoding=\"async\" width=\"250\" alt=\"Inten\u00e7\u00e3o de Consumo das Fam\u00edlias fechou junho com estabilidade em rela\u00e7\u00e3o ao m\u00eas anterior. Foto: Divulga\u00e7\u00e3o\" src=\"http:\/\/economiasc.com.br\/wp-content\/uploads\/2014\/07\/consumidor-300x188.jpg\"><\/div>\n<p>Inten\u00e7\u00e3o de Consumo das Fam\u00edlias fechou junho com estabilidade em rela\u00e7\u00e3o ao m\u00eas anterior. Foto: Divulga\u00e7\u00e3o<\/p>\n<p>A Inten\u00e7\u00e3o de Consumo das Fam\u00edlias (ICF) fechou junho com indicativo de estabilidade, ao registrar aumento de 0,1% na compara\u00e7\u00e3o com o m\u00eas anterior, indo a 120,6 pontos, depois de fechar o primeiro semestre do ano em queda.O indicador foi divulgado nesta ter\u00e7a-feira, dia 15, pela Confedera\u00e7\u00e3o Nacional do Com\u00e9rcio de Bens e Turismo (CNC), ressaltando, no entanto, que em rela\u00e7\u00e3o a julho do ano passado, o ICF fechou com queda de 3,5%.<\/p>\n<p>Na avalia\u00e7\u00e3o da CNC, \u201ca desacelera\u00e7\u00e3o recente da infla\u00e7\u00e3o de alimentos e os efeitos tempor\u00e1rios produzidos pela Copa do Mundo podem ter auxiliado na manuten\u00e7\u00e3o geral das perspectivas\u201d. Mesmo que ainda em base t\u00edmidas de recupera\u00e7\u00e3o, o \u00edndice permanece acima da zona de indiferen\u00e7a (100 pontos), indicando, portanto, um n\u00edvel favor\u00e1vel.<\/p>\n<p>Na avalia\u00e7\u00e3o da economista da CNC Juliana Serapio, \u00e9 necess\u00e1rio enfatizar que, apesar do resultado positivo de julho, a percep\u00e7\u00e3o das fam\u00edlias n\u00e3o muda t\u00e3o rapidamente. \u201cAs perspectivas para emprego e consumo seguem desaquecidas. O componente perspectiva profissional teve o menor valor da s\u00e9rie hist\u00f3rica (117,8 pontos), e o n\u00edvel de consumo atual apresentou insatisfa\u00e7\u00e3o das fam\u00edlias (abaixo de 100 pontos)\u201d, justificou.<\/p>\n<p>A CNC lembra, ainda, que o item sobre consumo de bens dur\u00e1veis teve a maior queda na compara\u00e7\u00e3o anual, ao fechar julho em \u2013 13,4%, voltando a registrar o menor patamar da s\u00e9rie hist\u00f3rica (105,7).<\/p>\n<p>Para a economista da CNC, o comportamento \u00e9 um reflexo do encarecimento do cr\u00e9dito. \u201cA taxa de juros para pessoas f\u00edsicas atingiu, na \u00faltima divulga\u00e7\u00e3o, o maior valor desde julho de 2011\u201d, ressaltou.<\/p>\n<p>Na previs\u00e3o para o resto do ano, ao analisar as condi\u00e7\u00f5es atuais e as perspectivas futuras da economia dom\u00e9stica, a CNC revisou novamente para baixo a expectativa do volume de vendas do varejo, que passou de 4,7% para 4,5% em 2014. <strong>(Ag\u00eancia Brasil)<\/strong><\/p>\n<p>The post Inten\u00e7\u00e3o de Consumo das Fam\u00edlias aumenta 0,1% appeared first on Economia SC.<\/p>\n","protected":false},"author":1,"featured_media":0,"comment_status":"open","ping_status":"open","sticky":false,"template":"","format":"standard","meta":{"footnotes":""},"categories":[5],"tags":[],"class_list":["post-2817","post","type-post","status-publish","format-standard","hentry","category-noticias","no-post-thumbnail"],"_links":{"self":[{"href":"https:\/\/www.cdlbc.com.br\/portal\/wp-json\/wp\/v2\/posts\/2817","targetHints":{"allow":["GET"]}}],"collection":[{"href":"https:\/\/www.cdlbc.com.br\/portal\/wp-json\/wp\/v2\/posts"}],"about":[{"href":"https:\/\/www.cdlbc.com.br\/portal\/wp-json\/wp\/v2\/types\/post"}],"author":[{"embeddable":true,"href":"https:\/\/www.cdlbc.com.br\/portal\/wp-json\/wp\/v2\/users\/1"}],"replies":[{"embeddable":true,"href":"https:\/\/www.cdlbc.com.br\/portal\/wp-json\/wp\/v2\/comments?post=2817"}],"version-history":[{"count":0,"href":"https:\/\/www.cdlbc.com.br\/portal\/wp-json\/wp\/v2\/posts\/2817\/revisions"}],"wp:attachment":[{"href":"https:\/\/www.cdlbc.com.br\/portal\/wp-json\/wp\/v2\/media?parent=2817"}],"wp:term":[{"taxonomy":"category","embeddable":true,"href":"https:\/\/www.cdlbc.com.br\/portal\/wp-json\/wp\/v2\/categories?post=2817"},{"taxonomy":"post_tag","embeddable":true,"href":"https:\/\/www.cdlbc.com.br\/portal\/wp-json\/wp\/v2\/tags?post=2817"}],"curies":[{"name":"wp","href":"https:\/\/api.w.org\/{rel}","templated":true}]}}