{"id":2816,"date":"2014-07-15T16:08:00","date_gmt":"2014-07-15T16:08:00","guid":{"rendered":"http:\/\/www.cdlbc.com.br\/portal\/noticias\/alimentos-sem-gluten-serao-destaques-na-fipan-2014\/"},"modified":"2014-07-15T16:08:00","modified_gmt":"2014-07-15T16:08:00","slug":"alimentos-sem-gluten-serao-destaques-na-fipan-2014","status":"publish","type":"post","link":"https:\/\/www.cdlbc.com.br\/portal\/noticias\/alimentos-sem-gluten-serao-destaques-na-fipan-2014\/","title":{"rendered":"Alimentos sem gl\u00faten ser\u00e3o destaques na Fipan 2014"},"content":{"rendered":"<div class=\"ftpimagefix\" style=\"float:left\"><img decoding=\"async\" width=\"250\" alt=\"Bertin Gl\u00faten Free apresenta linha destinada aos cel\u00edacos. Foto: Valeria Zoppello\/Divulga\u00e7\u00e3o\" src=\"http:\/\/economiasc.com.br\/wp-content\/uploads\/2014\/07\/227998_418177__mg_5081_valeria_zoppello-300x198.jpg\"><\/div>\n<p>Bertin Gl\u00faten Free apresenta linha destinada aos cel\u00edacos. Foto: Valeria Zoppello\/Divulga\u00e7\u00e3o<\/p>\n<p>A Fipan (Feira Internacional de Panifica\u00e7\u00e3o, Confeitaria e Varejo Independente de Alimentos),  quinta maior setorial do mundo e a maior da Am\u00e9rica Latina, come\u00e7a nesta ter\u00e7a-feira, dia 15, e vai at\u00e9 sexta, dia 18, em S\u00e3o Paulo, no Expo Center Norte.  No ano passado, a feira recebeu cerca de 60 mil pessoas gerou mais de R$ 800 milh\u00f5es de neg\u00f3cios.<\/p>\n<p>Uma das participantes ser\u00e1 a Chico Geraes \u2013 Alimentos Finos de Minas, de Juiz de Fora, MG. A empresa far\u00e1 o lan\u00e7amento do P\u00e3o de Queijo sem gl\u00faten e sem lactose \u2013 a grande novidade da sua linha \u201cSem Gl\u00faten\u201d. \u201dO p\u00e3o de queijo \u00e9 um alimento tipicamente mineiro e bastante consumido em todo o Brasil. Naturalmente, ele n\u00e3o possui o gl\u00faten, mas pode ser contaminado durante o processo de feitura. Pensando nisso, elaboramos uma mistura para este alimento isento de gl\u00faten e lactose, por\u00e9m, destinado a todas as pessoas que apreciam um bom p\u00e3o de queijo, saboroso, macio e crocante\u201d<i>, <\/i>explicou Francisco Mendon\u00e7a, diretor da Chico Geraes.<\/p>\n<p>Outra empresa que pensa nos cel\u00edacos \u00e9 a Bertin Gl\u00faten Free, de S\u00e3o Paulo, SP. A marca ir\u00e1 expor p\u00e3es que tamb\u00e9m v\u00e3o atrair a aten\u00e7\u00e3o de quem est\u00e1 de dieta, como o p\u00e3o integral, p\u00e3o de forma, p\u00e3o preto, p\u00e3o de hot dog, p\u00e3o de hamb\u00farguer, baby roll (mini p\u00e3es), torradas e farinha de rosca. <i>\u201c<\/i>Todos os nossos produtos s\u00e3o destinados \u00e0queles que possuem rejei\u00e7\u00e3o ao gl\u00faten<i>\u201c, <\/i>enfatizou Marcelo Martins, diretor da empresa, que destacou. <i>\u201c<\/i>S\u00f3 em S\u00e3o Paulo s\u00e3o vendidos mais de 15 milh\u00f5es de p\u00e3ezinhos por dia. O potencial do nosso setor \u00e9 enorme, por isso, \u00e9 obriga\u00e7\u00e3o estarmos presentes na Fipan. Al\u00e9m de alavancar nossa marca, o evento ser\u00e1 de grande valia para networking. Atualmente, trabalhamos na expans\u00e3o da Berti Gl\u00faten Free<i>\u201c,<\/i>afirmou.<\/p>\n<p>A Fipan 2014 \u00e9 realizada pelo Samp\u00e3o \u2013 Sindicato e Associa\u00e7\u00e3o dos Industriais da Panifica\u00e7\u00e3o e Confeitaria. O hor\u00e1rio de funcionamento ser\u00e1 das 13h \u00e0s 21h.<\/p>\n<p>The post Alimentos sem gl\u00faten ser\u00e3o destaques na Fipan 2014 appeared first on Economia SC.<\/p>\n<p>Via: <a href=\"http:\/\/economiasc.com.br\/alimentos-sem-gluten-serao-destaques-na-fipan-2014\/\" class=\"colorbox\" title=\"Alimentos sem gl\u00faten ser\u00e3o destaques na Fipan 2014\">economiasc.com.br<\/a><\/p>\n","protected":false},"excerpt":{"rendered":"<div class=\"ftpimagefix\" style=\"float:left\"><img decoding=\"async\" width=\"250\" alt=\"Bertin Gl\u00faten Free apresenta linha destinada aos cel\u00edacos. Foto: Valeria Zoppello\/Divulga\u00e7\u00e3o\" src=\"http:\/\/economiasc.com.br\/wp-content\/uploads\/2014\/07\/227998_418177__mg_5081_valeria_zoppello-300x198.jpg\"><\/div>\n<p>Bertin Gl\u00faten Free apresenta linha destinada aos cel\u00edacos. Foto: Valeria Zoppello\/Divulga\u00e7\u00e3o<\/p>\n<p>A Fipan (Feira Internacional de Panifica\u00e7\u00e3o, Confeitaria e Varejo Independente de Alimentos),  quinta maior setorial do mundo e a maior da Am\u00e9rica Latina, come\u00e7a nesta ter\u00e7a-feira, dia 15, e vai at\u00e9 sexta, dia 18, em S\u00e3o Paulo, no Expo Center Norte.  No ano passado, a feira recebeu cerca de 60 mil pessoas gerou mais de R$ 800 milh\u00f5es de neg\u00f3cios.<\/p>\n<p>Uma das participantes ser\u00e1 a Chico Geraes \u2013 Alimentos Finos de Minas, de Juiz de Fora, MG. A empresa far\u00e1 o lan\u00e7amento do P\u00e3o de Queijo sem gl\u00faten e sem lactose \u2013 a grande novidade da sua linha \u201cSem Gl\u00faten\u201d. \u201dO p\u00e3o de queijo \u00e9 um alimento tipicamente mineiro e bastante consumido em todo o Brasil. Naturalmente, ele n\u00e3o possui o gl\u00faten, mas pode ser contaminado durante o processo de feitura. Pensando nisso, elaboramos uma mistura para este alimento isento de gl\u00faten e lactose, por\u00e9m, destinado a todas as pessoas que apreciam um bom p\u00e3o de queijo, saboroso, macio e crocante\u201d<i>, <\/i>explicou Francisco Mendon\u00e7a, diretor da Chico Geraes.<\/p>\n<p>Outra empresa que pensa nos cel\u00edacos \u00e9 a Bertin Gl\u00faten Free, de S\u00e3o Paulo, SP. A marca ir\u00e1 expor p\u00e3es que tamb\u00e9m v\u00e3o atrair a aten\u00e7\u00e3o de quem est\u00e1 de dieta, como o p\u00e3o integral, p\u00e3o de forma, p\u00e3o preto, p\u00e3o de hot dog, p\u00e3o de hamb\u00farguer, baby roll (mini p\u00e3es), torradas e farinha de rosca. <i>\u201c<\/i>Todos os nossos produtos s\u00e3o destinados \u00e0queles que possuem rejei\u00e7\u00e3o ao gl\u00faten<i>\u201c, <\/i>enfatizou Marcelo Martins, diretor da empresa, que destacou. <i>\u201c<\/i>S\u00f3 em S\u00e3o Paulo s\u00e3o vendidos mais de 15 milh\u00f5es de p\u00e3ezinhos por dia. O potencial do nosso setor \u00e9 enorme, por isso, \u00e9 obriga\u00e7\u00e3o estarmos presentes na Fipan. Al\u00e9m de alavancar nossa marca, o evento ser\u00e1 de grande valia para networking. Atualmente, trabalhamos na expans\u00e3o da Berti Gl\u00faten Free<i>\u201c,<\/i>afirmou.<\/p>\n<p>A Fipan 2014 \u00e9 realizada pelo Samp\u00e3o \u2013 Sindicato e Associa\u00e7\u00e3o dos Industriais da Panifica\u00e7\u00e3o e Confeitaria. O hor\u00e1rio de funcionamento ser\u00e1 das 13h \u00e0s 21h.<\/p>\n<p>The post Alimentos sem gl\u00faten ser\u00e3o destaques na Fipan 2014 appeared first on Economia SC.<\/p>\n","protected":false},"author":1,"featured_media":0,"comment_status":"open","ping_status":"open","sticky":false,"template":"","format":"standard","meta":{"footnotes":""},"categories":[5],"tags":[],"class_list":["post-2816","post","type-post","status-publish","format-standard","hentry","category-noticias","no-post-thumbnail"],"_links":{"self":[{"href":"https:\/\/www.cdlbc.com.br\/portal\/wp-json\/wp\/v2\/posts\/2816","targetHints":{"allow":["GET"]}}],"collection":[{"href":"https:\/\/www.cdlbc.com.br\/portal\/wp-json\/wp\/v2\/posts"}],"about":[{"href":"https:\/\/www.cdlbc.com.br\/portal\/wp-json\/wp\/v2\/types\/post"}],"author":[{"embeddable":true,"href":"https:\/\/www.cdlbc.com.br\/portal\/wp-json\/wp\/v2\/users\/1"}],"replies":[{"embeddable":true,"href":"https:\/\/www.cdlbc.com.br\/portal\/wp-json\/wp\/v2\/comments?post=2816"}],"version-history":[{"count":0,"href":"https:\/\/www.cdlbc.com.br\/portal\/wp-json\/wp\/v2\/posts\/2816\/revisions"}],"wp:attachment":[{"href":"https:\/\/www.cdlbc.com.br\/portal\/wp-json\/wp\/v2\/media?parent=2816"}],"wp:term":[{"taxonomy":"category","embeddable":true,"href":"https:\/\/www.cdlbc.com.br\/portal\/wp-json\/wp\/v2\/categories?post=2816"},{"taxonomy":"post_tag","embeddable":true,"href":"https:\/\/www.cdlbc.com.br\/portal\/wp-json\/wp\/v2\/tags?post=2816"}],"curies":[{"name":"wp","href":"https:\/\/api.w.org\/{rel}","templated":true}]}}