{"id":2814,"date":"2014-07-15T14:08:00","date_gmt":"2014-07-15T14:08:00","guid":{"rendered":"http:\/\/www.cdlbc.com.br\/portal\/noticias\/expoagro-reune-10-mil-pessoas-em-ibirama\/"},"modified":"2014-07-15T14:08:00","modified_gmt":"2014-07-15T14:08:00","slug":"expoagro-reune-10-mil-pessoas-em-ibirama","status":"publish","type":"post","link":"https:\/\/www.cdlbc.com.br\/portal\/noticias\/expoagro-reune-10-mil-pessoas-em-ibirama\/","title":{"rendered":"Expoagro re\u00fane 10 mil pessoas em Ibirama"},"content":{"rendered":"<div class=\"ftpimagefix\" style=\"float:left\"><img decoding=\"async\" width=\"250\" alt=\"Desfile com mais de 80 m\u00e1quinas agr\u00edcolas passou por diversas ruas de Ibirama durante a Expoagro. Foto: Divulga\u00e7\u00e3o\" src=\"http:\/\/economiasc.com.br\/wp-content\/uploads\/2014\/07\/expoagro-ibirama-2014-tratoraco-300x193.jpg\"><\/div>\n<p>Desfile com mais de 80 m\u00e1quinas agr\u00edcolas passou por diversas ruas de Ibirama durante a Expoagro. Foto: Divulga\u00e7\u00e3o<\/p>\n<p>A Festa do Agroneg\u00f3cio de Ibirama, a Expoagro, contou com feira de neg\u00f3cios, concurso de tomadores de chope em balde, artesanato, bailes e culin\u00e1ria local. O evento reuniu aproximadamente 10 mil pessoas no Centro de Eventos Ribeir\u00e3o Taquaras e foi encerrado neste domingo, dia 13.<\/p>\n<p>A exposi\u00e7\u00e3o e a premia\u00e7\u00e3o de animais foram destaque e contaram pela primeira vez com a exposi\u00e7\u00e3o de cavalos e p\u00f4neis. \u201cA Expoagro \u00e9 muito importante para mostrar um pouco do trabalho de nossas associa\u00e7\u00f5es para todos os moradores e visitantes. Queremos evoluir e oferecer atra\u00e7\u00f5es cada vez melhores para todos que passam por aqui\u201d, comenta o prefeito de Ibirama, Osvaldo Beltramini.<\/p>\n<p><strong>Tratora\u00e7o<\/strong><\/p>\n<p>O desfile com mais de 80 m\u00e1quinas agr\u00edcolas passou por diversas ruas da cidade at\u00e9 chegar ao Centro de Eventos Ribeir\u00e3o Taquaras. Durante todo o trajeto, os participantes mostraram criatividade. Muitos dos tratores e m\u00e1quinas foram decorados especialmente para o evento que reuniu diferentes gera\u00e7\u00f5es. Anderson Bell enfeitou e colocou um som potente na m\u00e1quina do av\u00f4. \u201cEle nem reconheceu. \u00c9 uma maneira de homenagear o trabalho de agricultores como meu av\u00f4\u201d, disse. Seu Gerhard Schill trabalha h\u00e1 60 anos com agricultora e tamb\u00e9m fez quest\u00e3o de participar. \u201c\u00c9 um reconhecimento para quem trabalha e ajuda no desenvolvimento de Ibirama\u201d, contou.<\/p>\n<p>The post Expoagro re\u00fane 10 mil pessoas em Ibirama appeared first on Economia SC.<\/p>\n<p>Via: <a href=\"http:\/\/economiasc.com.br\/expoagro-reune-10-mil-pessoas-em-ibirama\/\" class=\"colorbox\" title=\"Expoagro re\u00fane 10 mil pessoas em Ibirama\">economiasc.com.br<\/a><\/p>\n","protected":false},"excerpt":{"rendered":"<div class=\"ftpimagefix\" style=\"float:left\"><img decoding=\"async\" width=\"250\" alt=\"Desfile com mais de 80 m\u00e1quinas agr\u00edcolas passou por diversas ruas de Ibirama durante a Expoagro. Foto: Divulga\u00e7\u00e3o\" src=\"http:\/\/economiasc.com.br\/wp-content\/uploads\/2014\/07\/expoagro-ibirama-2014-tratoraco-300x193.jpg\"><\/div>\n<p>Desfile com mais de 80 m\u00e1quinas agr\u00edcolas passou por diversas ruas de Ibirama durante a Expoagro. Foto: Divulga\u00e7\u00e3o<\/p>\n<p>A Festa do Agroneg\u00f3cio de Ibirama, a Expoagro, contou com feira de neg\u00f3cios, concurso de tomadores de chope em balde, artesanato, bailes e culin\u00e1ria local. O evento reuniu aproximadamente 10 mil pessoas no Centro de Eventos Ribeir\u00e3o Taquaras e foi encerrado neste domingo, dia 13.<\/p>\n<p>A exposi\u00e7\u00e3o e a premia\u00e7\u00e3o de animais foram destaque e contaram pela primeira vez com a exposi\u00e7\u00e3o de cavalos e p\u00f4neis. \u201cA Expoagro \u00e9 muito importante para mostrar um pouco do trabalho de nossas associa\u00e7\u00f5es para todos os moradores e visitantes. Queremos evoluir e oferecer atra\u00e7\u00f5es cada vez melhores para todos que passam por aqui\u201d, comenta o prefeito de Ibirama, Osvaldo Beltramini.<\/p>\n<p><strong>Tratora\u00e7o<\/strong><\/p>\n<p>O desfile com mais de 80 m\u00e1quinas agr\u00edcolas passou por diversas ruas da cidade at\u00e9 chegar ao Centro de Eventos Ribeir\u00e3o Taquaras. Durante todo o trajeto, os participantes mostraram criatividade. Muitos dos tratores e m\u00e1quinas foram decorados especialmente para o evento que reuniu diferentes gera\u00e7\u00f5es. Anderson Bell enfeitou e colocou um som potente na m\u00e1quina do av\u00f4. \u201cEle nem reconheceu. \u00c9 uma maneira de homenagear o trabalho de agricultores como meu av\u00f4\u201d, disse. Seu Gerhard Schill trabalha h\u00e1 60 anos com agricultora e tamb\u00e9m fez quest\u00e3o de participar. \u201c\u00c9 um reconhecimento para quem trabalha e ajuda no desenvolvimento de Ibirama\u201d, contou.<\/p>\n<p>The post Expoagro re\u00fane 10 mil pessoas em Ibirama appeared first on Economia SC.<\/p>\n","protected":false},"author":1,"featured_media":0,"comment_status":"open","ping_status":"open","sticky":false,"template":"","format":"standard","meta":{"footnotes":""},"categories":[5],"tags":[],"class_list":["post-2814","post","type-post","status-publish","format-standard","hentry","category-noticias","no-post-thumbnail"],"_links":{"self":[{"href":"https:\/\/www.cdlbc.com.br\/portal\/wp-json\/wp\/v2\/posts\/2814","targetHints":{"allow":["GET"]}}],"collection":[{"href":"https:\/\/www.cdlbc.com.br\/portal\/wp-json\/wp\/v2\/posts"}],"about":[{"href":"https:\/\/www.cdlbc.com.br\/portal\/wp-json\/wp\/v2\/types\/post"}],"author":[{"embeddable":true,"href":"https:\/\/www.cdlbc.com.br\/portal\/wp-json\/wp\/v2\/users\/1"}],"replies":[{"embeddable":true,"href":"https:\/\/www.cdlbc.com.br\/portal\/wp-json\/wp\/v2\/comments?post=2814"}],"version-history":[{"count":0,"href":"https:\/\/www.cdlbc.com.br\/portal\/wp-json\/wp\/v2\/posts\/2814\/revisions"}],"wp:attachment":[{"href":"https:\/\/www.cdlbc.com.br\/portal\/wp-json\/wp\/v2\/media?parent=2814"}],"wp:term":[{"taxonomy":"category","embeddable":true,"href":"https:\/\/www.cdlbc.com.br\/portal\/wp-json\/wp\/v2\/categories?post=2814"},{"taxonomy":"post_tag","embeddable":true,"href":"https:\/\/www.cdlbc.com.br\/portal\/wp-json\/wp\/v2\/tags?post=2814"}],"curies":[{"name":"wp","href":"https:\/\/api.w.org\/{rel}","templated":true}]}}