{"id":2813,"date":"2014-07-15T13:40:00","date_gmt":"2014-07-15T13:40:00","guid":{"rendered":"http:\/\/www.cdlbc.com.br\/portal\/noticias\/amfri-realiza-curso-sobre-captacao-de-recursos\/"},"modified":"2014-07-15T13:40:00","modified_gmt":"2014-07-15T13:40:00","slug":"amfri-realiza-curso-sobre-captacao-de-recursos","status":"publish","type":"post","link":"https:\/\/www.cdlbc.com.br\/portal\/noticias\/amfri-realiza-curso-sobre-captacao-de-recursos\/","title":{"rendered":"Amfri realiza curso sobre capta\u00e7\u00e3o de recursos"},"content":{"rendered":"<p>A Amfri (Associa\u00e7\u00e3o dos Munic\u00edpios da Foz do Rio Itaja\u00ed) promoveu um curso sobre no\u00e7\u00f5es gerais, processos, fontes para projetos e principalmente capta\u00e7\u00e3o de Recursos. Schirley Karine Fischer, assessora e consultora em capta\u00e7\u00e3o de recursos, foi a respons\u00e1vel por conduzir o evento. O curso teve como objetivo apresentar fontes alternativas para capta\u00e7\u00e3o de recursos, trazendo novas informa\u00e7\u00f5es atrav\u00e9s de diversos mecanismos de fomento, sejam eles fontes de recursos p\u00fablicos ou privados. Entre os temas abordados por Schirley, estiveram os programas em aberto, emendas parlamentares, patroc\u00ednios, doa\u00e7\u00f5es, e editais, al\u00e9m das leis de incentivo fiscal dos setores de cultura, esporte e sa\u00fade. A capacita\u00e7\u00e3o foi realizada na \u00faltima sexta, dia 11, e contou com 64 participantes, entre eles secret\u00e1rios, diretores e gestores municipais, al\u00e9m de membros e servidores dos mais variados \u00f3rg\u00e3os das prefeituras da regi\u00e3o.<\/p>\n<p>O assessor de projetos e conv\u00eanios da associa\u00e7\u00e3o, Roberto de Souza, explica que atualmente o foco principal dos munic\u00edpios s\u00e3o os recursos estaduais e federais atrav\u00e9s dos programas SIGEF e SICONV, e tamb\u00e9m as linhas de financiamento. Segundo ele, a import\u00e2ncia do curso esteve em apontar uma variedade de maneiras de captar recursos. \u201cEsta capacita\u00e7\u00e3o serviu para mostrar que h\u00e1 diversas formas de capta\u00e7\u00e3o de recursos ainda pouco aproveitadas, muitas delas sem comprometer o or\u00e7amento e a capacidade de endividamento dos munic\u00edpios\u201d, enfatiza.<\/p>\n<p>The post <a class=\"colorbox\" rel=\"nofollow\" href=\"http:\/\/economiasc.com.br\/amfri-realiza-curso-sobre-captacao-de-recursos\/\">Amfri realiza curso sobre capta\u00e7\u00e3o de recursos<\/a> appeared first on <a class=\"colorbox\" rel=\"nofollow\" href=\"http:\/\/economiasc.com.br\/\">Economia SC<\/a>.<\/p>\n<p>Via: <a href=\"http:\/\/economiasc.com.br\/amfri-realiza-curso-sobre-captacao-de-recursos\/\" class=\"colorbox\" title=\"Amfri realiza curso sobre capta\u00e7\u00e3o de recursos\">economiasc.com.br<\/a><\/p>\n","protected":false},"excerpt":{"rendered":"<p>A Amfri (Associa\u00e7\u00e3o dos Munic\u00edpios da Foz do Rio Itaja\u00ed) promoveu um curso sobre no\u00e7\u00f5es gerais, processos, fontes para projetos e principalmente capta\u00e7\u00e3o de Recursos. Schirley Karine Fischer, assessora e consultora em capta\u00e7\u00e3o de recursos, foi a respons\u00e1vel por conduzir o evento. O curso teve como objetivo apresentar fontes alternativas para capta\u00e7\u00e3o de recursos, trazendo novas informa\u00e7\u00f5es atrav\u00e9s de diversos mecanismos de fomento, sejam eles fontes de recursos p\u00fablicos ou privados. Entre os temas abordados por Schirley, estiveram os programas em aberto, emendas parlamentares, patroc\u00ednios, doa\u00e7\u00f5es, e editais, al\u00e9m das leis de incentivo fiscal dos setores de cultura, esporte e sa\u00fade. A capacita\u00e7\u00e3o foi realizada na \u00faltima sexta, dia 11, e contou com 64 participantes, entre eles secret\u00e1rios, diretores e gestores municipais, al\u00e9m de membros e servidores dos mais variados \u00f3rg\u00e3os das prefeituras da regi\u00e3o.<\/p>\n<p>O assessor de projetos e conv\u00eanios da associa\u00e7\u00e3o, Roberto de Souza, explica que atualmente o foco principal dos munic\u00edpios s\u00e3o os recursos estaduais e federais atrav\u00e9s dos programas SIGEF e SICONV, e tamb\u00e9m as linhas de financiamento. Segundo ele, a import\u00e2ncia do curso esteve em apontar uma variedade de maneiras de captar recursos. \u201cEsta capacita\u00e7\u00e3o serviu para mostrar que h\u00e1 diversas formas de capta\u00e7\u00e3o de recursos ainda pouco aproveitadas, muitas delas sem comprometer o or\u00e7amento e a capacidade de endividamento dos munic\u00edpios\u201d, enfatiza.<\/p>\n<p>The post <a class=\"colorbox\" rel=\"nofollow\" href=\"http:\/\/economiasc.com.br\/amfri-realiza-curso-sobre-captacao-de-recursos\/\">Amfri realiza curso sobre capta\u00e7\u00e3o de recursos<\/a> appeared first on <a class=\"colorbox\" rel=\"nofollow\" href=\"http:\/\/economiasc.com.br\/\">Economia SC<\/a>.<\/p>\n","protected":false},"author":1,"featured_media":0,"comment_status":"open","ping_status":"open","sticky":false,"template":"","format":"standard","meta":{"footnotes":""},"categories":[5],"tags":[],"class_list":["post-2813","post","type-post","status-publish","format-standard","hentry","category-noticias","no-post-thumbnail"],"_links":{"self":[{"href":"https:\/\/www.cdlbc.com.br\/portal\/wp-json\/wp\/v2\/posts\/2813","targetHints":{"allow":["GET"]}}],"collection":[{"href":"https:\/\/www.cdlbc.com.br\/portal\/wp-json\/wp\/v2\/posts"}],"about":[{"href":"https:\/\/www.cdlbc.com.br\/portal\/wp-json\/wp\/v2\/types\/post"}],"author":[{"embeddable":true,"href":"https:\/\/www.cdlbc.com.br\/portal\/wp-json\/wp\/v2\/users\/1"}],"replies":[{"embeddable":true,"href":"https:\/\/www.cdlbc.com.br\/portal\/wp-json\/wp\/v2\/comments?post=2813"}],"version-history":[{"count":0,"href":"https:\/\/www.cdlbc.com.br\/portal\/wp-json\/wp\/v2\/posts\/2813\/revisions"}],"wp:attachment":[{"href":"https:\/\/www.cdlbc.com.br\/portal\/wp-json\/wp\/v2\/media?parent=2813"}],"wp:term":[{"taxonomy":"category","embeddable":true,"href":"https:\/\/www.cdlbc.com.br\/portal\/wp-json\/wp\/v2\/categories?post=2813"},{"taxonomy":"post_tag","embeddable":true,"href":"https:\/\/www.cdlbc.com.br\/portal\/wp-json\/wp\/v2\/tags?post=2813"}],"curies":[{"name":"wp","href":"https:\/\/api.w.org\/{rel}","templated":true}]}}