{"id":2812,"date":"2014-07-15T13:30:00","date_gmt":"2014-07-15T13:30:00","guid":{"rendered":"http:\/\/www.cdlbc.com.br\/portal\/noticias\/porto-de-itajai-embarca-83-das-exportacoes-de-sc\/"},"modified":"2014-07-15T13:30:00","modified_gmt":"2014-07-15T13:30:00","slug":"porto-de-itajai-embarca-83-das-exportacoes-de-sc","status":"publish","type":"post","link":"https:\/\/www.cdlbc.com.br\/portal\/noticias\/porto-de-itajai-embarca-83-das-exportacoes-de-sc\/","title":{"rendered":"Porto de Itaja\u00ed embarca 83% das exporta\u00e7\u00f5es de SC"},"content":{"rendered":"<div class=\"ftpimagefix\" style=\"float:left\"><img decoding=\"async\" width=\"250\" alt=\"Mesmo sem operar por 12 dias em junho, movimenta\u00e7\u00e3o de cargas no Complexo Portu\u00e1rio de Itaja\u00ed aumentou no primeiro trimestre. Foto: Divulga\u00e7\u00e3o\" src=\"http:\/\/economiasc.com.br\/wp-content\/uploads\/2014\/07\/Porto-de-Itaja%C3%AD-300x204.jpg\"><\/div>\n<p>Mesmo sem operar por 12 dias em junho, movimenta\u00e7\u00e3o de cargas no Complexo Portu\u00e1rio de Itaja\u00ed aumentou no primeiro trimestre. Foto: Divulga\u00e7\u00e3o<\/p>\n<p>O Complexo Portu\u00e1rio do Itaja\u00ed acumula crescimento de 1% na movimenta\u00e7\u00e3o de cargas no primeiro semestre de 2014, em compara\u00e7\u00e3o com igual per\u00edodo do na o anterior, mesmo sem operar por 12 dias em junho. Foram operados 524,18 mil TEUs (Twenty-foot Equivalent Unit \u2013 unidade internacional equivalente a um cont\u00eainer de 20 p\u00e9s) entre 1\u00ba de janeiro e 30 de junho, ante 517,88 mil TEUs em igual per\u00edodo de 2013.<\/p>\n<p>Nos \u00faltimos 12 meses, o Complexo Portu\u00e1rio movimentou 1,11 milh\u00e3o de TEUs, com avan\u00e7o de 6% em rela\u00e7\u00e3o ao per\u00edodo compreendido entre julho de 2012 e junho de 2013. As exporta\u00e7\u00f5es respondem pela maior fatia das opera\u00e7\u00f5es, de 52%, enquanto as importa\u00e7\u00f5es somam 48%.<\/p>\n<p>\u201cCertamente n\u00e3o fosse a ocorr\u00eancia de chuvas com volumes acima da m\u00e9dia hist\u00f3rica, que ocasionaram a eleva\u00e7\u00e3o no n\u00edvel dos rios e consequentemente o aumento na correnteza, provocando a impraticidade da barra nos per\u00edodos de 07 \u00e0 14 de junho e de 27 de junho a 02 de julho, ter\u00edamos registrado um aumento significativo na movimenta\u00e7\u00e3o de cargas registrada no semestre\u201d, explica o diretor executivo do Porto de Itaja\u00ed, Heder Cassiano Moritz.<\/p>\n<p>\u201cAs opera\u00e7\u00f5es em julho foram retomadas plenamente e a expectativa \u00e9 de que a m\u00e9dia mensal de crescimento, de 7%, seja recuperada a partir deste m\u00eas e que consigamos atingir nossa meta para 2014, que gira em torno de 1,2 milh\u00e3o de TEUs\u201d, diz o superintendente, engenheiro Antonio Ayres dos Santos J\u00fanior.<\/p>\n<p><b>Santa Catarina<\/b><\/p>\n<p>As exporta\u00e7\u00f5es catarinenses cresceram 6,47 % em junho e elevaram para US$ 4,541 bilh\u00f5es os embarques pelos portos do estado no primeiro semestre, valor 2,66% superior ao registrado no mesmo per\u00edodo do ano passado. Os desembarques tamb\u00e9m est\u00e3o em alta em Santa Catarina no ano, acumulando US$ 7,740 bilh\u00f5es, 13% a mais que nos seis primeiros meses de 2013. As informa\u00e7\u00f5es s\u00e3o da Federa\u00e7\u00e3o das Ind\u00fastrias de Santa Catarina (Fiesc).<\/p>\n<p>Do montante exportado por Santa Catarina, de US$ 4,541 bilh\u00f5es, a fatia de US$ 3,791 bilh\u00f5es, ou 83,48%, foram embarcada em Itaja\u00ed. Das importa\u00e7\u00f5es do estado neste semestre, o Complexo Portu\u00e1rio do Itaja\u00ed responde por 58,36%, ou 4,517 bilh\u00f5es, segundo o Minist\u00e9rio do Desenvolvimento, Ind\u00fastria e Com\u00e9rcio Exterior (MDIC).<\/p>\n<\/p>\n<p>The post Porto de Itaja\u00ed embarca 83% das exporta\u00e7\u00f5es de SC appeared first on Economia SC.<\/p>\n<p>Via: <a href=\"http:\/\/economiasc.com.br\/porto-de-itajai-embarca-8348-das-exportacoes\/\" class=\"colorbox\" title=\"Porto de Itaja\u00ed embarca 83% das exporta\u00e7\u00f5es de SC\">economiasc.com.br<\/a><\/p>\n","protected":false},"excerpt":{"rendered":"<div class=\"ftpimagefix\" style=\"float:left\"><img decoding=\"async\" width=\"250\" alt=\"Mesmo sem operar por 12 dias em junho, movimenta\u00e7\u00e3o de cargas no Complexo Portu\u00e1rio de Itaja\u00ed aumentou no primeiro trimestre. Foto: Divulga\u00e7\u00e3o\" src=\"http:\/\/economiasc.com.br\/wp-content\/uploads\/2014\/07\/Porto-de-Itaja%C3%AD-300x204.jpg\"><\/div>\n<p>Mesmo sem operar por 12 dias em junho, movimenta\u00e7\u00e3o de cargas no Complexo Portu\u00e1rio de Itaja\u00ed aumentou no primeiro trimestre. Foto: Divulga\u00e7\u00e3o<\/p>\n<p>O Complexo Portu\u00e1rio do Itaja\u00ed acumula crescimento de 1% na movimenta\u00e7\u00e3o de cargas no primeiro semestre de 2014, em compara\u00e7\u00e3o com igual per\u00edodo do na o anterior, mesmo sem operar por 12 dias em junho. Foram operados 524,18 mil TEUs (Twenty-foot Equivalent Unit \u2013 unidade internacional equivalente a um cont\u00eainer de 20 p\u00e9s) entre 1\u00ba de janeiro e 30 de junho, ante 517,88 mil TEUs em igual per\u00edodo de 2013.<\/p>\n<p>Nos \u00faltimos 12 meses, o Complexo Portu\u00e1rio movimentou 1,11 milh\u00e3o de TEUs, com avan\u00e7o de 6% em rela\u00e7\u00e3o ao per\u00edodo compreendido entre julho de 2012 e junho de 2013. As exporta\u00e7\u00f5es respondem pela maior fatia das opera\u00e7\u00f5es, de 52%, enquanto as importa\u00e7\u00f5es somam 48%.<\/p>\n<p>\u201cCertamente n\u00e3o fosse a ocorr\u00eancia de chuvas com volumes acima da m\u00e9dia hist\u00f3rica, que ocasionaram a eleva\u00e7\u00e3o no n\u00edvel dos rios e consequentemente o aumento na correnteza, provocando a impraticidade da barra nos per\u00edodos de 07 \u00e0 14 de junho e de 27 de junho a 02 de julho, ter\u00edamos registrado um aumento significativo na movimenta\u00e7\u00e3o de cargas registrada no semestre\u201d, explica o diretor executivo do Porto de Itaja\u00ed, Heder Cassiano Moritz.<\/p>\n<p>\u201cAs opera\u00e7\u00f5es em julho foram retomadas plenamente e a expectativa \u00e9 de que a m\u00e9dia mensal de crescimento, de 7%, seja recuperada a partir deste m\u00eas e que consigamos atingir nossa meta para 2014, que gira em torno de 1,2 milh\u00e3o de TEUs\u201d, diz o superintendente, engenheiro Antonio Ayres dos Santos J\u00fanior.<\/p>\n<p><b>Santa Catarina<\/b><\/p>\n<p>As exporta\u00e7\u00f5es catarinenses cresceram 6,47 % em junho e elevaram para US$ 4,541 bilh\u00f5es os embarques pelos portos do estado no primeiro semestre, valor 2,66% superior ao registrado no mesmo per\u00edodo do ano passado. Os desembarques tamb\u00e9m est\u00e3o em alta em Santa Catarina no ano, acumulando US$ 7,740 bilh\u00f5es, 13% a mais que nos seis primeiros meses de 2013. As informa\u00e7\u00f5es s\u00e3o da Federa\u00e7\u00e3o das Ind\u00fastrias de Santa Catarina (Fiesc).<\/p>\n<p>Do montante exportado por Santa Catarina, de US$ 4,541 bilh\u00f5es, a fatia de US$ 3,791 bilh\u00f5es, ou 83,48%, foram embarcada em Itaja\u00ed. Das importa\u00e7\u00f5es do estado neste semestre, o Complexo Portu\u00e1rio do Itaja\u00ed responde por 58,36%, ou 4,517 bilh\u00f5es, segundo o Minist\u00e9rio do Desenvolvimento, Ind\u00fastria e Com\u00e9rcio Exterior (MDIC).<\/p>\n<\/p>\n<p>The post Porto de Itaja\u00ed embarca 83% das exporta\u00e7\u00f5es de SC appeared first on Economia SC.<\/p>\n","protected":false},"author":1,"featured_media":0,"comment_status":"open","ping_status":"open","sticky":false,"template":"","format":"standard","meta":{"footnotes":""},"categories":[5],"tags":[],"class_list":["post-2812","post","type-post","status-publish","format-standard","hentry","category-noticias","no-post-thumbnail"],"_links":{"self":[{"href":"https:\/\/www.cdlbc.com.br\/portal\/wp-json\/wp\/v2\/posts\/2812","targetHints":{"allow":["GET"]}}],"collection":[{"href":"https:\/\/www.cdlbc.com.br\/portal\/wp-json\/wp\/v2\/posts"}],"about":[{"href":"https:\/\/www.cdlbc.com.br\/portal\/wp-json\/wp\/v2\/types\/post"}],"author":[{"embeddable":true,"href":"https:\/\/www.cdlbc.com.br\/portal\/wp-json\/wp\/v2\/users\/1"}],"replies":[{"embeddable":true,"href":"https:\/\/www.cdlbc.com.br\/portal\/wp-json\/wp\/v2\/comments?post=2812"}],"version-history":[{"count":0,"href":"https:\/\/www.cdlbc.com.br\/portal\/wp-json\/wp\/v2\/posts\/2812\/revisions"}],"wp:attachment":[{"href":"https:\/\/www.cdlbc.com.br\/portal\/wp-json\/wp\/v2\/media?parent=2812"}],"wp:term":[{"taxonomy":"category","embeddable":true,"href":"https:\/\/www.cdlbc.com.br\/portal\/wp-json\/wp\/v2\/categories?post=2812"},{"taxonomy":"post_tag","embeddable":true,"href":"https:\/\/www.cdlbc.com.br\/portal\/wp-json\/wp\/v2\/tags?post=2812"}],"curies":[{"name":"wp","href":"https:\/\/api.w.org\/{rel}","templated":true}]}}