{"id":2804,"date":"2014-07-15T12:07:00","date_gmt":"2014-07-15T12:07:00","guid":{"rendered":"http:\/\/www.cdlbc.com.br\/portal\/noticias\/segmento-atacadista-cresce-351-em-maio\/"},"modified":"2014-07-15T12:07:00","modified_gmt":"2014-07-15T12:07:00","slug":"segmento-atacadista-cresce-351-em-maio","status":"publish","type":"post","link":"https:\/\/www.cdlbc.com.br\/portal\/noticias\/segmento-atacadista-cresce-351-em-maio\/","title":{"rendered":"Segmento atacadista cresce 3,51% em maio"},"content":{"rendered":"<div class=\"ftpimagefix\" style=\"float:left\"><img decoding=\"async\" width=\"250\" alt=\"Pesquisa mostra crescimento de 3,51% em maio, em rela\u00e7\u00e3o ao mesmo m\u00eas do ano anterior. Foto: Marcelo Camargo\/Ag\u00eancia Brasil\/Divulga\u00e7\u00e3o\" src=\"http:\/\/economiasc.com.br\/wp-content\/uploads\/2014\/07\/supermercado2-Marcelo-Camargo-A-Br-300x200.jpg\"><\/div>\n<p>Pesquisa mostra crescimento de 3,51% em maio, em rela\u00e7\u00e3o ao mesmo m\u00eas do ano anterior. Foto: Marcelo Camargo\/Ag\u00eancia Brasil\/Divulga\u00e7\u00e3o<\/p>\n<p>O setor atacadista cresceu 3,51% no m\u00eas de maio, na compara\u00e7\u00e3o com o mesmo m\u00eas do ano anterior. \u00c9 o que mostra o estudo mensal da Abad (Associa\u00e7\u00e3o Brasileira de Atacadistas e Distribuidores). O dado de maio ficou bastante pr\u00f3ximo ao de janeiro, que foi de 3,59%. A previs\u00e3o do setor era de aumento de 3,5% em 2014.<\/p>\n<p>No acumulado do ano, o crescimento na compara\u00e7\u00e3o anual de janeiro a maio ficou em 2,66%, quase o mesmo percentual da evolu\u00e7\u00e3o registrada sobre o m\u00eas anterior (abril), que foi de 2,67%. Com esses dados e com a diminui\u00e7\u00e3o do movimento do com\u00e9rcio, al\u00e9m da queda na inten\u00e7\u00e3o de consumo das fam\u00edlias registrados em junho, n\u00e3o se descarta que futuramente a entidade revise as proje\u00e7\u00f5es do setor, em raz\u00e3o da crescente desconfian\u00e7a do consumidor e de uma poss\u00edvel deteriora\u00e7\u00e3o no mercado de trabalho.<\/p>\n<p>Contudo, a Abad se mant\u00e9m otimista, j\u00e1 que os dados negativos de consumo n\u00e3o afetam as regi\u00f5es Nordeste e Centro-Oeste, conforme divulga\u00e7\u00e3o recente da CNC (Confedera\u00e7\u00e3o Nacional do Com\u00e9rcio de Bens, Servi\u00e7os e Turismo). Al\u00e9m disso, em todas as compara\u00e7\u00f5es, os n\u00fameros apresentam melhora em rela\u00e7\u00e3o aos dados de abril, quando o acumulado do ano chegou a 2,45%, o crescimento sobre abril de 2013 registrou 0,70% e o crescimento sobre o m\u00eas anterior (mar\u00e7o) foi de 1,98%. \u201cSendo os dados do atacado antecedentes aos do com\u00e9rcio, nossa expectativa \u00e9 ver essa melhora refletida no varejo nos pr\u00f3ximos meses\u201d, afirma o presidente da Abad, Jos\u00e9 do Egito Frota Lopes Filho.<\/p>\n<p>The post Segmento atacadista cresce 3,51% em maio appeared first on Economia SC.<\/p>\n<p>Via: <a href=\"http:\/\/economiasc.com.br\/segmento-atacadista-cresce-351-em-maio\/\" class=\"colorbox\" title=\"Segmento atacadista cresce 3,51% em maio\">economiasc.com.br<\/a><\/p>\n","protected":false},"excerpt":{"rendered":"<div class=\"ftpimagefix\" style=\"float:left\"><img decoding=\"async\" width=\"250\" alt=\"Pesquisa mostra crescimento de 3,51% em maio, em rela\u00e7\u00e3o ao mesmo m\u00eas do ano anterior. Foto: Marcelo Camargo\/Ag\u00eancia Brasil\/Divulga\u00e7\u00e3o\" src=\"http:\/\/economiasc.com.br\/wp-content\/uploads\/2014\/07\/supermercado2-Marcelo-Camargo-A-Br-300x200.jpg\"><\/div>\n<p>Pesquisa mostra crescimento de 3,51% em maio, em rela\u00e7\u00e3o ao mesmo m\u00eas do ano anterior. Foto: Marcelo Camargo\/Ag\u00eancia Brasil\/Divulga\u00e7\u00e3o<\/p>\n<p>O setor atacadista cresceu 3,51% no m\u00eas de maio, na compara\u00e7\u00e3o com o mesmo m\u00eas do ano anterior. \u00c9 o que mostra o estudo mensal da Abad (Associa\u00e7\u00e3o Brasileira de Atacadistas e Distribuidores). O dado de maio ficou bastante pr\u00f3ximo ao de janeiro, que foi de 3,59%. A previs\u00e3o do setor era de aumento de 3,5% em 2014.<\/p>\n<p>No acumulado do ano, o crescimento na compara\u00e7\u00e3o anual de janeiro a maio ficou em 2,66%, quase o mesmo percentual da evolu\u00e7\u00e3o registrada sobre o m\u00eas anterior (abril), que foi de 2,67%. Com esses dados e com a diminui\u00e7\u00e3o do movimento do com\u00e9rcio, al\u00e9m da queda na inten\u00e7\u00e3o de consumo das fam\u00edlias registrados em junho, n\u00e3o se descarta que futuramente a entidade revise as proje\u00e7\u00f5es do setor, em raz\u00e3o da crescente desconfian\u00e7a do consumidor e de uma poss\u00edvel deteriora\u00e7\u00e3o no mercado de trabalho.<\/p>\n<p>Contudo, a Abad se mant\u00e9m otimista, j\u00e1 que os dados negativos de consumo n\u00e3o afetam as regi\u00f5es Nordeste e Centro-Oeste, conforme divulga\u00e7\u00e3o recente da CNC (Confedera\u00e7\u00e3o Nacional do Com\u00e9rcio de Bens, Servi\u00e7os e Turismo). Al\u00e9m disso, em todas as compara\u00e7\u00f5es, os n\u00fameros apresentam melhora em rela\u00e7\u00e3o aos dados de abril, quando o acumulado do ano chegou a 2,45%, o crescimento sobre abril de 2013 registrou 0,70% e o crescimento sobre o m\u00eas anterior (mar\u00e7o) foi de 1,98%. \u201cSendo os dados do atacado antecedentes aos do com\u00e9rcio, nossa expectativa \u00e9 ver essa melhora refletida no varejo nos pr\u00f3ximos meses\u201d, afirma o presidente da Abad, Jos\u00e9 do Egito Frota Lopes Filho.<\/p>\n<p>The post Segmento atacadista cresce 3,51% em maio appeared first on Economia SC.<\/p>\n","protected":false},"author":1,"featured_media":0,"comment_status":"open","ping_status":"open","sticky":false,"template":"","format":"standard","meta":{"footnotes":""},"categories":[5],"tags":[],"class_list":["post-2804","post","type-post","status-publish","format-standard","hentry","category-noticias","no-post-thumbnail"],"_links":{"self":[{"href":"https:\/\/www.cdlbc.com.br\/portal\/wp-json\/wp\/v2\/posts\/2804","targetHints":{"allow":["GET"]}}],"collection":[{"href":"https:\/\/www.cdlbc.com.br\/portal\/wp-json\/wp\/v2\/posts"}],"about":[{"href":"https:\/\/www.cdlbc.com.br\/portal\/wp-json\/wp\/v2\/types\/post"}],"author":[{"embeddable":true,"href":"https:\/\/www.cdlbc.com.br\/portal\/wp-json\/wp\/v2\/users\/1"}],"replies":[{"embeddable":true,"href":"https:\/\/www.cdlbc.com.br\/portal\/wp-json\/wp\/v2\/comments?post=2804"}],"version-history":[{"count":0,"href":"https:\/\/www.cdlbc.com.br\/portal\/wp-json\/wp\/v2\/posts\/2804\/revisions"}],"wp:attachment":[{"href":"https:\/\/www.cdlbc.com.br\/portal\/wp-json\/wp\/v2\/media?parent=2804"}],"wp:term":[{"taxonomy":"category","embeddable":true,"href":"https:\/\/www.cdlbc.com.br\/portal\/wp-json\/wp\/v2\/categories?post=2804"},{"taxonomy":"post_tag","embeddable":true,"href":"https:\/\/www.cdlbc.com.br\/portal\/wp-json\/wp\/v2\/tags?post=2804"}],"curies":[{"name":"wp","href":"https:\/\/api.w.org\/{rel}","templated":true}]}}