{"id":2795,"date":"2014-07-14T14:48:00","date_gmt":"2014-07-14T14:48:00","guid":{"rendered":"http:\/\/www.cdlbc.com.br\/portal\/noticias\/feira-expoe-inovacoes-do-setor-metalmecanico\/"},"modified":"2014-07-14T14:48:00","modified_gmt":"2014-07-14T14:48:00","slug":"feira-expoe-inovacoes-do-setor-metalmecanico","status":"publish","type":"post","link":"https:\/\/www.cdlbc.com.br\/portal\/noticias\/feira-expoe-inovacoes-do-setor-metalmecanico\/","title":{"rendered":"Feira exp\u00f5e inova\u00e7\u00f5es do setor metalmec\u00e2nico"},"content":{"rendered":"<div class=\"ftpimagefix\" style=\"float:left\"><img decoding=\"async\" width=\"250\" alt=\"Feira traz inova\u00e7\u00f5es em produtos e servi\u00e7os de marcas da ind\u00fastria eletro-metalmec\u00e2nica. Foto: Divulga\u00e7\u00e3o\" src=\"http:\/\/economiasc.com.br\/wp-content\/uploads\/2014\/07\/Abertura-Feira-Metalmec%C3%A2nica-89-300x190.jpg\"><\/div>\n<p>Feira traz inova\u00e7\u00f5es em produtos e servi\u00e7os de marcas da ind\u00fastria eletro-metalmec\u00e2nica. Foto: Divulga\u00e7\u00e3o<\/p>\n<p>A segunda edi\u00e7\u00e3o da Feira Metalmec\u00e2nica + Corte e Conforma\u00e7\u00e3o ser\u00e1 realizada na semana que vem, entre os dias 22 e 25, no Parque de Exposi\u00e7\u00f5es Tancredo Neves, em Chapec\u00f3. A feira traz inova\u00e7\u00f5es em produtos e servi\u00e7os de marcas da ind\u00fastria eletro-metalmec\u00e2nica.  A abertura ser\u00e1 na pr\u00f3xima ter\u00e7a-feira, dia 22, com o almo\u00e7o\/palestra Solu\u00e7\u00f5es Integradas para a Sustentabilidade da Ind\u00fastria, \u00e0s 12h no Clube Recreativo Chapecoense. O palestrante ser\u00e1 Benjamin M\u00e1rio Baptista Filho, Presidente da ArcelorMittal Brasil e do Segmento de A\u00e7os Planos Am\u00e9rica do Sul. <\/p>\n<p>Empres\u00e1rios das regi\u00f5es Oeste de Santa Catarina e Sudoeste do Paran\u00e1, organizados em miss\u00f5es empresariais, estar\u00e3o presentes na Feira Metalmec\u00e2nica + Corte e Conforma\u00e7\u00e3o. A organiza\u00e7\u00e3o dessas miss\u00f5es, que tem o apoio do Sebrae, decorre de apresenta\u00e7\u00f5es que foram feitas para mostrar a amplitude da feira, nas cidades de S\u00e3o Miguel do Oeste, Conc\u00f3rdia, Joa\u00e7aba, Xanxer\u00ea e Pato Branco, e de gest\u00f5es da comiss\u00e3o central organizadora. Conforme o coordenador geral do evento, S\u00e9rgio Luiz Matte, as comitivas foram programadas de forma a facilitar aos empres\u00e1rios o acompanhamento da mostra de produtos e servi\u00e7os do setor eletro-metalmec\u00e2nico e conhecer oportunidades de neg\u00f3cios.<\/p>\n<p>No dia 23, estar\u00e1 na Feira Metalmec\u00e2nica uma miss\u00e3o empresarial de Pato Branco, que tamb\u00e9m ter\u00e1 empres\u00e1rios de Francisco Beltr\u00e3o. No mesmo dia estar\u00e1 no evento uma comitiva de S\u00e3o Miguel do Oeste. J\u00e1 em 24 de julho a miss\u00e3o visitante ter\u00e1 empres\u00e1rios de Joa\u00e7aba, Conc\u00f3rdia e Seara, enquanto no dia seguinte a comitiva ser\u00e1 de Xanxer\u00ea.<\/p>\n<p>As miss\u00f5es empresariais s\u00e3o formadas por grupos de empresas, para visitar um evento de neg\u00f3cio, cujo objetivo final \u00e9 ampliar o mercado e estimular a competitividade. Em decorr\u00eancia desse significado, \u201ca Feira Metalmec\u00e2nica2014 utiliza a organiza\u00e7\u00e3o de miss\u00f5es como forma de facilitar o acesso de empres\u00e1rios da regi\u00e3o \u00e0s novidades do setor apresentadas por ind\u00fastrias representativas do mercado nacional e internacional\u201d, enfatiza o coordenador S\u00e9rgio Matte. A feira tem como objetivo integrar ind\u00fastrias metal\u00fargicas, mec\u00e2nicas e do material el\u00e9trico e fornecedores, com a consequente gera\u00e7\u00e3o de neg\u00f3cios, promover a evolu\u00e7\u00e3o tecnol\u00f3gica das empresas do segmento, incentivar o conhecimento sobre produtos<\/p>\n<p>A Feira Metalmec\u00e2nica + Corte e Conforma\u00e7\u00e3o \u00e9 uma promo\u00e7\u00e3o do Sindicato das Ind\u00fastrias Metal\u00fargicas, Mec\u00e2nicas e do Material El\u00e9trico (Simec).<\/p>\n<p>The post Feira exp\u00f5e inova\u00e7\u00f5es do setor metalmec\u00e2nico appeared first on Economia SC.<\/p>\n<p>Via: <a href=\"http:\/\/economiasc.com.br\/chapeco-recebe-feira-metalmecanica\/\" class=\"colorbox\" title=\"Feira exp\u00f5e inova\u00e7\u00f5es do setor metalmec\u00e2nico\">economiasc.com.br<\/a><\/p>\n","protected":false},"excerpt":{"rendered":"<div class=\"ftpimagefix\" style=\"float:left\"><img decoding=\"async\" width=\"250\" alt=\"Feira traz inova\u00e7\u00f5es em produtos e servi\u00e7os de marcas da ind\u00fastria eletro-metalmec\u00e2nica. Foto: Divulga\u00e7\u00e3o\" src=\"http:\/\/economiasc.com.br\/wp-content\/uploads\/2014\/07\/Abertura-Feira-Metalmec%C3%A2nica-89-300x190.jpg\"><\/div>\n<p>Feira traz inova\u00e7\u00f5es em produtos e servi\u00e7os de marcas da ind\u00fastria eletro-metalmec\u00e2nica. Foto: Divulga\u00e7\u00e3o<\/p>\n<p>A segunda edi\u00e7\u00e3o da Feira Metalmec\u00e2nica + Corte e Conforma\u00e7\u00e3o ser\u00e1 realizada na semana que vem, entre os dias 22 e 25, no Parque de Exposi\u00e7\u00f5es Tancredo Neves, em Chapec\u00f3. A feira traz inova\u00e7\u00f5es em produtos e servi\u00e7os de marcas da ind\u00fastria eletro-metalmec\u00e2nica.  A abertura ser\u00e1 na pr\u00f3xima ter\u00e7a-feira, dia 22, com o almo\u00e7o\/palestra Solu\u00e7\u00f5es Integradas para a Sustentabilidade da Ind\u00fastria, \u00e0s 12h no Clube Recreativo Chapecoense. O palestrante ser\u00e1 Benjamin M\u00e1rio Baptista Filho, Presidente da ArcelorMittal Brasil e do Segmento de A\u00e7os Planos Am\u00e9rica do Sul. <\/p>\n<p>Empres\u00e1rios das regi\u00f5es Oeste de Santa Catarina e Sudoeste do Paran\u00e1, organizados em miss\u00f5es empresariais, estar\u00e3o presentes na Feira Metalmec\u00e2nica + Corte e Conforma\u00e7\u00e3o. A organiza\u00e7\u00e3o dessas miss\u00f5es, que tem o apoio do Sebrae, decorre de apresenta\u00e7\u00f5es que foram feitas para mostrar a amplitude da feira, nas cidades de S\u00e3o Miguel do Oeste, Conc\u00f3rdia, Joa\u00e7aba, Xanxer\u00ea e Pato Branco, e de gest\u00f5es da comiss\u00e3o central organizadora. Conforme o coordenador geral do evento, S\u00e9rgio Luiz Matte, as comitivas foram programadas de forma a facilitar aos empres\u00e1rios o acompanhamento da mostra de produtos e servi\u00e7os do setor eletro-metalmec\u00e2nico e conhecer oportunidades de neg\u00f3cios.<\/p>\n<p>No dia 23, estar\u00e1 na Feira Metalmec\u00e2nica uma miss\u00e3o empresarial de Pato Branco, que tamb\u00e9m ter\u00e1 empres\u00e1rios de Francisco Beltr\u00e3o. No mesmo dia estar\u00e1 no evento uma comitiva de S\u00e3o Miguel do Oeste. J\u00e1 em 24 de julho a miss\u00e3o visitante ter\u00e1 empres\u00e1rios de Joa\u00e7aba, Conc\u00f3rdia e Seara, enquanto no dia seguinte a comitiva ser\u00e1 de Xanxer\u00ea.<\/p>\n<p>As miss\u00f5es empresariais s\u00e3o formadas por grupos de empresas, para visitar um evento de neg\u00f3cio, cujo objetivo final \u00e9 ampliar o mercado e estimular a competitividade. Em decorr\u00eancia desse significado, \u201ca Feira Metalmec\u00e2nica2014 utiliza a organiza\u00e7\u00e3o de miss\u00f5es como forma de facilitar o acesso de empres\u00e1rios da regi\u00e3o \u00e0s novidades do setor apresentadas por ind\u00fastrias representativas do mercado nacional e internacional\u201d, enfatiza o coordenador S\u00e9rgio Matte. A feira tem como objetivo integrar ind\u00fastrias metal\u00fargicas, mec\u00e2nicas e do material el\u00e9trico e fornecedores, com a consequente gera\u00e7\u00e3o de neg\u00f3cios, promover a evolu\u00e7\u00e3o tecnol\u00f3gica das empresas do segmento, incentivar o conhecimento sobre produtos<\/p>\n<p>A Feira Metalmec\u00e2nica + Corte e Conforma\u00e7\u00e3o \u00e9 uma promo\u00e7\u00e3o do Sindicato das Ind\u00fastrias Metal\u00fargicas, Mec\u00e2nicas e do Material El\u00e9trico (Simec).<\/p>\n<p>The post Feira exp\u00f5e inova\u00e7\u00f5es do setor metalmec\u00e2nico appeared first on Economia SC.<\/p>\n","protected":false},"author":1,"featured_media":0,"comment_status":"open","ping_status":"open","sticky":false,"template":"","format":"standard","meta":{"footnotes":""},"categories":[5],"tags":[],"class_list":["post-2795","post","type-post","status-publish","format-standard","hentry","category-noticias","no-post-thumbnail"],"_links":{"self":[{"href":"https:\/\/www.cdlbc.com.br\/portal\/wp-json\/wp\/v2\/posts\/2795","targetHints":{"allow":["GET"]}}],"collection":[{"href":"https:\/\/www.cdlbc.com.br\/portal\/wp-json\/wp\/v2\/posts"}],"about":[{"href":"https:\/\/www.cdlbc.com.br\/portal\/wp-json\/wp\/v2\/types\/post"}],"author":[{"embeddable":true,"href":"https:\/\/www.cdlbc.com.br\/portal\/wp-json\/wp\/v2\/users\/1"}],"replies":[{"embeddable":true,"href":"https:\/\/www.cdlbc.com.br\/portal\/wp-json\/wp\/v2\/comments?post=2795"}],"version-history":[{"count":0,"href":"https:\/\/www.cdlbc.com.br\/portal\/wp-json\/wp\/v2\/posts\/2795\/revisions"}],"wp:attachment":[{"href":"https:\/\/www.cdlbc.com.br\/portal\/wp-json\/wp\/v2\/media?parent=2795"}],"wp:term":[{"taxonomy":"category","embeddable":true,"href":"https:\/\/www.cdlbc.com.br\/portal\/wp-json\/wp\/v2\/categories?post=2795"},{"taxonomy":"post_tag","embeddable":true,"href":"https:\/\/www.cdlbc.com.br\/portal\/wp-json\/wp\/v2\/tags?post=2795"}],"curies":[{"name":"wp","href":"https:\/\/api.w.org\/{rel}","templated":true}]}}