{"id":2793,"date":"2014-07-14T15:08:00","date_gmt":"2014-07-14T15:08:00","guid":{"rendered":"http:\/\/www.cdlbc.com.br\/portal\/noticias\/lide-realiza-palestra-sobre-mercado-imobiliario\/"},"modified":"2014-07-14T15:08:00","modified_gmt":"2014-07-14T15:08:00","slug":"lide-realiza-palestra-sobre-mercado-imobiliario","status":"publish","type":"post","link":"https:\/\/www.cdlbc.com.br\/portal\/noticias\/lide-realiza-palestra-sobre-mercado-imobiliario\/","title":{"rendered":"Lide realiza palestra sobre mercado imobili\u00e1rio"},"content":{"rendered":"<p>O Lide (Grupo de L\u00edderes Empresariais) realiza nesta quinta-feira, dia 17, com a palestra sobre o tema \u201cMercado Imobili\u00e1rio\u201d mediada pelo empres\u00e1rio P\u00e9ricles Druck. O evento ser\u00e1 realizado na \u201cSala do Pensamento\u201d, espa\u00e7o para reuni\u00f5es e bate-papos entre empres\u00e1rios do estado. O encontro, exclusivo para os filiados do Lide, acontecer\u00e1 no Edif\u00edcio Multicenter, no Bairro Itacorubi, em Florian\u00f3polis, a partir das 19h30.<\/p>\n<p>A Sala do Pensamento do Lide\/SC tem como objetivo ampliar o debate entre os filiados do grupo sobre temas de relev\u00e2ncia social, econ\u00f4mica e pol\u00edtica para o estado e para o pa\u00eds. Essa \u00e9 a primeira edi\u00e7\u00e3o do evento em 2014. Os encontros do Lide s\u00e3o realizados mensalmente com a reuni\u00e3o de empres\u00e1rios e autoridades p\u00fablicas.<\/p>\n<p>The post <a class=\"colorbox\" rel=\"nofollow\" href=\"http:\/\/economiasc.com.br\/lide-realiza-palestra-sobre-mercado-imobiliario\/\">Lide realiza palestra sobre mercado imobili\u00e1rio<\/a> appeared first on <a class=\"colorbox\" rel=\"nofollow\" href=\"http:\/\/economiasc.com.br\/\">Economia SC<\/a>.<\/p>\n<p>Via: <a href=\"http:\/\/economiasc.com.br\/lide-realiza-palestra-sobre-mercado-imobiliario\/\" class=\"colorbox\" title=\"Lide realiza palestra sobre mercado imobili\u00e1rio\">economiasc.com.br<\/a><\/p>\n","protected":false},"excerpt":{"rendered":"<p>O Lide (Grupo de L\u00edderes Empresariais) realiza nesta quinta-feira, dia 17, com a palestra sobre o tema \u201cMercado Imobili\u00e1rio\u201d mediada pelo empres\u00e1rio P\u00e9ricles Druck. O evento ser\u00e1 realizado na \u201cSala do Pensamento\u201d, espa\u00e7o para reuni\u00f5es e bate-papos entre empres\u00e1rios do estado. O encontro, exclusivo para os filiados do Lide, acontecer\u00e1 no Edif\u00edcio Multicenter, no Bairro Itacorubi, em Florian\u00f3polis, a partir das 19h30.<\/p>\n<p>A Sala do Pensamento do Lide\/SC tem como objetivo ampliar o debate entre os filiados do grupo sobre temas de relev\u00e2ncia social, econ\u00f4mica e pol\u00edtica para o estado e para o pa\u00eds. Essa \u00e9 a primeira edi\u00e7\u00e3o do evento em 2014. Os encontros do Lide s\u00e3o realizados mensalmente com a reuni\u00e3o de empres\u00e1rios e autoridades p\u00fablicas.<\/p>\n<p>The post <a class=\"colorbox\" rel=\"nofollow\" href=\"http:\/\/economiasc.com.br\/lide-realiza-palestra-sobre-mercado-imobiliario\/\">Lide realiza palestra sobre mercado imobili\u00e1rio<\/a> appeared first on <a class=\"colorbox\" rel=\"nofollow\" href=\"http:\/\/economiasc.com.br\/\">Economia SC<\/a>.<\/p>\n","protected":false},"author":1,"featured_media":0,"comment_status":"open","ping_status":"open","sticky":false,"template":"","format":"standard","meta":{"footnotes":""},"categories":[5],"tags":[],"class_list":["post-2793","post","type-post","status-publish","format-standard","hentry","category-noticias","no-post-thumbnail"],"_links":{"self":[{"href":"https:\/\/www.cdlbc.com.br\/portal\/wp-json\/wp\/v2\/posts\/2793","targetHints":{"allow":["GET"]}}],"collection":[{"href":"https:\/\/www.cdlbc.com.br\/portal\/wp-json\/wp\/v2\/posts"}],"about":[{"href":"https:\/\/www.cdlbc.com.br\/portal\/wp-json\/wp\/v2\/types\/post"}],"author":[{"embeddable":true,"href":"https:\/\/www.cdlbc.com.br\/portal\/wp-json\/wp\/v2\/users\/1"}],"replies":[{"embeddable":true,"href":"https:\/\/www.cdlbc.com.br\/portal\/wp-json\/wp\/v2\/comments?post=2793"}],"version-history":[{"count":0,"href":"https:\/\/www.cdlbc.com.br\/portal\/wp-json\/wp\/v2\/posts\/2793\/revisions"}],"wp:attachment":[{"href":"https:\/\/www.cdlbc.com.br\/portal\/wp-json\/wp\/v2\/media?parent=2793"}],"wp:term":[{"taxonomy":"category","embeddable":true,"href":"https:\/\/www.cdlbc.com.br\/portal\/wp-json\/wp\/v2\/categories?post=2793"},{"taxonomy":"post_tag","embeddable":true,"href":"https:\/\/www.cdlbc.com.br\/portal\/wp-json\/wp\/v2\/tags?post=2793"}],"curies":[{"name":"wp","href":"https:\/\/api.w.org\/{rel}","templated":true}]}}