{"id":2792,"date":"2014-07-14T14:48:00","date_gmt":"2014-07-14T14:48:00","guid":{"rendered":"http:\/\/www.cdlbc.com.br\/portal\/noticias\/feira-metalmecanica-inicia-na-proxima-semana\/"},"modified":"2014-07-14T14:48:00","modified_gmt":"2014-07-14T14:48:00","slug":"feira-metalmecanica-inicia-na-proxima-semana","status":"publish","type":"post","link":"https:\/\/www.cdlbc.com.br\/portal\/noticias\/feira-metalmecanica-inicia-na-proxima-semana\/","title":{"rendered":"Feira Metalmec\u00e2nica inicia na pr\u00f3xima semana"},"content":{"rendered":"<div class=\"ftpimagefix\" style=\"float:left\"><img decoding=\"async\" width=\"250\" alt=\"feira metalmecanica\" src=\"http:\/\/economiasc.com.br\/wp-content\/uploads\/2014\/07\/feira-metalmecanica-250x300.jpg\"><\/div>\n<p>Evento tem como objetivo integrar ind\u00fastrias metal\u00fargicas, mec\u00e2nicas e do material el\u00e9trico e fornecedores. Foto: Divulga\u00e7\u00e3o<\/p>\n<p>A segunda edi\u00e7\u00e3o da Feira Metalmec\u00e2nica + Corte e Conforma\u00e7\u00e3o ser\u00e1 realizada em Chapec\u00f3 entre os pr\u00f3ximos dias 22 e 25, no pavilh\u00e3o 4 do Parque de Exposi\u00e7\u00f5es Tancredo Neves. \u00c9 uma promo\u00e7\u00e3o do Sindicato das Ind\u00fastrias Metal\u00fargicas, Mec\u00e2nicas e do Material El\u00e9trico (Simec) e ter\u00e1 a presen\u00e7a de importantes marcas da ind\u00fastria eletro-metalmec\u00e2nica, com produtos e servi\u00e7os, dentro da finalidade de mostrar as mais recentes inova\u00e7\u00f5es tecnol\u00f3gicas. O evento de abertura ser\u00e1 na pr\u00f3xima ter\u00e7a-feira, dia 22, com o almo\u00e7o\/palestra Solu\u00e7\u00f5es Integradas para a Sustentabilidade da Ind\u00fastria, \u00e0s 12h no Clube Recreativo Chapecoense. O palestrante ser\u00e1 Benjamin M\u00e1rio Baptista Filho, Presidente da ArcelorMittal Brasil e do Segmento de A\u00e7os Planos Am\u00e9rica do Sul. <\/p>\n<p>Empres\u00e1rios das regi\u00f5es Oeste de Santa Catarina e Sudoeste do Paran\u00e1, organizados em miss\u00f5es empresariais, estar\u00e3o presentes na Feira Metalmec\u00e2nica + Corte e Conforma\u00e7\u00e3o. A organiza\u00e7\u00e3o dessas miss\u00f5es, que tem o apoio do Sebrae, decorre de apresenta\u00e7\u00f5es que foram feitas para mostrar a amplitude da feira, nas cidades de S\u00e3o Miguel do Oeste, Conc\u00f3rdia, Joa\u00e7aba, Xanxer\u00ea e Pato Branco, e de gest\u00f5es da comiss\u00e3o central organizadora. Conforme o coordenador geral do evento, S\u00e9rgio Luiz Matte, as comitivas foram programadas de forma a facilitar aos empres\u00e1rios o acompanhamento da mostra de produtos e servi\u00e7os do setor eletro-metalmec\u00e2nico e conhecer oportunidades de neg\u00f3cios.<\/p>\n<p>No dia 23, estar\u00e1 na Feira Metalmec\u00e2nica uma miss\u00e3o empresarial de Pato Branco, que tamb\u00e9m ter\u00e1 empres\u00e1rios de Francisco Beltr\u00e3o. No mesmo dia estar\u00e1 no evento uma comitiva de S\u00e3o Miguel do Oeste. J\u00e1 em 24 de julho a miss\u00e3o visitante ter\u00e1 empres\u00e1rios de Joa\u00e7aba, Conc\u00f3rdia e Seara, enquanto no dia seguinte a comitiva ser\u00e1 de Xanxer\u00ea.<\/p>\n<p>As miss\u00f5es empresariais s\u00e3o formadas por grupos de empresas, para visitar um evento de neg\u00f3cio, cujo objetivo final \u00e9 ampliar o mercado e estimular a competitividade. Em decorr\u00eancia desse significado, \u201ca Feira Metalmec\u00e2nica2014 utiliza a organiza\u00e7\u00e3o de miss\u00f5es como forma de facilitar o acesso de empres\u00e1rios da regi\u00e3o \u00e0s novidades do setor apresentadas por ind\u00fastrias representativas do mercado nacional e internacional\u201d, enfatiza o coordenador S\u00e9rgio Matte.<\/p>\n<p>The post Feira Metalmec\u00e2nica inicia na pr\u00f3xima semana appeared first on Economia SC.<\/p>\n<p>Via: <a href=\"http:\/\/economiasc.com.br\/feira-metalmecanica-inicia-na-proxima-semana\/\" class=\"colorbox\" title=\"Feira Metalmec\u00e2nica inicia na pr\u00f3xima semana\">economiasc.com.br<\/a><\/p>\n","protected":false},"excerpt":{"rendered":"<div class=\"ftpimagefix\" style=\"float:left\"><img decoding=\"async\" width=\"250\" alt=\"feira metalmecanica\" src=\"http:\/\/economiasc.com.br\/wp-content\/uploads\/2014\/07\/feira-metalmecanica-250x300.jpg\"><\/div>\n<p>Evento tem como objetivo integrar ind\u00fastrias metal\u00fargicas, mec\u00e2nicas e do material el\u00e9trico e fornecedores. Foto: Divulga\u00e7\u00e3o<\/p>\n<p>A segunda edi\u00e7\u00e3o da Feira Metalmec\u00e2nica + Corte e Conforma\u00e7\u00e3o ser\u00e1 realizada em Chapec\u00f3 entre os pr\u00f3ximos dias 22 e 25, no pavilh\u00e3o 4 do Parque de Exposi\u00e7\u00f5es Tancredo Neves. \u00c9 uma promo\u00e7\u00e3o do Sindicato das Ind\u00fastrias Metal\u00fargicas, Mec\u00e2nicas e do Material El\u00e9trico (Simec) e ter\u00e1 a presen\u00e7a de importantes marcas da ind\u00fastria eletro-metalmec\u00e2nica, com produtos e servi\u00e7os, dentro da finalidade de mostrar as mais recentes inova\u00e7\u00f5es tecnol\u00f3gicas. O evento de abertura ser\u00e1 na pr\u00f3xima ter\u00e7a-feira, dia 22, com o almo\u00e7o\/palestra Solu\u00e7\u00f5es Integradas para a Sustentabilidade da Ind\u00fastria, \u00e0s 12h no Clube Recreativo Chapecoense. O palestrante ser\u00e1 Benjamin M\u00e1rio Baptista Filho, Presidente da ArcelorMittal Brasil e do Segmento de A\u00e7os Planos Am\u00e9rica do Sul. <\/p>\n<p>Empres\u00e1rios das regi\u00f5es Oeste de Santa Catarina e Sudoeste do Paran\u00e1, organizados em miss\u00f5es empresariais, estar\u00e3o presentes na Feira Metalmec\u00e2nica + Corte e Conforma\u00e7\u00e3o. A organiza\u00e7\u00e3o dessas miss\u00f5es, que tem o apoio do Sebrae, decorre de apresenta\u00e7\u00f5es que foram feitas para mostrar a amplitude da feira, nas cidades de S\u00e3o Miguel do Oeste, Conc\u00f3rdia, Joa\u00e7aba, Xanxer\u00ea e Pato Branco, e de gest\u00f5es da comiss\u00e3o central organizadora. Conforme o coordenador geral do evento, S\u00e9rgio Luiz Matte, as comitivas foram programadas de forma a facilitar aos empres\u00e1rios o acompanhamento da mostra de produtos e servi\u00e7os do setor eletro-metalmec\u00e2nico e conhecer oportunidades de neg\u00f3cios.<\/p>\n<p>No dia 23, estar\u00e1 na Feira Metalmec\u00e2nica uma miss\u00e3o empresarial de Pato Branco, que tamb\u00e9m ter\u00e1 empres\u00e1rios de Francisco Beltr\u00e3o. No mesmo dia estar\u00e1 no evento uma comitiva de S\u00e3o Miguel do Oeste. J\u00e1 em 24 de julho a miss\u00e3o visitante ter\u00e1 empres\u00e1rios de Joa\u00e7aba, Conc\u00f3rdia e Seara, enquanto no dia seguinte a comitiva ser\u00e1 de Xanxer\u00ea.<\/p>\n<p>As miss\u00f5es empresariais s\u00e3o formadas por grupos de empresas, para visitar um evento de neg\u00f3cio, cujo objetivo final \u00e9 ampliar o mercado e estimular a competitividade. Em decorr\u00eancia desse significado, \u201ca Feira Metalmec\u00e2nica2014 utiliza a organiza\u00e7\u00e3o de miss\u00f5es como forma de facilitar o acesso de empres\u00e1rios da regi\u00e3o \u00e0s novidades do setor apresentadas por ind\u00fastrias representativas do mercado nacional e internacional\u201d, enfatiza o coordenador S\u00e9rgio Matte.<\/p>\n<p>The post Feira Metalmec\u00e2nica inicia na pr\u00f3xima semana appeared first on Economia SC.<\/p>\n","protected":false},"author":1,"featured_media":0,"comment_status":"open","ping_status":"open","sticky":false,"template":"","format":"standard","meta":{"footnotes":""},"categories":[5],"tags":[],"class_list":["post-2792","post","type-post","status-publish","format-standard","hentry","category-noticias","no-post-thumbnail"],"_links":{"self":[{"href":"https:\/\/www.cdlbc.com.br\/portal\/wp-json\/wp\/v2\/posts\/2792","targetHints":{"allow":["GET"]}}],"collection":[{"href":"https:\/\/www.cdlbc.com.br\/portal\/wp-json\/wp\/v2\/posts"}],"about":[{"href":"https:\/\/www.cdlbc.com.br\/portal\/wp-json\/wp\/v2\/types\/post"}],"author":[{"embeddable":true,"href":"https:\/\/www.cdlbc.com.br\/portal\/wp-json\/wp\/v2\/users\/1"}],"replies":[{"embeddable":true,"href":"https:\/\/www.cdlbc.com.br\/portal\/wp-json\/wp\/v2\/comments?post=2792"}],"version-history":[{"count":0,"href":"https:\/\/www.cdlbc.com.br\/portal\/wp-json\/wp\/v2\/posts\/2792\/revisions"}],"wp:attachment":[{"href":"https:\/\/www.cdlbc.com.br\/portal\/wp-json\/wp\/v2\/media?parent=2792"}],"wp:term":[{"taxonomy":"category","embeddable":true,"href":"https:\/\/www.cdlbc.com.br\/portal\/wp-json\/wp\/v2\/categories?post=2792"},{"taxonomy":"post_tag","embeddable":true,"href":"https:\/\/www.cdlbc.com.br\/portal\/wp-json\/wp\/v2\/tags?post=2792"}],"curies":[{"name":"wp","href":"https:\/\/api.w.org\/{rel}","templated":true}]}}