{"id":2791,"date":"2014-07-14T14:21:00","date_gmt":"2014-07-14T14:21:00","guid":{"rendered":"http:\/\/www.cdlbc.com.br\/portal\/noticias\/detransc-realiza-leilao-de-veiculos-amanha\/"},"modified":"2014-07-14T14:21:00","modified_gmt":"2014-07-14T14:21:00","slug":"detransc-realiza-leilao-de-veiculos-amanha","status":"publish","type":"post","link":"https:\/\/www.cdlbc.com.br\/portal\/noticias\/detransc-realiza-leilao-de-veiculos-amanha\/","title":{"rendered":"Detran\/SC realiza leil\u00e3o de ve\u00edculos amanh\u00e3"},"content":{"rendered":"<div class=\"ftpimagefix\" style=\"float:left\"><img decoding=\"async\" width=\"250\" alt=\"No ano passado, o Detran\/SC realizou 31 leil\u00f5es e vendeu 14.354 ve\u00edculos. Foto: Detran\/Divulga\u00e7\u00e3o\" src=\"http:\/\/economiasc.com.br\/wp-content\/uploads\/2014\/07\/leil%C3%A3o-de-veiculos-foto-detran-300x225.jpg\"><\/div>\n<p>No ano passado, o Detran\/SC realizou 31 leil\u00f5es e vendeu 14.354 ve\u00edculos. Foto: Detran\/Divulga\u00e7\u00e3o<\/p>\n<p>O Detran\/SC realiza o 16\u00ba leil\u00e3o do ano nesta ter\u00e7a-feira, dia 15, \u00e0s 19h, no Centro de Eventos Multiuso de S\u00e3o Jos\u00e9. Ser\u00e3o leiloados 120 ve\u00edculos, com direito \u00e0 documenta\u00e7\u00e3o, e 708 sucatas. Os materiais foram removidos, apreendidos e retirados de circula\u00e7\u00e3o nos munic\u00edpios de Florian\u00f3polis, S\u00e3o Jos\u00e9, Palho\u00e7a e Bigua\u00e7u, e os propriet\u00e1rios j\u00e1 foram notificados. O evento tem como Leiloeiro Oficial o Sr. C\u00e9sar Luiz Moresco.<\/p>\n<p>Antes mesmo de alcan\u00e7ar a metade dos 34 leil\u00f5es previstos para 2014,  o Detran j\u00e1 arrecadou R$ 10 milh\u00f5es, valor arrecadado apenas no m\u00eas de setembro no ano passado, no 21\u00ba leil\u00e3o.<\/p>\n<p>Em 2013 foram realizados 31 leil\u00f5es, com 55 munic\u00edpios atendidos. Foram vendidos 14.354 ve\u00edculos, dentre sucatas e circul\u00e1veis, com uma arrecada\u00e7\u00e3o de R$ 17.107.635,00. Este ano, nos 15 leil\u00f5es realizados, foram vendidos 9.048 lotes, com uma arrecada\u00e7\u00e3o pr\u00f3xima dos R$ 10 milh\u00f5es.<\/p>\n<p>The post Detran\/SC realiza leil\u00e3o de ve\u00edculos amanh\u00e3 appeared first on Economia SC.<\/p>\n<p>Via: <a href=\"http:\/\/economiasc.com.br\/detransc-realiza-leilao-de-veiculos-amanha\/\" class=\"colorbox\" title=\"Detran\/SC realiza leil\u00e3o de ve\u00edculos amanh\u00e3\">economiasc.com.br<\/a><\/p>\n","protected":false},"excerpt":{"rendered":"<div class=\"ftpimagefix\" style=\"float:left\"><img decoding=\"async\" width=\"250\" alt=\"No ano passado, o Detran\/SC realizou 31 leil\u00f5es e vendeu 14.354 ve\u00edculos. Foto: Detran\/Divulga\u00e7\u00e3o\" src=\"http:\/\/economiasc.com.br\/wp-content\/uploads\/2014\/07\/leil%C3%A3o-de-veiculos-foto-detran-300x225.jpg\"><\/div>\n<p>No ano passado, o Detran\/SC realizou 31 leil\u00f5es e vendeu 14.354 ve\u00edculos. Foto: Detran\/Divulga\u00e7\u00e3o<\/p>\n<p>O Detran\/SC realiza o 16\u00ba leil\u00e3o do ano nesta ter\u00e7a-feira, dia 15, \u00e0s 19h, no Centro de Eventos Multiuso de S\u00e3o Jos\u00e9. Ser\u00e3o leiloados 120 ve\u00edculos, com direito \u00e0 documenta\u00e7\u00e3o, e 708 sucatas. Os materiais foram removidos, apreendidos e retirados de circula\u00e7\u00e3o nos munic\u00edpios de Florian\u00f3polis, S\u00e3o Jos\u00e9, Palho\u00e7a e Bigua\u00e7u, e os propriet\u00e1rios j\u00e1 foram notificados. O evento tem como Leiloeiro Oficial o Sr. C\u00e9sar Luiz Moresco.<\/p>\n<p>Antes mesmo de alcan\u00e7ar a metade dos 34 leil\u00f5es previstos para 2014,  o Detran j\u00e1 arrecadou R$ 10 milh\u00f5es, valor arrecadado apenas no m\u00eas de setembro no ano passado, no 21\u00ba leil\u00e3o.<\/p>\n<p>Em 2013 foram realizados 31 leil\u00f5es, com 55 munic\u00edpios atendidos. Foram vendidos 14.354 ve\u00edculos, dentre sucatas e circul\u00e1veis, com uma arrecada\u00e7\u00e3o de R$ 17.107.635,00. Este ano, nos 15 leil\u00f5es realizados, foram vendidos 9.048 lotes, com uma arrecada\u00e7\u00e3o pr\u00f3xima dos R$ 10 milh\u00f5es.<\/p>\n<p>The post Detran\/SC realiza leil\u00e3o de ve\u00edculos amanh\u00e3 appeared first on Economia SC.<\/p>\n","protected":false},"author":1,"featured_media":0,"comment_status":"open","ping_status":"open","sticky":false,"template":"","format":"standard","meta":{"footnotes":""},"categories":[5],"tags":[],"class_list":["post-2791","post","type-post","status-publish","format-standard","hentry","category-noticias","no-post-thumbnail"],"_links":{"self":[{"href":"https:\/\/www.cdlbc.com.br\/portal\/wp-json\/wp\/v2\/posts\/2791","targetHints":{"allow":["GET"]}}],"collection":[{"href":"https:\/\/www.cdlbc.com.br\/portal\/wp-json\/wp\/v2\/posts"}],"about":[{"href":"https:\/\/www.cdlbc.com.br\/portal\/wp-json\/wp\/v2\/types\/post"}],"author":[{"embeddable":true,"href":"https:\/\/www.cdlbc.com.br\/portal\/wp-json\/wp\/v2\/users\/1"}],"replies":[{"embeddable":true,"href":"https:\/\/www.cdlbc.com.br\/portal\/wp-json\/wp\/v2\/comments?post=2791"}],"version-history":[{"count":0,"href":"https:\/\/www.cdlbc.com.br\/portal\/wp-json\/wp\/v2\/posts\/2791\/revisions"}],"wp:attachment":[{"href":"https:\/\/www.cdlbc.com.br\/portal\/wp-json\/wp\/v2\/media?parent=2791"}],"wp:term":[{"taxonomy":"category","embeddable":true,"href":"https:\/\/www.cdlbc.com.br\/portal\/wp-json\/wp\/v2\/categories?post=2791"},{"taxonomy":"post_tag","embeddable":true,"href":"https:\/\/www.cdlbc.com.br\/portal\/wp-json\/wp\/v2\/tags?post=2791"}],"curies":[{"name":"wp","href":"https:\/\/api.w.org\/{rel}","templated":true}]}}