{"id":2789,"date":"2014-07-14T13:59:00","date_gmt":"2014-07-14T13:59:00","guid":{"rendered":"http:\/\/www.cdlbc.com.br\/portal\/noticias\/chapeco-sedia-seminario-sobre-residuos-solidos\/"},"modified":"2014-07-14T13:59:00","modified_gmt":"2014-07-14T13:59:00","slug":"chapeco-sedia-seminario-sobre-residuos-solidos","status":"publish","type":"post","link":"https:\/\/www.cdlbc.com.br\/portal\/noticias\/chapeco-sedia-seminario-sobre-residuos-solidos\/","title":{"rendered":"Chapec\u00f3 sedia semin\u00e1rio sobre res\u00edduos s\u00f3lidos"},"content":{"rendered":"<div class=\"ftpimagefix\" style=\"float:left\"><img decoding=\"async\" width=\"250\" alt=\"L\u00e2mpadas, pilhas, baterias, produtos qu\u00edmicos e solventes ficam armazenados temporariamente no aterro da Proactiva, em Bigua\u00e7u, e s\u00e3o enviados para aterros classe 1 em Blumenau e em Joinville. Foto: Jessica Melo\/Divulga\u00e7\u00e3o\" src=\"http:\/\/economiasc.com.br\/wp-content\/uploads\/2014\/07\/DSC_0256-300x199.jpg\"><\/div>\n<p>L\u00e2mpadas, pilhas, baterias, produtos qu\u00edmicos e solventes ficam armazenados temporariamente no aterro da Proactiva, em Bigua\u00e7u, e s\u00e3o enviados para aterros classe 1 em Blumenau e em Joinville. Foto: Jessica Melo\/Divulga\u00e7\u00e3o<\/p>\n<p>Chapec\u00f3 sedia nesta quinta-feira, dia 17, o Semin\u00e1rio Regional de Res\u00edduos S\u00f3lidos: Avan\u00e7os e Desafios da Pol\u00edtica Nacional, que ser\u00e1 realizado das 8h \u00e0s 17h na Unochapec\u00f3. O objetivo \u00e9 fomentar a preven\u00e7\u00e3o e precau\u00e7\u00e3o, o desenvolvimento sustent\u00e1vel, a ecoefici\u00eancia, a coopera\u00e7\u00e3o entre as diferentes esferas do poder p\u00fablico e privado e a responsabilidade compartilhada.  Segundo o presidente do Conselho das Entidades Empresariais de Chapec\u00f3 (CEC), Edinei Roberto Scalvi, esse semin\u00e1rio tem import\u00e2ncia para as empresas dos mais diferentes setores, em vista da necessidade de adequa\u00e7\u00e3o \u00e0s normas legais estabelecidas sobre o assunto, e por isso o Conselho enviou comunicado \u00e0s 16 entidades e sindicatos filiados, para que valorizem a presen\u00e7a no evento.<\/p>\n<p>De acordo o vice-presidente do Conselho Empresarial e presidente do Sindicato da Ind\u00fastria de Material Pl\u00e1stico e Artefatos de Borracha do Oeste Catarinense (Sindiplasc), Djalma Velho de Azevedo, \u00e9 muito importante a participa\u00e7\u00e3o de todos os segmentos da sociedade no semin\u00e1rio. \u201cJuntos podemos come\u00e7ar a resolver definitivamente as quest\u00f5es s\u00f3cio\/econ\u00f4mico\/ambientais decorrentes do lixo urbano\u201d, destaca.<\/p>\n<p><b>Responsabilidade Compartilhada<\/b><\/p>\n<p>O Plano Nacional de res\u00edduos s\u00f3lidos prev\u00ea a responsabilidade compartilhada pelos res\u00edduos, conforme mat\u00e9ria publicada pelo <strong>EconomiaSC<\/strong>.  A log\u00edstica reversa \u00e9 o fluxo contr\u00e1rio do material \u2013 do consumidor para o fabricante. Segundo o Diretor de Saneamento e Meio Ambiente da Secretaria de Estado de Desenvolvimento Sustent\u00e1vel, Luiz  Antonio Garcia Correa, para que ela saia do papel, \u00e9 necess\u00e1ria a participa\u00e7\u00e3o dos envolvidos. \u201cPara tanto, a Pol\u00edtica Nacional de Res\u00edduos S\u00f3lidos traz como forma de implementa\u00e7\u00e3o e operacionaliza\u00e7\u00e3o da log\u00edstica reversa, os acordos setoriais e os termos de compromisso, sendo eles atos de natureza contratual, firmados entre o poder p\u00fablico e os fabricantes, importadores, distribuidores ou comerciantes. Tamb\u00e9m poder\u00e1 ser implantada diretamente por regulamento, veiculado por lei ou decreto editado pelo poder executivo\u201d, explica Correa.<\/p>\n<p>Para o diretor, a atua\u00e7\u00e3o do Estado, seja ela direta ou indireta, depende do andamento e o estabelecimento dos acordos setoriais obrigat\u00f3rios  a n\u00edvel nacional \u201cpara que se possa identificar as necessidades complementares nas diversas regi\u00f5es e dos tipos de res\u00edduos e, a partir destas, fundamentar propostas de desenvolvimento  e  aperfei\u00e7oamento da log\u00edstica reversa\u201d, explica.<\/p>\n<p>Segundo Correa, a responsabilidade p\u00f3s-consumo pode trazer  investimentos em inova\u00e7\u00e3o no projeto de produtos (ecodesign), al\u00e9m da redu\u00e7\u00e3o de embalagens e otimiza\u00e7\u00e3o dos sistemas de distribui\u00e7\u00e3o, promovendo a preven\u00e7\u00e3o da gera\u00e7\u00e3o dos res\u00edduos.<\/p>\n<p>De acordo com a secretaria, j\u00e1 existe no estado catarinense a coleta de embalagens de agrot\u00f3xicos, de \u00f3leo lubrificante de ve\u00edculos e suas embalagens, pilhas, baterias e de l\u00e2mpadas fluorescentes.<\/p>\n<p><b>Programa\u00e7\u00e3o do Semin\u00e1rio<\/b><\/p>\n<p>O semin\u00e1rio, organizado pelo F\u00f3rum de Res\u00edduos S\u00f3lidos de Chapec\u00f3 e pela Incubadora Tecnol\u00f3gica de Cooperativas Populares da Unochapec\u00f3 (ITCP), contar\u00e1 com tr\u00eas palestras: \u201cPanorama Geral da Coleta Seletiva no Brasil e Pol\u00edtica Nacional de Res\u00edduos S\u00f3lidos\u201d, que ser\u00e1 ministrada pela representante do Compromisso Empresarial para Reciclagem (Cempre), de S\u00e3o Paulo-SP, Talita Ribeiro; \u201cLixo ou Mat\u00e9ria-prima? Solu\u00e7\u00e3o Racional\u201d, ministrada por Marcos Stolf, do Instituto Dual de Educa\u00e7\u00e3o, de Joinville-SC; e \u201cProcesso de Triagem e a Efici\u00eancia de Aproveitamento dos Res\u00edduos S\u00f3lidos\u201d, tem\u00e1tica que ser\u00e1 abordada pelo engenheiro qu\u00edmico Marcelo Boiani, de Chapec\u00f3.<\/p>\n<p>O semin\u00e1rio \u00e9 aberto para toda a popula\u00e7\u00e3o, assim como para representantes de entidades p\u00fablicas ou privadas. As inscri\u00e7\u00f5es s\u00e3o gratuitas e ser\u00e3o feitas no local do evento, mas a presen\u00e7a dever\u00e1 ser confirmada at\u00e9 esta ter\u00e7a-feira, 15 de julho, pelo telefone (49)3323-1889 ou pelo e-mail forumderesiduos@gmail.com.<\/p>\n<p>The post Chapec\u00f3 sedia semin\u00e1rio sobre res\u00edduos s\u00f3lidos appeared first on Economia SC.<\/p>\n<p>Via: <a href=\"http:\/\/economiasc.com.br\/chapeco-sedia-seminario-sobre-residuos-solidos\/\" class=\"colorbox\" title=\"Chapec\u00f3 sedia semin\u00e1rio sobre res\u00edduos s\u00f3lidos\">economiasc.com.br<\/a><\/p>\n","protected":false},"excerpt":{"rendered":"<div class=\"ftpimagefix\" style=\"float:left\"><img decoding=\"async\" width=\"250\" alt=\"L\u00e2mpadas, pilhas, baterias, produtos qu\u00edmicos e solventes ficam armazenados temporariamente no aterro da Proactiva, em Bigua\u00e7u, e s\u00e3o enviados para aterros classe 1 em Blumenau e em Joinville. Foto: Jessica Melo\/Divulga\u00e7\u00e3o\" src=\"http:\/\/economiasc.com.br\/wp-content\/uploads\/2014\/07\/DSC_0256-300x199.jpg\"><\/div>\n<p>L\u00e2mpadas, pilhas, baterias, produtos qu\u00edmicos e solventes ficam armazenados temporariamente no aterro da Proactiva, em Bigua\u00e7u, e s\u00e3o enviados para aterros classe 1 em Blumenau e em Joinville. Foto: Jessica Melo\/Divulga\u00e7\u00e3o<\/p>\n<p>Chapec\u00f3 sedia nesta quinta-feira, dia 17, o Semin\u00e1rio Regional de Res\u00edduos S\u00f3lidos: Avan\u00e7os e Desafios da Pol\u00edtica Nacional, que ser\u00e1 realizado das 8h \u00e0s 17h na Unochapec\u00f3. O objetivo \u00e9 fomentar a preven\u00e7\u00e3o e precau\u00e7\u00e3o, o desenvolvimento sustent\u00e1vel, a ecoefici\u00eancia, a coopera\u00e7\u00e3o entre as diferentes esferas do poder p\u00fablico e privado e a responsabilidade compartilhada.  Segundo o presidente do Conselho das Entidades Empresariais de Chapec\u00f3 (CEC), Edinei Roberto Scalvi, esse semin\u00e1rio tem import\u00e2ncia para as empresas dos mais diferentes setores, em vista da necessidade de adequa\u00e7\u00e3o \u00e0s normas legais estabelecidas sobre o assunto, e por isso o Conselho enviou comunicado \u00e0s 16 entidades e sindicatos filiados, para que valorizem a presen\u00e7a no evento.<\/p>\n<p>De acordo o vice-presidente do Conselho Empresarial e presidente do Sindicato da Ind\u00fastria de Material Pl\u00e1stico e Artefatos de Borracha do Oeste Catarinense (Sindiplasc), Djalma Velho de Azevedo, \u00e9 muito importante a participa\u00e7\u00e3o de todos os segmentos da sociedade no semin\u00e1rio. \u201cJuntos podemos come\u00e7ar a resolver definitivamente as quest\u00f5es s\u00f3cio\/econ\u00f4mico\/ambientais decorrentes do lixo urbano\u201d, destaca.<\/p>\n<p><b>Responsabilidade Compartilhada<\/b><\/p>\n<p>O Plano Nacional de res\u00edduos s\u00f3lidos prev\u00ea a responsabilidade compartilhada pelos res\u00edduos, conforme mat\u00e9ria publicada pelo <strong>EconomiaSC<\/strong>.  A log\u00edstica reversa \u00e9 o fluxo contr\u00e1rio do material \u2013 do consumidor para o fabricante. Segundo o Diretor de Saneamento e Meio Ambiente da Secretaria de Estado de Desenvolvimento Sustent\u00e1vel, Luiz  Antonio Garcia Correa, para que ela saia do papel, \u00e9 necess\u00e1ria a participa\u00e7\u00e3o dos envolvidos. \u201cPara tanto, a Pol\u00edtica Nacional de Res\u00edduos S\u00f3lidos traz como forma de implementa\u00e7\u00e3o e operacionaliza\u00e7\u00e3o da log\u00edstica reversa, os acordos setoriais e os termos de compromisso, sendo eles atos de natureza contratual, firmados entre o poder p\u00fablico e os fabricantes, importadores, distribuidores ou comerciantes. Tamb\u00e9m poder\u00e1 ser implantada diretamente por regulamento, veiculado por lei ou decreto editado pelo poder executivo\u201d, explica Correa.<\/p>\n<p>Para o diretor, a atua\u00e7\u00e3o do Estado, seja ela direta ou indireta, depende do andamento e o estabelecimento dos acordos setoriais obrigat\u00f3rios  a n\u00edvel nacional \u201cpara que se possa identificar as necessidades complementares nas diversas regi\u00f5es e dos tipos de res\u00edduos e, a partir destas, fundamentar propostas de desenvolvimento  e  aperfei\u00e7oamento da log\u00edstica reversa\u201d, explica.<\/p>\n<p>Segundo Correa, a responsabilidade p\u00f3s-consumo pode trazer  investimentos em inova\u00e7\u00e3o no projeto de produtos (ecodesign), al\u00e9m da redu\u00e7\u00e3o de embalagens e otimiza\u00e7\u00e3o dos sistemas de distribui\u00e7\u00e3o, promovendo a preven\u00e7\u00e3o da gera\u00e7\u00e3o dos res\u00edduos.<\/p>\n<p>De acordo com a secretaria, j\u00e1 existe no estado catarinense a coleta de embalagens de agrot\u00f3xicos, de \u00f3leo lubrificante de ve\u00edculos e suas embalagens, pilhas, baterias e de l\u00e2mpadas fluorescentes.<\/p>\n<p><b>Programa\u00e7\u00e3o do Semin\u00e1rio<\/b><\/p>\n<p>O semin\u00e1rio, organizado pelo F\u00f3rum de Res\u00edduos S\u00f3lidos de Chapec\u00f3 e pela Incubadora Tecnol\u00f3gica de Cooperativas Populares da Unochapec\u00f3 (ITCP), contar\u00e1 com tr\u00eas palestras: \u201cPanorama Geral da Coleta Seletiva no Brasil e Pol\u00edtica Nacional de Res\u00edduos S\u00f3lidos\u201d, que ser\u00e1 ministrada pela representante do Compromisso Empresarial para Reciclagem (Cempre), de S\u00e3o Paulo-SP, Talita Ribeiro; \u201cLixo ou Mat\u00e9ria-prima? Solu\u00e7\u00e3o Racional\u201d, ministrada por Marcos Stolf, do Instituto Dual de Educa\u00e7\u00e3o, de Joinville-SC; e \u201cProcesso de Triagem e a Efici\u00eancia de Aproveitamento dos Res\u00edduos S\u00f3lidos\u201d, tem\u00e1tica que ser\u00e1 abordada pelo engenheiro qu\u00edmico Marcelo Boiani, de Chapec\u00f3.<\/p>\n<p>O semin\u00e1rio \u00e9 aberto para toda a popula\u00e7\u00e3o, assim como para representantes de entidades p\u00fablicas ou privadas. As inscri\u00e7\u00f5es s\u00e3o gratuitas e ser\u00e3o feitas no local do evento, mas a presen\u00e7a dever\u00e1 ser confirmada at\u00e9 esta ter\u00e7a-feira, 15 de julho, pelo telefone (49)3323-1889 ou pelo e-mail forumderesiduos@gmail.com.<\/p>\n<p>The post Chapec\u00f3 sedia semin\u00e1rio sobre res\u00edduos s\u00f3lidos appeared first on Economia SC.<\/p>\n","protected":false},"author":1,"featured_media":0,"comment_status":"open","ping_status":"open","sticky":false,"template":"","format":"standard","meta":{"footnotes":""},"categories":[5],"tags":[],"class_list":["post-2789","post","type-post","status-publish","format-standard","hentry","category-noticias","no-post-thumbnail"],"_links":{"self":[{"href":"https:\/\/www.cdlbc.com.br\/portal\/wp-json\/wp\/v2\/posts\/2789","targetHints":{"allow":["GET"]}}],"collection":[{"href":"https:\/\/www.cdlbc.com.br\/portal\/wp-json\/wp\/v2\/posts"}],"about":[{"href":"https:\/\/www.cdlbc.com.br\/portal\/wp-json\/wp\/v2\/types\/post"}],"author":[{"embeddable":true,"href":"https:\/\/www.cdlbc.com.br\/portal\/wp-json\/wp\/v2\/users\/1"}],"replies":[{"embeddable":true,"href":"https:\/\/www.cdlbc.com.br\/portal\/wp-json\/wp\/v2\/comments?post=2789"}],"version-history":[{"count":0,"href":"https:\/\/www.cdlbc.com.br\/portal\/wp-json\/wp\/v2\/posts\/2789\/revisions"}],"wp:attachment":[{"href":"https:\/\/www.cdlbc.com.br\/portal\/wp-json\/wp\/v2\/media?parent=2789"}],"wp:term":[{"taxonomy":"category","embeddable":true,"href":"https:\/\/www.cdlbc.com.br\/portal\/wp-json\/wp\/v2\/categories?post=2789"},{"taxonomy":"post_tag","embeddable":true,"href":"https:\/\/www.cdlbc.com.br\/portal\/wp-json\/wp\/v2\/tags?post=2789"}],"curies":[{"name":"wp","href":"https:\/\/api.w.org\/{rel}","templated":true}]}}