{"id":2786,"date":"2014-07-14T12:49:00","date_gmt":"2014-07-14T12:49:00","guid":{"rendered":"http:\/\/www.cdlbc.com.br\/portal\/noticias\/recuperacao-de-credito-cai-222-em-junho\/"},"modified":"2014-07-14T12:49:00","modified_gmt":"2014-07-14T12:49:00","slug":"recuperacao-de-credito-cai-222-em-junho","status":"publish","type":"post","link":"https:\/\/www.cdlbc.com.br\/portal\/noticias\/recuperacao-de-credito-cai-222-em-junho\/","title":{"rendered":"Recupera\u00e7\u00e3o de cr\u00e9dito cai 2,22% em junho"},"content":{"rendered":"<div class=\"ftpimagefix\" style=\"float:left\"><img decoding=\"async\" width=\"250\" alt=\"N\u00famero de d\u00edvidas regularizadas recua em rela\u00e7\u00e3o ao mesmo m\u00eas do ano passado. Foto: Divulga\u00e7\u00e3o\" src=\"http:\/\/economiasc.com.br\/wp-content\/uploads\/2014\/07\/d%C3%ADvida-300x212.jpg\"><\/div>\n<p>N\u00famero de d\u00edvidas regularizadas recua em rela\u00e7\u00e3o ao mesmo m\u00eas do ano passado. Foto: Divulga\u00e7\u00e3o<\/p>\n<p>O n\u00famero de d\u00edvidas regularizadas, calculado a partir das exclus\u00f5es dos registros de inadimpl\u00eancia do banco de dados do SPC Brasil, recuou 2,22% em junho de 2014, em rela\u00e7\u00e3o ao mesmo m\u00eas do ano passado. \u00c9 a quarta queda consecutiva. Em rela\u00e7\u00e3o a maio deste ano, as regulariza\u00e7\u00f5es subiram 1,13%. O dado \u00e9 do Indicador Mensal de Recupera\u00e7\u00e3o de Cr\u00e9dito do Servi\u00e7o de Prote\u00e7\u00e3o ao Cr\u00e9dito (SPC Brasil) e da Confedera\u00e7\u00e3o Nacional de Dirigentes Lojistas (CNDL).<\/p>\n<p>Marcela Kawauti, economista-chefe do SPC Brasil, explica que o recuo do indicador de recupera\u00e7\u00e3o de cr\u00e9dito, analisado em conjunto com a inadimpl\u00eancia em alta, sugere uma diminui\u00e7\u00e3o da capacidade de pagamento do consumidor brasileiro. \u201cOs indicadores refletem as condi\u00e7\u00f5es menos favor\u00e1veis da atividade econ\u00f4mica tanto para o consumo quanto para a quita\u00e7\u00e3o de d\u00edvidas. Este cen\u00e1rio \u00e9 impactado negativamente pela acelera\u00e7\u00e3o da infla\u00e7\u00e3o, alta dos juros e pelo crescimento moderado da massa salarial\u201d, afirmou.<\/p>\n<p>The post Recupera\u00e7\u00e3o de cr\u00e9dito cai 2,22% em junho appeared first on Economia SC.<\/p>\n<p>Via: <a href=\"http:\/\/economiasc.com.br\/recuperacao-de-credito-cai-222-em-junho\/\" class=\"colorbox\" title=\"Recupera\u00e7\u00e3o de cr\u00e9dito cai 2,22% em junho\">economiasc.com.br<\/a><\/p>\n","protected":false},"excerpt":{"rendered":"<div class=\"ftpimagefix\" style=\"float:left\"><img decoding=\"async\" width=\"250\" alt=\"N\u00famero de d\u00edvidas regularizadas recua em rela\u00e7\u00e3o ao mesmo m\u00eas do ano passado. Foto: Divulga\u00e7\u00e3o\" src=\"http:\/\/economiasc.com.br\/wp-content\/uploads\/2014\/07\/d%C3%ADvida-300x212.jpg\"><\/div>\n<p>N\u00famero de d\u00edvidas regularizadas recua em rela\u00e7\u00e3o ao mesmo m\u00eas do ano passado. Foto: Divulga\u00e7\u00e3o<\/p>\n<p>O n\u00famero de d\u00edvidas regularizadas, calculado a partir das exclus\u00f5es dos registros de inadimpl\u00eancia do banco de dados do SPC Brasil, recuou 2,22% em junho de 2014, em rela\u00e7\u00e3o ao mesmo m\u00eas do ano passado. \u00c9 a quarta queda consecutiva. Em rela\u00e7\u00e3o a maio deste ano, as regulariza\u00e7\u00f5es subiram 1,13%. O dado \u00e9 do Indicador Mensal de Recupera\u00e7\u00e3o de Cr\u00e9dito do Servi\u00e7o de Prote\u00e7\u00e3o ao Cr\u00e9dito (SPC Brasil) e da Confedera\u00e7\u00e3o Nacional de Dirigentes Lojistas (CNDL).<\/p>\n<p>Marcela Kawauti, economista-chefe do SPC Brasil, explica que o recuo do indicador de recupera\u00e7\u00e3o de cr\u00e9dito, analisado em conjunto com a inadimpl\u00eancia em alta, sugere uma diminui\u00e7\u00e3o da capacidade de pagamento do consumidor brasileiro. \u201cOs indicadores refletem as condi\u00e7\u00f5es menos favor\u00e1veis da atividade econ\u00f4mica tanto para o consumo quanto para a quita\u00e7\u00e3o de d\u00edvidas. Este cen\u00e1rio \u00e9 impactado negativamente pela acelera\u00e7\u00e3o da infla\u00e7\u00e3o, alta dos juros e pelo crescimento moderado da massa salarial\u201d, afirmou.<\/p>\n<p>The post Recupera\u00e7\u00e3o de cr\u00e9dito cai 2,22% em junho appeared first on Economia SC.<\/p>\n","protected":false},"author":1,"featured_media":0,"comment_status":"open","ping_status":"open","sticky":false,"template":"","format":"standard","meta":{"footnotes":""},"categories":[5],"tags":[],"class_list":["post-2786","post","type-post","status-publish","format-standard","hentry","category-noticias","no-post-thumbnail"],"_links":{"self":[{"href":"https:\/\/www.cdlbc.com.br\/portal\/wp-json\/wp\/v2\/posts\/2786","targetHints":{"allow":["GET"]}}],"collection":[{"href":"https:\/\/www.cdlbc.com.br\/portal\/wp-json\/wp\/v2\/posts"}],"about":[{"href":"https:\/\/www.cdlbc.com.br\/portal\/wp-json\/wp\/v2\/types\/post"}],"author":[{"embeddable":true,"href":"https:\/\/www.cdlbc.com.br\/portal\/wp-json\/wp\/v2\/users\/1"}],"replies":[{"embeddable":true,"href":"https:\/\/www.cdlbc.com.br\/portal\/wp-json\/wp\/v2\/comments?post=2786"}],"version-history":[{"count":0,"href":"https:\/\/www.cdlbc.com.br\/portal\/wp-json\/wp\/v2\/posts\/2786\/revisions"}],"wp:attachment":[{"href":"https:\/\/www.cdlbc.com.br\/portal\/wp-json\/wp\/v2\/media?parent=2786"}],"wp:term":[{"taxonomy":"category","embeddable":true,"href":"https:\/\/www.cdlbc.com.br\/portal\/wp-json\/wp\/v2\/categories?post=2786"},{"taxonomy":"post_tag","embeddable":true,"href":"https:\/\/www.cdlbc.com.br\/portal\/wp-json\/wp\/v2\/tags?post=2786"}],"curies":[{"name":"wp","href":"https:\/\/api.w.org\/{rel}","templated":true}]}}