{"id":2783,"date":"2014-07-14T12:39:00","date_gmt":"2014-07-14T12:39:00","guid":{"rendered":"http:\/\/www.cdlbc.com.br\/portal\/noticias\/projeto-moda-catarina-e-lancado-em-brusque\/"},"modified":"2014-07-14T12:39:00","modified_gmt":"2014-07-14T12:39:00","slug":"projeto-moda-catarina-e-lancado-em-brusque","status":"publish","type":"post","link":"https:\/\/www.cdlbc.com.br\/portal\/noticias\/projeto-moda-catarina-e-lancado-em-brusque\/","title":{"rendered":"Projeto Moda Catarina \u00e9 lan\u00e7ado em Brusque"},"content":{"rendered":"<div class=\"ftpimagefix\" style=\"float:left\"><img decoding=\"async\" width=\"250\" alt=\"\" src=\"https:\/\/ssl.gstatic.com\/ui\/v1\/icons\/mail\/images\/cleardot.gif\"><\/div>\n<p>O Sebrae\/SC e a Associa\u00e7\u00e3o das Micro e Pequenas Empresas de Brusque e Regi\u00e3o (AmpeBr), lan\u00e7aram um importante e inovador projeto: o Moda Catarina. O evento ocorreu na semana passada na Sociedade Esportiva Bandeirante e contou com a presen\u00e7a de mais de cem pessoas, entre associados e empres\u00e1rios, al\u00e9m de diretores da AmpeBr e representantes do Sebrae\/SC. O objetivo do projeto \u00e9 promover o fortalecimento da ind\u00fastria da moda de Brusque e da regi\u00e3o. <\/p>\n<p>Durante o evento, o p\u00fablico conheceu mais sobre o Moda Catarina, que atender\u00e1 70 empresas associadas \u00e0 AmpeBr e ser\u00e1 realizado de 2014 a dezembro de 2015. Dentro do cronograma de trabalhos apresentado est\u00e3o previstas diversas oficinas, palestras, capacita\u00e7\u00f5es, eventos com profissionais de renome nacional e internacional, projetos na \u00e1rea de inova\u00e7\u00e3o e sustentabilidade, al\u00e9m de visitas t\u00e9cnicas, nacionais e internacionais. Entre as visitas est\u00e3o previstas miss\u00f5es ao Rio de Janeiro, \u00e0 Alemanha, Espanha e It\u00e1lia, que devem acontecer ainda este ano com o objetivo de conhecer os projetos realizados e compartilhar experi\u00eancias.<\/p>\n<p>A parceria com o Sebrae no projeto era uma solicita\u00e7\u00e3o antiga da AmpeBr, com o intuito de criar condi\u00e7\u00f5es para a amplia\u00e7\u00e3o do mercado e para o desenvolvimento tecnol\u00f3gico e a inova\u00e7\u00e3o, proporcionando ganhos de qualidade e produtividade, e contribuindo para gerar valor agregado aos produtos e servi\u00e7os de seus associados.<\/p>\n<p>The post Projeto Moda Catarina \u00e9 lan\u00e7ado em Brusque appeared first on Economia SC.<\/p>\n<p>Via: <a href=\"http:\/\/economiasc.com.br\/projeto-moda-catarina-e-lancado-oficialmente\/\" class=\"colorbox\" title=\"Projeto Moda Catarina \u00e9 lan\u00e7ado em Brusque\">economiasc.com.br<\/a><\/p>\n","protected":false},"excerpt":{"rendered":"<div class=\"ftpimagefix\" style=\"float:left\"><img decoding=\"async\" width=\"250\" alt=\"\" src=\"https:\/\/ssl.gstatic.com\/ui\/v1\/icons\/mail\/images\/cleardot.gif\"><\/div>\n<p>O Sebrae\/SC e a Associa\u00e7\u00e3o das Micro e Pequenas Empresas de Brusque e Regi\u00e3o (AmpeBr), lan\u00e7aram um importante e inovador projeto: o Moda Catarina. O evento ocorreu na semana passada na Sociedade Esportiva Bandeirante e contou com a presen\u00e7a de mais de cem pessoas, entre associados e empres\u00e1rios, al\u00e9m de diretores da AmpeBr e representantes do Sebrae\/SC. O objetivo do projeto \u00e9 promover o fortalecimento da ind\u00fastria da moda de Brusque e da regi\u00e3o. <\/p>\n<p>Durante o evento, o p\u00fablico conheceu mais sobre o Moda Catarina, que atender\u00e1 70 empresas associadas \u00e0 AmpeBr e ser\u00e1 realizado de 2014 a dezembro de 2015. Dentro do cronograma de trabalhos apresentado est\u00e3o previstas diversas oficinas, palestras, capacita\u00e7\u00f5es, eventos com profissionais de renome nacional e internacional, projetos na \u00e1rea de inova\u00e7\u00e3o e sustentabilidade, al\u00e9m de visitas t\u00e9cnicas, nacionais e internacionais. Entre as visitas est\u00e3o previstas miss\u00f5es ao Rio de Janeiro, \u00e0 Alemanha, Espanha e It\u00e1lia, que devem acontecer ainda este ano com o objetivo de conhecer os projetos realizados e compartilhar experi\u00eancias.<\/p>\n<p>A parceria com o Sebrae no projeto era uma solicita\u00e7\u00e3o antiga da AmpeBr, com o intuito de criar condi\u00e7\u00f5es para a amplia\u00e7\u00e3o do mercado e para o desenvolvimento tecnol\u00f3gico e a inova\u00e7\u00e3o, proporcionando ganhos de qualidade e produtividade, e contribuindo para gerar valor agregado aos produtos e servi\u00e7os de seus associados.<\/p>\n<p>The post Projeto Moda Catarina \u00e9 lan\u00e7ado em Brusque appeared first on Economia SC.<\/p>\n","protected":false},"author":1,"featured_media":0,"comment_status":"open","ping_status":"open","sticky":false,"template":"","format":"standard","meta":{"footnotes":""},"categories":[5],"tags":[],"class_list":["post-2783","post","type-post","status-publish","format-standard","hentry","category-noticias","no-post-thumbnail"],"_links":{"self":[{"href":"https:\/\/www.cdlbc.com.br\/portal\/wp-json\/wp\/v2\/posts\/2783","targetHints":{"allow":["GET"]}}],"collection":[{"href":"https:\/\/www.cdlbc.com.br\/portal\/wp-json\/wp\/v2\/posts"}],"about":[{"href":"https:\/\/www.cdlbc.com.br\/portal\/wp-json\/wp\/v2\/types\/post"}],"author":[{"embeddable":true,"href":"https:\/\/www.cdlbc.com.br\/portal\/wp-json\/wp\/v2\/users\/1"}],"replies":[{"embeddable":true,"href":"https:\/\/www.cdlbc.com.br\/portal\/wp-json\/wp\/v2\/comments?post=2783"}],"version-history":[{"count":0,"href":"https:\/\/www.cdlbc.com.br\/portal\/wp-json\/wp\/v2\/posts\/2783\/revisions"}],"wp:attachment":[{"href":"https:\/\/www.cdlbc.com.br\/portal\/wp-json\/wp\/v2\/media?parent=2783"}],"wp:term":[{"taxonomy":"category","embeddable":true,"href":"https:\/\/www.cdlbc.com.br\/portal\/wp-json\/wp\/v2\/categories?post=2783"},{"taxonomy":"post_tag","embeddable":true,"href":"https:\/\/www.cdlbc.com.br\/portal\/wp-json\/wp\/v2\/tags?post=2783"}],"curies":[{"name":"wp","href":"https:\/\/api.w.org\/{rel}","templated":true}]}}