{"id":2759,"date":"2014-07-11T17:31:00","date_gmt":"2014-07-11T17:31:00","guid":{"rendered":"http:\/\/www.cdlbc.com.br\/portal\/noticias\/ocupacao-de-hoteis-na-ilha-teve-pouca-variacao\/"},"modified":"2014-07-11T17:31:00","modified_gmt":"2014-07-11T17:31:00","slug":"ocupacao-de-hoteis-na-ilha-teve-pouca-variacao","status":"publish","type":"post","link":"https:\/\/www.cdlbc.com.br\/portal\/noticias\/ocupacao-de-hoteis-na-ilha-teve-pouca-variacao\/","title":{"rendered":"Ocupa\u00e7\u00e3o de hot\u00e9is na Ilha teve pouca varia\u00e7\u00e3o"},"content":{"rendered":"<div class=\"ftpimagefix\" style=\"float:left\"><img decoding=\"async\" width=\"250\" alt=\"Houve incremento de 15,8% na taxa de ocupa\u00e7\u00e3o nos hot\u00e9is apenas no centro de Florian\u00f3polis. Foto: Divulga\u00e7\u00e3o \" src=\"http:\/\/economiasc.com.br\/wp-content\/uploads\/2014\/07\/Florianopolis-ponte-02-300x199.jpg\"><\/div>\n<p>Houve incremento de 15,8% na taxa de ocupa\u00e7\u00e3o nos hot\u00e9is apenas no centro de Florian\u00f3polis. Foto: Divulga\u00e7\u00e3o<\/p>\n<p>A taxa de ocupa\u00e7\u00e3o dos hot\u00e9is da Grande Florian\u00f3polis cresceu somente 0,5% durante o m\u00eas de junho em rela\u00e7\u00e3o ao mesmo per\u00edodo do ano passado, ficando em 38%. Para Tarc\u00edsio Schmitt, presidente do SHRBS (Sindicato dos Hot\u00e9is, Restaurantes, Bares e Similares de Florian\u00f3polis),  esta estagna\u00e7\u00e3o vai de encontro \u00e0s expectativas otimistas em fun\u00e7\u00e3o da Copa do Mundo. \u201cNa verdade, os turistas esperados para visitar nosso Estado durante o evento n\u00e3o vieram. Temos not\u00edcias at\u00e9 de estabelecimentos que tiveram decr\u00e9scimo no n\u00famero de h\u00f3spedes, ao menos na nossa regi\u00e3o\u201d, afirma.<\/p>\n<p>As varia\u00e7\u00f5es negativas ficaram com os hot\u00e9is das praias (13%) e do Continente (26,3%), enquanto no Centro houve incremento de 15,8% na taxa de ocupa\u00e7\u00e3o. \u201cO que mais contribuiu para estarmos no mesmo patamar foi mesmo os hot\u00e9is das regi\u00f5es termais, registrando aumento de 46,1% em rela\u00e7\u00e3o a 2013\u201d, finaliza Schmitt.<\/p>\n<\/p>\n<p><em>RESUMO TAXA OCUPACIONAL \u2013 Junho de 2014 em comparativo com 2013<\/em><\/p>\n<p><strong>2013<\/strong><br \/>\n<strong>2014<\/strong><br \/>\n<strong> <\/strong><br \/>\n<strong>Varia\u00e7\u00e3o<\/strong><\/p>\n<p>Praias<\/p>\n<p>18,4%<br \/>\n16,0%<\/p>\n<p align=\"right\">87,0%<\/p>\n<p>-13,0%<\/p>\n<p>Centro<\/p>\n<p>45,0%<br \/>\n52,1%<\/p>\n<p align=\"right\">115,8%<\/p>\n<p>15,8%<\/p>\n<p>Continente<\/p>\n<p>58,9%<br \/>\n43,4%<\/p>\n<p align=\"right\">73,7%<\/p>\n<p>-26,3%<\/p>\n<p>Termais<\/p>\n<p>20,4%<br \/>\n29,8%<\/p>\n<p align=\"right\">146,1%<\/p>\n<p>46,1%<\/p>\n<p><strong>Geral Ponderada<\/strong><br \/>\n<strong> <\/strong><br \/>\n<strong>37,8%<\/strong><br \/>\n<strong>38,0%<\/strong><\/p>\n<p align=\"right\">100,5%<\/p>\n<p>0,5%<\/p>\n<p>The post Ocupa\u00e7\u00e3o de hot\u00e9is na Ilha teve pouca varia\u00e7\u00e3o appeared first on Economia SC.<\/p>\n<p>Via: <a href=\"http:\/\/economiasc.com.br\/ocupacao-de-hoteis-na-ilha-teve-pouca-variacao\/\" class=\"colorbox\" title=\"Ocupa\u00e7\u00e3o de hot\u00e9is na Ilha teve pouca varia\u00e7\u00e3o\">economiasc.com.br<\/a><\/p>\n","protected":false},"excerpt":{"rendered":"<div class=\"ftpimagefix\" style=\"float:left\"><img decoding=\"async\" width=\"250\" alt=\"Houve incremento de 15,8% na taxa de ocupa\u00e7\u00e3o nos hot\u00e9is apenas no centro de Florian\u00f3polis. Foto: Divulga\u00e7\u00e3o \" src=\"http:\/\/economiasc.com.br\/wp-content\/uploads\/2014\/07\/Florianopolis-ponte-02-300x199.jpg\"><\/div>\n<p>Houve incremento de 15,8% na taxa de ocupa\u00e7\u00e3o nos hot\u00e9is apenas no centro de Florian\u00f3polis. Foto: Divulga\u00e7\u00e3o<\/p>\n<p>A taxa de ocupa\u00e7\u00e3o dos hot\u00e9is da Grande Florian\u00f3polis cresceu somente 0,5% durante o m\u00eas de junho em rela\u00e7\u00e3o ao mesmo per\u00edodo do ano passado, ficando em 38%. Para Tarc\u00edsio Schmitt, presidente do SHRBS (Sindicato dos Hot\u00e9is, Restaurantes, Bares e Similares de Florian\u00f3polis),  esta estagna\u00e7\u00e3o vai de encontro \u00e0s expectativas otimistas em fun\u00e7\u00e3o da Copa do Mundo. \u201cNa verdade, os turistas esperados para visitar nosso Estado durante o evento n\u00e3o vieram. Temos not\u00edcias at\u00e9 de estabelecimentos que tiveram decr\u00e9scimo no n\u00famero de h\u00f3spedes, ao menos na nossa regi\u00e3o\u201d, afirma.<\/p>\n<p>As varia\u00e7\u00f5es negativas ficaram com os hot\u00e9is das praias (13%) e do Continente (26,3%), enquanto no Centro houve incremento de 15,8% na taxa de ocupa\u00e7\u00e3o. \u201cO que mais contribuiu para estarmos no mesmo patamar foi mesmo os hot\u00e9is das regi\u00f5es termais, registrando aumento de 46,1% em rela\u00e7\u00e3o a 2013\u201d, finaliza Schmitt.<\/p>\n<\/p>\n<p><em>RESUMO TAXA OCUPACIONAL \u2013 Junho de 2014 em comparativo com 2013<\/em><\/p>\n<p><strong>2013<\/strong><br \/>\n<strong>2014<\/strong><br \/>\n<strong> <\/strong><br \/>\n<strong>Varia\u00e7\u00e3o<\/strong><\/p>\n<p>Praias<\/p>\n<p>18,4%<br \/>\n16,0%<\/p>\n<p align=\"right\">87,0%<\/p>\n<p>-13,0%<\/p>\n<p>Centro<\/p>\n<p>45,0%<br \/>\n52,1%<\/p>\n<p align=\"right\">115,8%<\/p>\n<p>15,8%<\/p>\n<p>Continente<\/p>\n<p>58,9%<br \/>\n43,4%<\/p>\n<p align=\"right\">73,7%<\/p>\n<p>-26,3%<\/p>\n<p>Termais<\/p>\n<p>20,4%<br \/>\n29,8%<\/p>\n<p align=\"right\">146,1%<\/p>\n<p>46,1%<\/p>\n<p><strong>Geral Ponderada<\/strong><br \/>\n<strong> <\/strong><br \/>\n<strong>37,8%<\/strong><br \/>\n<strong>38,0%<\/strong><\/p>\n<p align=\"right\">100,5%<\/p>\n<p>0,5%<\/p>\n<p>The post Ocupa\u00e7\u00e3o de hot\u00e9is na Ilha teve pouca varia\u00e7\u00e3o appeared first on Economia SC.<\/p>\n","protected":false},"author":1,"featured_media":0,"comment_status":"open","ping_status":"open","sticky":false,"template":"","format":"standard","meta":{"footnotes":""},"categories":[5],"tags":[],"class_list":["post-2759","post","type-post","status-publish","format-standard","hentry","category-noticias","no-post-thumbnail"],"_links":{"self":[{"href":"https:\/\/www.cdlbc.com.br\/portal\/wp-json\/wp\/v2\/posts\/2759","targetHints":{"allow":["GET"]}}],"collection":[{"href":"https:\/\/www.cdlbc.com.br\/portal\/wp-json\/wp\/v2\/posts"}],"about":[{"href":"https:\/\/www.cdlbc.com.br\/portal\/wp-json\/wp\/v2\/types\/post"}],"author":[{"embeddable":true,"href":"https:\/\/www.cdlbc.com.br\/portal\/wp-json\/wp\/v2\/users\/1"}],"replies":[{"embeddable":true,"href":"https:\/\/www.cdlbc.com.br\/portal\/wp-json\/wp\/v2\/comments?post=2759"}],"version-history":[{"count":0,"href":"https:\/\/www.cdlbc.com.br\/portal\/wp-json\/wp\/v2\/posts\/2759\/revisions"}],"wp:attachment":[{"href":"https:\/\/www.cdlbc.com.br\/portal\/wp-json\/wp\/v2\/media?parent=2759"}],"wp:term":[{"taxonomy":"category","embeddable":true,"href":"https:\/\/www.cdlbc.com.br\/portal\/wp-json\/wp\/v2\/categories?post=2759"},{"taxonomy":"post_tag","embeddable":true,"href":"https:\/\/www.cdlbc.com.br\/portal\/wp-json\/wp\/v2\/tags?post=2759"}],"curies":[{"name":"wp","href":"https:\/\/api.w.org\/{rel}","templated":true}]}}