{"id":2755,"date":"2014-07-11T14:26:00","date_gmt":"2014-07-11T14:26:00","guid":{"rendered":"http:\/\/www.cdlbc.com.br\/portal\/noticias\/balneario-barra-do-sul-realiza-festa-da-tainha\/"},"modified":"2014-07-11T14:26:00","modified_gmt":"2014-07-11T14:26:00","slug":"balneario-barra-do-sul-realiza-festa-da-tainha","status":"publish","type":"post","link":"https:\/\/www.cdlbc.com.br\/portal\/noticias\/balneario-barra-do-sul-realiza-festa-da-tainha\/","title":{"rendered":"Balne\u00e1rio Barra do Sul realiza Festa da Tainha"},"content":{"rendered":"<div class=\"ftpimagefix\" style=\"float:left\"><img decoding=\"async\" width=\"250\" alt=\"Evento traz shows, apresenta\u00e7\u00f5es culturais, comida t\u00edpica, feiras e exposi\u00e7\u00f5es. Foto: Studio In Off\/Divulga\u00e7\u00e3o\" src=\"http:\/\/economiasc.com.br\/wp-content\/uploads\/2014\/07\/festa-da-tainha-balneario-barra-do-sul-2014-300x200.jpg\"><\/div>\n<p>Evento traz shows, apresenta\u00e7\u00f5es culturais, comida t\u00edpica, feiras e exposi\u00e7\u00f5es. Foto: Studio In Off\/Divulga\u00e7\u00e3o<\/p>\n<p>A 22\u00aa edi\u00e7\u00e3o da festa da Tainha em Balne\u00e1rio Barra do Sul segue at\u00e9 segunda, dia 14, no bairro Boca da Barra. O evento come\u00e7ou neste quarta-feira, com shows nacionais e regionais gratuitos, apresenta\u00e7\u00f5es culturais, comida t\u00edpica, exposi\u00e7\u00f5es n\u00e1uticas e feiras. A abertura dos stands come\u00e7a diariamente \u00e0s 10h.<\/p>\n<p>Em todos os dias, h\u00e1 shows no palco principal e no palco alternativo. Nesta sexta-feira, al\u00e9m dos stands, est\u00e3o programadas apresenta\u00e7\u00f5es de dan\u00e7a e m\u00fasica. A banda Dazaranha vai se apresentar \u00e0s 22h no palco principal.<\/p>\n<p>E neste s\u00e1bado, entre as atra\u00e7\u00f5es principais est\u00e1 o show da dupla sertaneja Gian e Giovanni. A programa\u00e7\u00e3o completa pode ser visualizada no site da prefeitura do munic\u00edpio de Balne\u00e1rio Barra do Sul.<\/p>\n<\/p>\n<p>The post Balne\u00e1rio Barra do Sul realiza Festa da Tainha appeared first on Economia SC.<\/p>\n<p>Via: <a href=\"http:\/\/economiasc.com.br\/balneario-barra-sul-realiza-festa-da-tainha\/\" class=\"colorbox\" title=\"Balne\u00e1rio Barra do Sul realiza Festa da Tainha\">economiasc.com.br<\/a><\/p>\n","protected":false},"excerpt":{"rendered":"<div class=\"ftpimagefix\" style=\"float:left\"><img decoding=\"async\" width=\"250\" alt=\"Evento traz shows, apresenta\u00e7\u00f5es culturais, comida t\u00edpica, feiras e exposi\u00e7\u00f5es. Foto: Studio In Off\/Divulga\u00e7\u00e3o\" src=\"http:\/\/economiasc.com.br\/wp-content\/uploads\/2014\/07\/festa-da-tainha-balneario-barra-do-sul-2014-300x200.jpg\"><\/div>\n<p>Evento traz shows, apresenta\u00e7\u00f5es culturais, comida t\u00edpica, feiras e exposi\u00e7\u00f5es. Foto: Studio In Off\/Divulga\u00e7\u00e3o<\/p>\n<p>A 22\u00aa edi\u00e7\u00e3o da festa da Tainha em Balne\u00e1rio Barra do Sul segue at\u00e9 segunda, dia 14, no bairro Boca da Barra. O evento come\u00e7ou neste quarta-feira, com shows nacionais e regionais gratuitos, apresenta\u00e7\u00f5es culturais, comida t\u00edpica, exposi\u00e7\u00f5es n\u00e1uticas e feiras. A abertura dos stands come\u00e7a diariamente \u00e0s 10h.<\/p>\n<p>Em todos os dias, h\u00e1 shows no palco principal e no palco alternativo. Nesta sexta-feira, al\u00e9m dos stands, est\u00e3o programadas apresenta\u00e7\u00f5es de dan\u00e7a e m\u00fasica. A banda Dazaranha vai se apresentar \u00e0s 22h no palco principal.<\/p>\n<p>E neste s\u00e1bado, entre as atra\u00e7\u00f5es principais est\u00e1 o show da dupla sertaneja Gian e Giovanni. A programa\u00e7\u00e3o completa pode ser visualizada no site da prefeitura do munic\u00edpio de Balne\u00e1rio Barra do Sul.<\/p>\n<\/p>\n<p>The post Balne\u00e1rio Barra do Sul realiza Festa da Tainha appeared first on Economia SC.<\/p>\n","protected":false},"author":1,"featured_media":0,"comment_status":"open","ping_status":"open","sticky":false,"template":"","format":"standard","meta":{"footnotes":""},"categories":[5],"tags":[],"class_list":["post-2755","post","type-post","status-publish","format-standard","hentry","category-noticias","no-post-thumbnail"],"_links":{"self":[{"href":"https:\/\/www.cdlbc.com.br\/portal\/wp-json\/wp\/v2\/posts\/2755","targetHints":{"allow":["GET"]}}],"collection":[{"href":"https:\/\/www.cdlbc.com.br\/portal\/wp-json\/wp\/v2\/posts"}],"about":[{"href":"https:\/\/www.cdlbc.com.br\/portal\/wp-json\/wp\/v2\/types\/post"}],"author":[{"embeddable":true,"href":"https:\/\/www.cdlbc.com.br\/portal\/wp-json\/wp\/v2\/users\/1"}],"replies":[{"embeddable":true,"href":"https:\/\/www.cdlbc.com.br\/portal\/wp-json\/wp\/v2\/comments?post=2755"}],"version-history":[{"count":0,"href":"https:\/\/www.cdlbc.com.br\/portal\/wp-json\/wp\/v2\/posts\/2755\/revisions"}],"wp:attachment":[{"href":"https:\/\/www.cdlbc.com.br\/portal\/wp-json\/wp\/v2\/media?parent=2755"}],"wp:term":[{"taxonomy":"category","embeddable":true,"href":"https:\/\/www.cdlbc.com.br\/portal\/wp-json\/wp\/v2\/categories?post=2755"},{"taxonomy":"post_tag","embeddable":true,"href":"https:\/\/www.cdlbc.com.br\/portal\/wp-json\/wp\/v2\/tags?post=2755"}],"curies":[{"name":"wp","href":"https:\/\/api.w.org\/{rel}","templated":true}]}}