{"id":2753,"date":"2014-07-11T13:46:00","date_gmt":"2014-07-11T13:46:00","guid":{"rendered":"http:\/\/www.cdlbc.com.br\/portal\/noticias\/comite-descarta-risco-de-deficit-de-energia\/"},"modified":"2014-07-11T13:46:00","modified_gmt":"2014-07-11T13:46:00","slug":"comite-descarta-risco-de-deficit-de-energia","status":"publish","type":"post","link":"https:\/\/www.cdlbc.com.br\/portal\/noticias\/comite-descarta-risco-de-deficit-de-energia\/","title":{"rendered":"Comit\u00ea descarta risco de d\u00e9ficit de energia"},"content":{"rendered":"<div class=\"ftpimagefix\" style=\"float:left\"><img decoding=\"async\" width=\"250\" alt=\"Grupo que monitora setor el\u00e9trico descarta risco de d\u00e9ficit de energia\" src=\"http:\/\/economiasc.com.br\/wp-content\/uploads\/2014\/07\/energia-300x168.jpg\"><\/div>\n<p>Grupo que monitora setor el\u00e9trico descarta risco de d\u00e9ficit de energia Foto: Divulga\u00e7\u00e3o<\/p>\n<p>O Comit\u00ea de Monitoramento do Setor El\u00e9trico informou nesta quinta-feira, dia 10,  que o risco de d\u00e9ficit  de energia \u00e9 zero para as regi\u00f5es Sudeste, Centro-Oeste e Nordeste. Ap\u00f3s reuni\u00e3o nesta tarde, o grupo, formado por integrantes de \u00f3rg\u00e3os oficiais do setor el\u00e9trico, disse que foram observadas chuvas acima da m\u00e9dia em junho nas principais bacias de rios do Sudeste, e houve melhoria nas condi\u00e7\u00f5es de suprimento de energia do Sistema El\u00e9trico Nacional.<\/p>\n<p>Em nota divulgada no m\u00eas passado, o comit\u00ea informou que havia risco de d\u00e9ficit de energia em torno de 2,5% para as regi\u00f5es Sudeste e Centro-Oeste.<\/p>\n<p>Segundo o comit\u00ea, a capacidade de gera\u00e7\u00e3o e transmiss\u00e3o de energia continua sendo ampliada este ano com a entrada em opera\u00e7\u00e3o de usinas, linhas e subesta\u00e7\u00f5es em fase de conclus\u00e3o. \u201cEmbora as principais bacias hidrogr\u00e1ficas onde se situam os reservat\u00f3rios das regi\u00f5es Sudeste e Centro-Oeste e Nordeste tenham enfrentado situa\u00e7\u00e3o clim\u00e1tica desfavor\u00e1vel no per\u00edodo \u00famido deste ano, o Sistema Interligado Nacional disp\u00f5e das condi\u00e7\u00f5es para o abastecimento do pa\u00eds\u201d, diz a nota.<\/p>\n<p>O comunicado acrescenta que o aumento de temperatura do Oceano Pac\u00edfico e os ventos observados nesse per\u00edodo indicam o estabelecimento do fen\u00f4meno El Ni\u00f1o, de intensidade moderada, o que implica continuidade das chuvas da Regi\u00e3o Sul com valores normais ou superiores \u00e0 m\u00e9dia hist\u00f3rica.<\/p>\n<p>As an\u00e1lises de desempenho feitas pelo comit\u00ea tamb\u00e9m apontaram para o risco de 4% de d\u00e9ficit de energia no ano que vem nas regi\u00f5es Sudeste\/Centro-Oeste e de 0,4% na Regi\u00e3o Nordeste. Os n\u00fameros est\u00e3o dentro dos \u00edndices previstos no setor, que considera d\u00e9ficit de at\u00e9 5%. <strong> (Ag\u00eancia Brasil)<\/strong><\/p>\n<p>The post Comit\u00ea descarta risco de d\u00e9ficit de energia appeared first on Economia SC.<\/p>\n<p>Via: <a href=\"http:\/\/economiasc.com.br\/comite-descarta-risco-de-deficit-de-energia\/\" class=\"colorbox\" title=\"Comit\u00ea descarta risco de d\u00e9ficit de energia\">economiasc.com.br<\/a><\/p>\n","protected":false},"excerpt":{"rendered":"<div class=\"ftpimagefix\" style=\"float:left\"><img decoding=\"async\" width=\"250\" alt=\"Grupo que monitora setor el\u00e9trico descarta risco de d\u00e9ficit de energia\" src=\"http:\/\/economiasc.com.br\/wp-content\/uploads\/2014\/07\/energia-300x168.jpg\"><\/div>\n<p>Grupo que monitora setor el\u00e9trico descarta risco de d\u00e9ficit de energia Foto: Divulga\u00e7\u00e3o<\/p>\n<p>O Comit\u00ea de Monitoramento do Setor El\u00e9trico informou nesta quinta-feira, dia 10,  que o risco de d\u00e9ficit  de energia \u00e9 zero para as regi\u00f5es Sudeste, Centro-Oeste e Nordeste. Ap\u00f3s reuni\u00e3o nesta tarde, o grupo, formado por integrantes de \u00f3rg\u00e3os oficiais do setor el\u00e9trico, disse que foram observadas chuvas acima da m\u00e9dia em junho nas principais bacias de rios do Sudeste, e houve melhoria nas condi\u00e7\u00f5es de suprimento de energia do Sistema El\u00e9trico Nacional.<\/p>\n<p>Em nota divulgada no m\u00eas passado, o comit\u00ea informou que havia risco de d\u00e9ficit de energia em torno de 2,5% para as regi\u00f5es Sudeste e Centro-Oeste.<\/p>\n<p>Segundo o comit\u00ea, a capacidade de gera\u00e7\u00e3o e transmiss\u00e3o de energia continua sendo ampliada este ano com a entrada em opera\u00e7\u00e3o de usinas, linhas e subesta\u00e7\u00f5es em fase de conclus\u00e3o. \u201cEmbora as principais bacias hidrogr\u00e1ficas onde se situam os reservat\u00f3rios das regi\u00f5es Sudeste e Centro-Oeste e Nordeste tenham enfrentado situa\u00e7\u00e3o clim\u00e1tica desfavor\u00e1vel no per\u00edodo \u00famido deste ano, o Sistema Interligado Nacional disp\u00f5e das condi\u00e7\u00f5es para o abastecimento do pa\u00eds\u201d, diz a nota.<\/p>\n<p>O comunicado acrescenta que o aumento de temperatura do Oceano Pac\u00edfico e os ventos observados nesse per\u00edodo indicam o estabelecimento do fen\u00f4meno El Ni\u00f1o, de intensidade moderada, o que implica continuidade das chuvas da Regi\u00e3o Sul com valores normais ou superiores \u00e0 m\u00e9dia hist\u00f3rica.<\/p>\n<p>As an\u00e1lises de desempenho feitas pelo comit\u00ea tamb\u00e9m apontaram para o risco de 4% de d\u00e9ficit de energia no ano que vem nas regi\u00f5es Sudeste\/Centro-Oeste e de 0,4% na Regi\u00e3o Nordeste. Os n\u00fameros est\u00e3o dentro dos \u00edndices previstos no setor, que considera d\u00e9ficit de at\u00e9 5%. <strong> (Ag\u00eancia Brasil)<\/strong><\/p>\n<p>The post Comit\u00ea descarta risco de d\u00e9ficit de energia appeared first on Economia SC.<\/p>\n","protected":false},"author":1,"featured_media":0,"comment_status":"open","ping_status":"open","sticky":false,"template":"","format":"standard","meta":{"footnotes":""},"categories":[5],"tags":[],"class_list":["post-2753","post","type-post","status-publish","format-standard","hentry","category-noticias","no-post-thumbnail"],"_links":{"self":[{"href":"https:\/\/www.cdlbc.com.br\/portal\/wp-json\/wp\/v2\/posts\/2753","targetHints":{"allow":["GET"]}}],"collection":[{"href":"https:\/\/www.cdlbc.com.br\/portal\/wp-json\/wp\/v2\/posts"}],"about":[{"href":"https:\/\/www.cdlbc.com.br\/portal\/wp-json\/wp\/v2\/types\/post"}],"author":[{"embeddable":true,"href":"https:\/\/www.cdlbc.com.br\/portal\/wp-json\/wp\/v2\/users\/1"}],"replies":[{"embeddable":true,"href":"https:\/\/www.cdlbc.com.br\/portal\/wp-json\/wp\/v2\/comments?post=2753"}],"version-history":[{"count":0,"href":"https:\/\/www.cdlbc.com.br\/portal\/wp-json\/wp\/v2\/posts\/2753\/revisions"}],"wp:attachment":[{"href":"https:\/\/www.cdlbc.com.br\/portal\/wp-json\/wp\/v2\/media?parent=2753"}],"wp:term":[{"taxonomy":"category","embeddable":true,"href":"https:\/\/www.cdlbc.com.br\/portal\/wp-json\/wp\/v2\/categories?post=2753"},{"taxonomy":"post_tag","embeddable":true,"href":"https:\/\/www.cdlbc.com.br\/portal\/wp-json\/wp\/v2\/tags?post=2753"}],"curies":[{"name":"wp","href":"https:\/\/api.w.org\/{rel}","templated":true}]}}