{"id":2752,"date":"2014-07-11T13:47:00","date_gmt":"2014-07-11T13:47:00","guid":{"rendered":"http:\/\/www.cdlbc.com.br\/portal\/noticias\/cmn-ajusta-precos-minimos-da-agricultura-familiar\/"},"modified":"2014-07-11T13:47:00","modified_gmt":"2014-07-11T13:47:00","slug":"cmn-ajusta-precos-minimos-da-agricultura-familiar","status":"publish","type":"post","link":"https:\/\/www.cdlbc.com.br\/portal\/noticias\/cmn-ajusta-precos-minimos-da-agricultura-familiar\/","title":{"rendered":"CMN ajusta pre\u00e7os m\u00ednimos da agricultura familiar"},"content":{"rendered":"<div class=\"ftpimagefix\" style=\"float:left\"><img decoding=\"async\" width=\"250\" alt=\"agricultura - feijao\" src=\"http:\/\/economiasc.com.br\/wp-content\/uploads\/2014\/07\/agricultura-feijao.jpg\"><\/div>\n<p>Foram reajustados pre\u00e7os de 28 produtos, entre eles o feij\u00e3o. Foto: Divulga\u00e7\u00e3o<\/p>\n<p>O Conselho Monet\u00e1rio Nacional (CMN) definiu, em reuni\u00e3o extraordin\u00e1ria, ajustar os pre\u00e7os de 28 produtos do Programa de Garantia de Pre\u00e7os M\u00ednimos para a Agricultura Familiar (PGPAF).<\/p>\n<p>Entre os que tiveram pre\u00e7os ajustados, est\u00e3o abacaxi, banana, batata-doce, feij\u00e3o, laranja, amendoim, cebola, cacau, borracha natural cultivada, cana-de-a\u00e7\u00facar, tangerina, tomate e uva. A aprova\u00e7\u00e3o aconteceu ontem (9), mas as informa\u00e7\u00f5es foram divulgadas nesta quinta-feira, dia 10.<\/p>\n<p>A rela\u00e7\u00e3o completa est\u00e1 na resolu\u00e7\u00e3o do CNM publicada no site do Banco Central. O PGPAF tem objetivo de assegurar a remunera\u00e7\u00e3o dos custos vari\u00e1veis de produ\u00e7\u00e3o aos agricultores familiares que tomarem empr\u00e9stimos para custeio e investimento, facilitando a quita\u00e7\u00e3o do cr\u00e9dito rural.<\/p>\n<p>Pelo programa, os agricultores t\u00eam direito a b\u00f4nus de desconto na parcela do financiamento sempre que os pre\u00e7os do mercado ficam abaixo do pre\u00e7o de garantia do que produzem. A medida do CMN vale para opera\u00e7\u00f5es com b\u00f4nus vencendo entre 2 de julho deste ano e 9 de julho de 2015.<\/p>\n<p>The post CMN ajusta pre\u00e7os m\u00ednimos da agricultura familiar appeared first on Economia SC.<\/p>\n<p>Via: <a href=\"http:\/\/economiasc.com.br\/cmn-ajusta-precos-minimos-da-agricultura-familiar\/\" class=\"colorbox\" title=\"CMN ajusta pre\u00e7os m\u00ednimos da agricultura familiar\">economiasc.com.br<\/a><\/p>\n","protected":false},"excerpt":{"rendered":"<div class=\"ftpimagefix\" style=\"float:left\"><img decoding=\"async\" width=\"250\" alt=\"agricultura - feijao\" src=\"http:\/\/economiasc.com.br\/wp-content\/uploads\/2014\/07\/agricultura-feijao.jpg\"><\/div>\n<p>Foram reajustados pre\u00e7os de 28 produtos, entre eles o feij\u00e3o. Foto: Divulga\u00e7\u00e3o<\/p>\n<p>O Conselho Monet\u00e1rio Nacional (CMN) definiu, em reuni\u00e3o extraordin\u00e1ria, ajustar os pre\u00e7os de 28 produtos do Programa de Garantia de Pre\u00e7os M\u00ednimos para a Agricultura Familiar (PGPAF).<\/p>\n<p>Entre os que tiveram pre\u00e7os ajustados, est\u00e3o abacaxi, banana, batata-doce, feij\u00e3o, laranja, amendoim, cebola, cacau, borracha natural cultivada, cana-de-a\u00e7\u00facar, tangerina, tomate e uva. A aprova\u00e7\u00e3o aconteceu ontem (9), mas as informa\u00e7\u00f5es foram divulgadas nesta quinta-feira, dia 10.<\/p>\n<p>A rela\u00e7\u00e3o completa est\u00e1 na resolu\u00e7\u00e3o do CNM publicada no site do Banco Central. O PGPAF tem objetivo de assegurar a remunera\u00e7\u00e3o dos custos vari\u00e1veis de produ\u00e7\u00e3o aos agricultores familiares que tomarem empr\u00e9stimos para custeio e investimento, facilitando a quita\u00e7\u00e3o do cr\u00e9dito rural.<\/p>\n<p>Pelo programa, os agricultores t\u00eam direito a b\u00f4nus de desconto na parcela do financiamento sempre que os pre\u00e7os do mercado ficam abaixo do pre\u00e7o de garantia do que produzem. A medida do CMN vale para opera\u00e7\u00f5es com b\u00f4nus vencendo entre 2 de julho deste ano e 9 de julho de 2015.<\/p>\n<p>The post CMN ajusta pre\u00e7os m\u00ednimos da agricultura familiar appeared first on Economia SC.<\/p>\n","protected":false},"author":1,"featured_media":0,"comment_status":"open","ping_status":"open","sticky":false,"template":"","format":"standard","meta":{"footnotes":""},"categories":[5],"tags":[],"class_list":["post-2752","post","type-post","status-publish","format-standard","hentry","category-noticias","no-post-thumbnail"],"_links":{"self":[{"href":"https:\/\/www.cdlbc.com.br\/portal\/wp-json\/wp\/v2\/posts\/2752","targetHints":{"allow":["GET"]}}],"collection":[{"href":"https:\/\/www.cdlbc.com.br\/portal\/wp-json\/wp\/v2\/posts"}],"about":[{"href":"https:\/\/www.cdlbc.com.br\/portal\/wp-json\/wp\/v2\/types\/post"}],"author":[{"embeddable":true,"href":"https:\/\/www.cdlbc.com.br\/portal\/wp-json\/wp\/v2\/users\/1"}],"replies":[{"embeddable":true,"href":"https:\/\/www.cdlbc.com.br\/portal\/wp-json\/wp\/v2\/comments?post=2752"}],"version-history":[{"count":0,"href":"https:\/\/www.cdlbc.com.br\/portal\/wp-json\/wp\/v2\/posts\/2752\/revisions"}],"wp:attachment":[{"href":"https:\/\/www.cdlbc.com.br\/portal\/wp-json\/wp\/v2\/media?parent=2752"}],"wp:term":[{"taxonomy":"category","embeddable":true,"href":"https:\/\/www.cdlbc.com.br\/portal\/wp-json\/wp\/v2\/categories?post=2752"},{"taxonomy":"post_tag","embeddable":true,"href":"https:\/\/www.cdlbc.com.br\/portal\/wp-json\/wp\/v2\/tags?post=2752"}],"curies":[{"name":"wp","href":"https:\/\/api.w.org\/{rel}","templated":true}]}}