{"id":2660,"date":"2014-07-04T14:48:00","date_gmt":"2014-07-04T14:48:00","guid":{"rendered":"http:\/\/www.cdlbc.com.br\/portal\/noticias\/google-estara-presente-na-feira-do-empreendedor\/"},"modified":"2014-07-04T14:48:00","modified_gmt":"2014-07-04T14:48:00","slug":"google-estara-presente-na-feira-do-empreendedor","status":"publish","type":"post","link":"https:\/\/www.cdlbc.com.br\/portal\/noticias\/google-estara-presente-na-feira-do-empreendedor\/","title":{"rendered":"Google estar\u00e1 presente na Feira do Empreendedor"},"content":{"rendered":"<div class=\"ftpimagefix\" style=\"float:left\"><img decoding=\"async\" width=\"250\" alt=\"google_200x200\" src=\"http:\/\/economiasc.com.br\/wp-content\/uploads\/2014\/07\/google_200x200.jpg\"><\/div>\n<p>Palestra ir\u00e1 apresentar as ferramentas de produtividade oferecidas pelo Google. Foto: Divulga\u00e7\u00e3o<\/p>\n<p align=\"center\">O Sebrae\/SC, em parceria com o Google, promove durante a Feira do Empreendedor 2014, duas edi\u00e7\u00f5es da palestra \u201cGoogle faz a web trabalhar para o seu neg\u00f3cio\u201d. O evento tem como objetivo apresentar aos empres\u00e1rios as alternativas para que micro e pequenas empresas obtenham presen\u00e7a online, como endere\u00e7os na internet e sites.<\/p>\n<p>\u201cA palestra do Google \u00e9 mais uma alternativa oferecida aos visitantes da Feira do Empreendedor para que os empres\u00e1rios aprendam mais sobre a import\u00e2ncia e o potencial do uso da internet para alavancar micro e pequenos neg\u00f3cios\u201d, afirma a Gestora da Feira do Empreendedor 2014, Josiane Minuzzi.<\/p>\n<p>A palestra tamb\u00e9m ir\u00e1 apresentar as ferramentas de produtividade oferecidas pelo Google. O palestrante ser\u00e1 Rodrigo Camara, publicit\u00e1rio e s\u00f3cio-diretor da empresa Goobec Brasil. Rodrigo atua como instrutor e palestrante em temas relacionados ao Google e Marketing Digital.<\/p>\n<p>Al\u00e9m do Google, o Facebook tamb\u00e9m estar\u00e1 presente no evento, com mais uma edi\u00e7\u00e3o do Summit Florian\u00f3polis \u2013 Facebook para Pequenos Neg\u00f3cios. O evento tem como objetivo apresentar aos empres\u00e1rios as possibilidades de incrementar a comunica\u00e7\u00e3o em suas empresas por meio do marketing digital e dos diferentes recursos e ferramentas que o Facebook oferece.<\/p>\n<p>\u201cO que queremos com o evento \u00e9 mostrar ao empreendedor que a simples presen\u00e7a da sua empresa no Facebook n\u00e3o \u00e9 garantia de sucesso. \u00c9 preciso conhecer as necessidades e interesses dos usu\u00e1rios para se posicionar da maneira adequada, criando estrat\u00e9gias para o uso do marketing digital\u201d, explica Josiane. As inscri\u00e7\u00f5es para a Feira do Empreendedor 2014 s\u00e3o gratuitas at\u00e9 o dia 15 de julho.objetivo de apresentar aos empres\u00e1rios as alternativas para que micro e pequenas empresas marquem presen\u00e7a online<\/p>\n<p>The post Google estar\u00e1 presente na Feira do Empreendedor appeared first on Economia SC.<\/p>\n<p>Via: <a href=\"http:\/\/economiasc.com.br\/google-estara-presente-na-feira-empreendedor\/\" class=\"colorbox\" title=\"Google estar\u00e1 presente na Feira do Empreendedor\">economiasc.com.br<\/a><\/p>\n","protected":false},"excerpt":{"rendered":"<div class=\"ftpimagefix\" style=\"float:left\"><img decoding=\"async\" width=\"250\" alt=\"google_200x200\" src=\"http:\/\/economiasc.com.br\/wp-content\/uploads\/2014\/07\/google_200x200.jpg\"><\/div>\n<p>Palestra ir\u00e1 apresentar as ferramentas de produtividade oferecidas pelo Google. Foto: Divulga\u00e7\u00e3o<\/p>\n<p align=\"center\">O Sebrae\/SC, em parceria com o Google, promove durante a Feira do Empreendedor 2014, duas edi\u00e7\u00f5es da palestra \u201cGoogle faz a web trabalhar para o seu neg\u00f3cio\u201d. O evento tem como objetivo apresentar aos empres\u00e1rios as alternativas para que micro e pequenas empresas obtenham presen\u00e7a online, como endere\u00e7os na internet e sites.<\/p>\n<p>\u201cA palestra do Google \u00e9 mais uma alternativa oferecida aos visitantes da Feira do Empreendedor para que os empres\u00e1rios aprendam mais sobre a import\u00e2ncia e o potencial do uso da internet para alavancar micro e pequenos neg\u00f3cios\u201d, afirma a Gestora da Feira do Empreendedor 2014, Josiane Minuzzi.<\/p>\n<p>A palestra tamb\u00e9m ir\u00e1 apresentar as ferramentas de produtividade oferecidas pelo Google. O palestrante ser\u00e1 Rodrigo Camara, publicit\u00e1rio e s\u00f3cio-diretor da empresa Goobec Brasil. Rodrigo atua como instrutor e palestrante em temas relacionados ao Google e Marketing Digital.<\/p>\n<p>Al\u00e9m do Google, o Facebook tamb\u00e9m estar\u00e1 presente no evento, com mais uma edi\u00e7\u00e3o do Summit Florian\u00f3polis \u2013 Facebook para Pequenos Neg\u00f3cios. O evento tem como objetivo apresentar aos empres\u00e1rios as possibilidades de incrementar a comunica\u00e7\u00e3o em suas empresas por meio do marketing digital e dos diferentes recursos e ferramentas que o Facebook oferece.<\/p>\n<p>\u201cO que queremos com o evento \u00e9 mostrar ao empreendedor que a simples presen\u00e7a da sua empresa no Facebook n\u00e3o \u00e9 garantia de sucesso. \u00c9 preciso conhecer as necessidades e interesses dos usu\u00e1rios para se posicionar da maneira adequada, criando estrat\u00e9gias para o uso do marketing digital\u201d, explica Josiane. As inscri\u00e7\u00f5es para a Feira do Empreendedor 2014 s\u00e3o gratuitas at\u00e9 o dia 15 de julho.objetivo de apresentar aos empres\u00e1rios as alternativas para que micro e pequenas empresas marquem presen\u00e7a online<\/p>\n<p>The post Google estar\u00e1 presente na Feira do Empreendedor appeared first on Economia SC.<\/p>\n","protected":false},"author":1,"featured_media":0,"comment_status":"open","ping_status":"open","sticky":false,"template":"","format":"standard","meta":{"footnotes":""},"categories":[5],"tags":[],"class_list":["post-2660","post","type-post","status-publish","format-standard","hentry","category-noticias","no-post-thumbnail"],"_links":{"self":[{"href":"https:\/\/www.cdlbc.com.br\/portal\/wp-json\/wp\/v2\/posts\/2660","targetHints":{"allow":["GET"]}}],"collection":[{"href":"https:\/\/www.cdlbc.com.br\/portal\/wp-json\/wp\/v2\/posts"}],"about":[{"href":"https:\/\/www.cdlbc.com.br\/portal\/wp-json\/wp\/v2\/types\/post"}],"author":[{"embeddable":true,"href":"https:\/\/www.cdlbc.com.br\/portal\/wp-json\/wp\/v2\/users\/1"}],"replies":[{"embeddable":true,"href":"https:\/\/www.cdlbc.com.br\/portal\/wp-json\/wp\/v2\/comments?post=2660"}],"version-history":[{"count":0,"href":"https:\/\/www.cdlbc.com.br\/portal\/wp-json\/wp\/v2\/posts\/2660\/revisions"}],"wp:attachment":[{"href":"https:\/\/www.cdlbc.com.br\/portal\/wp-json\/wp\/v2\/media?parent=2660"}],"wp:term":[{"taxonomy":"category","embeddable":true,"href":"https:\/\/www.cdlbc.com.br\/portal\/wp-json\/wp\/v2\/categories?post=2660"},{"taxonomy":"post_tag","embeddable":true,"href":"https:\/\/www.cdlbc.com.br\/portal\/wp-json\/wp\/v2\/tags?post=2660"}],"curies":[{"name":"wp","href":"https:\/\/api.w.org\/{rel}","templated":true}]}}