{"id":2658,"date":"2014-07-04T14:12:00","date_gmt":"2014-07-04T14:12:00","guid":{"rendered":"http:\/\/www.cdlbc.com.br\/portal\/noticias\/comercio-de-sc-apresenta-retracao-em-junho\/"},"modified":"2014-07-04T14:12:00","modified_gmt":"2014-07-04T14:12:00","slug":"comercio-de-sc-apresenta-retracao-em-junho","status":"publish","type":"post","link":"https:\/\/www.cdlbc.com.br\/portal\/noticias\/comercio-de-sc-apresenta-retracao-em-junho\/","title":{"rendered":"Com\u00e9rcio de SC apresenta retra\u00e7\u00e3o em junho"},"content":{"rendered":"<div class=\"ftpimagefix\" style=\"float:left\"><img decoding=\"async\" width=\"250\" alt=\"SPC maio\" src=\"http:\/\/economiasc.com.br\/wp-content\/uploads\/2014\/07\/SPC-maio-300x247.jpg\"><\/div>\n<p>O fechamento das lojas em dias de jogos do Brasil na Copa, as enchentes que atingiram dezenas de munic\u00edpios de Santa Catarina e o aumento da cautela do consumidor refletiram nas vendas do varejo catarinense em junho. O movimento no com\u00e9rcio teve retra\u00e7\u00e3o de 9,44% na compara\u00e7\u00e3o com o mesmo m\u00eas do ano passado. Os dados s\u00e3o do balan\u00e7o do SPC\/SC divulgado pela Federa\u00e7\u00e3o das CDLs (FCDL\/SC).<\/p>\n<p>Na avalia\u00e7\u00e3o de Sergio Medeiros, presidente da entidade, foi um m\u00eas para ser esquecido pelos varejistas do estado. \u201cMesmo com o Dia dos Namorados o resultado foi um dos piores dos \u00faltimos anos. Sem d\u00favida, as intemp\u00e9ries, a aten\u00e7\u00e3o total da popula\u00e7\u00e3o com os jogos do Mundial e o aumento da consci\u00eancia financeira do consumidor foram alguns dos principais fatores para isso\u201d, destaca.<\/p>\n<p>O cuidado maior na hora de comprar tamb\u00e9m refletiu positivamente no \u00edndice de inadimpl\u00eancia entre os catarinenses, que caiu de 2,27% em abril para 1,54% em maio \u2013 na mesma \u00e9poca de 2013 o percentual era de 2,41%.<\/p>\n<\/p>\n<p>The post Com\u00e9rcio de SC apresenta retra\u00e7\u00e3o em junho appeared first on Economia SC.<\/p>\n<p>Via: <a href=\"http:\/\/economiasc.com.br\/comercio-de-sc-apresenta-retracao-em-junho\/\" class=\"colorbox\" title=\"Com\u00e9rcio de SC apresenta retra\u00e7\u00e3o em junho\">economiasc.com.br<\/a><\/p>\n","protected":false},"excerpt":{"rendered":"<div class=\"ftpimagefix\" style=\"float:left\"><img decoding=\"async\" width=\"250\" alt=\"SPC maio\" src=\"http:\/\/economiasc.com.br\/wp-content\/uploads\/2014\/07\/SPC-maio-300x247.jpg\"><\/div>\n<p>O fechamento das lojas em dias de jogos do Brasil na Copa, as enchentes que atingiram dezenas de munic\u00edpios de Santa Catarina e o aumento da cautela do consumidor refletiram nas vendas do varejo catarinense em junho. O movimento no com\u00e9rcio teve retra\u00e7\u00e3o de 9,44% na compara\u00e7\u00e3o com o mesmo m\u00eas do ano passado. Os dados s\u00e3o do balan\u00e7o do SPC\/SC divulgado pela Federa\u00e7\u00e3o das CDLs (FCDL\/SC).<\/p>\n<p>Na avalia\u00e7\u00e3o de Sergio Medeiros, presidente da entidade, foi um m\u00eas para ser esquecido pelos varejistas do estado. \u201cMesmo com o Dia dos Namorados o resultado foi um dos piores dos \u00faltimos anos. Sem d\u00favida, as intemp\u00e9ries, a aten\u00e7\u00e3o total da popula\u00e7\u00e3o com os jogos do Mundial e o aumento da consci\u00eancia financeira do consumidor foram alguns dos principais fatores para isso\u201d, destaca.<\/p>\n<p>O cuidado maior na hora de comprar tamb\u00e9m refletiu positivamente no \u00edndice de inadimpl\u00eancia entre os catarinenses, que caiu de 2,27% em abril para 1,54% em maio \u2013 na mesma \u00e9poca de 2013 o percentual era de 2,41%.<\/p>\n<\/p>\n<p>The post Com\u00e9rcio de SC apresenta retra\u00e7\u00e3o em junho appeared first on Economia SC.<\/p>\n","protected":false},"author":1,"featured_media":0,"comment_status":"open","ping_status":"open","sticky":false,"template":"","format":"standard","meta":{"footnotes":""},"categories":[5],"tags":[],"class_list":["post-2658","post","type-post","status-publish","format-standard","hentry","category-noticias","no-post-thumbnail"],"_links":{"self":[{"href":"https:\/\/www.cdlbc.com.br\/portal\/wp-json\/wp\/v2\/posts\/2658","targetHints":{"allow":["GET"]}}],"collection":[{"href":"https:\/\/www.cdlbc.com.br\/portal\/wp-json\/wp\/v2\/posts"}],"about":[{"href":"https:\/\/www.cdlbc.com.br\/portal\/wp-json\/wp\/v2\/types\/post"}],"author":[{"embeddable":true,"href":"https:\/\/www.cdlbc.com.br\/portal\/wp-json\/wp\/v2\/users\/1"}],"replies":[{"embeddable":true,"href":"https:\/\/www.cdlbc.com.br\/portal\/wp-json\/wp\/v2\/comments?post=2658"}],"version-history":[{"count":0,"href":"https:\/\/www.cdlbc.com.br\/portal\/wp-json\/wp\/v2\/posts\/2658\/revisions"}],"wp:attachment":[{"href":"https:\/\/www.cdlbc.com.br\/portal\/wp-json\/wp\/v2\/media?parent=2658"}],"wp:term":[{"taxonomy":"category","embeddable":true,"href":"https:\/\/www.cdlbc.com.br\/portal\/wp-json\/wp\/v2\/categories?post=2658"},{"taxonomy":"post_tag","embeddable":true,"href":"https:\/\/www.cdlbc.com.br\/portal\/wp-json\/wp\/v2\/tags?post=2658"}],"curies":[{"name":"wp","href":"https:\/\/api.w.org\/{rel}","templated":true}]}}