{"id":2657,"date":"2014-07-04T13:01:00","date_gmt":"2014-07-04T13:01:00","guid":{"rendered":"http:\/\/www.cdlbc.com.br\/portal\/noticias\/dia-do-cooperativismo-sera-comemorado-em-chapeco\/"},"modified":"2014-07-04T13:01:00","modified_gmt":"2014-07-04T13:01:00","slug":"dia-do-cooperativismo-sera-comemorado-em-chapeco","status":"publish","type":"post","link":"https:\/\/www.cdlbc.com.br\/portal\/noticias\/dia-do-cooperativismo-sera-comemorado-em-chapeco\/","title":{"rendered":"Dia do Cooperativismo ser\u00e1 comemorado em Chapec\u00f3"},"content":{"rendered":"<p>O dia internacional do cooperativismo \u2013 o primeiro s\u00e1bado de julho (dia 5) \u2013 ser\u00e1 comemorado em Chapec\u00f3 com uma a\u00e7\u00e3o c\u00edvica, educativa e comunit\u00e1ria no centro da cidade \u2013 a caminhada pela campanha \u201cEu Coopero por Um Tr\u00e2nsito Seguro\u201d \u2013 a partir das 10 horas da manh\u00e3.<\/p>\n<p>A a\u00e7\u00e3o \u00e9 organizada pela Funda\u00e7\u00e3o Aury Luiz Bodanese e pela Cooperativa Central Aurora Alimentos com a participa\u00e7\u00e3o de tr\u00eas dezenas de institui\u00e7\u00f5es locais e consistir\u00e1 de uma caminhada pela avenida Get\u00falio Vargas, a principal art\u00e9ria do sistema vi\u00e1rio central de Chapec\u00f3.<\/p>\n<p>A iniciativa tem por objetivo sensibilizar a sociedade sobre os altos \u00edndices de acidentes de tr\u00e2nsito e mobilizar o envolvimento de \u00f3rg\u00e3os, institui\u00e7\u00f5es e empresas em favor de um tr\u00e2nsito mais seguro.<\/p>\n<p>Participar\u00e3o da caminhada funcion\u00e1rios da Cooperativa Central Aurora Alimentos, Funda\u00e7\u00e3o Aury Luiz Bodanese e membros da comunidade chapecoense.<\/p>\n<p>A concentra\u00e7\u00e3o para a caminhada ser\u00e1 \u00e0s 9h45 na Pra\u00e7a Coronel Bertaso para o efetivo in\u00edcio \u00e0s 10 horas da manh\u00e3. No in\u00edcio da caminhada, o presidente da Aurora M\u00e1rio Lanznaster far\u00e1 uma breve prele\u00e7\u00e3o sobre o cooperativismo. Refor\u00e7ar\u00e1 que a Aurora Alimentos \u00e9 uma empresa cidad\u00e3, comprometida com a melhoria da qualidade de vida das comunidades em que est\u00e1 inserida, atrav\u00e9s da participa\u00e7\u00e3o de seus funcion\u00e1rios e do trabalho realizado pela Funda\u00e7\u00e3o Aury Luiz Bodanese. Enfatizar\u00e1 a import\u00e2ncia de um tr\u00e2nsito mais seguro.<\/p>\n<p>Saindo da pra\u00e7a, a multid\u00e3o descer\u00e1 a avenida Get\u00falio Vargas at\u00e9 a rotat\u00f3ria da rua Quintino Bocai\u00fava, retornando pela mesma avenida ao largo da Catedral Santo Ant\u00f4nio. Durante o trajeto, condutores e passageiros de ve\u00edculos ser\u00e3o abordados e orientados nos sem\u00e1foros, com a entrega de flyer, lixeiras para carro, adesivos e bolinhas antiestresse.<\/p>\n<p>Os participantes usar\u00e3o camisetas com o tema da campanha (tr\u00e2nsito seguro) nas cores do sem\u00e1foro, verde, vermelho e amarelo.<\/p>\n<p>Confirmaram participa\u00e7\u00e3o nessa atividade Sicoob MaxiCr\u00e9dito, Unimed, Departamento de Tr\u00e2nsito da Prefeitura Municipal de Chapec\u00f3, institui\u00e7\u00f5es sociais, de ensino e de classe, e demais organiza\u00e7\u00f5es e empresas de Chapec\u00f3 e regi\u00e3o.<\/p>\n<p>The post <a class=\"colorbox\" rel=\"nofollow\" href=\"http:\/\/economiasc.com.br\/dia-cooperativismo-sera-comemorado-em-chapeco\/\">Dia do Cooperativismo ser\u00e1 comemorado em Chapec\u00f3<\/a> appeared first on <a class=\"colorbox\" rel=\"nofollow\" href=\"http:\/\/economiasc.com.br\/\">Economia SC<\/a>.<\/p>\n<p>Via: <a href=\"http:\/\/economiasc.com.br\/dia-cooperativismo-sera-comemorado-em-chapeco\/\" class=\"colorbox\" title=\"Dia do Cooperativismo ser\u00e1 comemorado em Chapec\u00f3\">economiasc.com.br<\/a><\/p>\n","protected":false},"excerpt":{"rendered":"<p>O dia internacional do cooperativismo \u2013 o primeiro s\u00e1bado de julho (dia 5) \u2013 ser\u00e1 comemorado em Chapec\u00f3 com uma a\u00e7\u00e3o c\u00edvica, educativa e comunit\u00e1ria no centro da cidade \u2013 a caminhada pela campanha \u201cEu Coopero por Um Tr\u00e2nsito Seguro\u201d \u2013 a partir das 10 horas da manh\u00e3.<\/p>\n<p>A a\u00e7\u00e3o \u00e9 organizada pela Funda\u00e7\u00e3o Aury Luiz Bodanese e pela Cooperativa Central Aurora Alimentos com a participa\u00e7\u00e3o de tr\u00eas dezenas de institui\u00e7\u00f5es locais e consistir\u00e1 de uma caminhada pela avenida Get\u00falio Vargas, a principal art\u00e9ria do sistema vi\u00e1rio central de Chapec\u00f3.<\/p>\n<p>A iniciativa tem por objetivo sensibilizar a sociedade sobre os altos \u00edndices de acidentes de tr\u00e2nsito e mobilizar o envolvimento de \u00f3rg\u00e3os, institui\u00e7\u00f5es e empresas em favor de um tr\u00e2nsito mais seguro.<\/p>\n<p>Participar\u00e3o da caminhada funcion\u00e1rios da Cooperativa Central Aurora Alimentos, Funda\u00e7\u00e3o Aury Luiz Bodanese e membros da comunidade chapecoense.<\/p>\n<p>A concentra\u00e7\u00e3o para a caminhada ser\u00e1 \u00e0s 9h45 na Pra\u00e7a Coronel Bertaso para o efetivo in\u00edcio \u00e0s 10 horas da manh\u00e3. No in\u00edcio da caminhada, o presidente da Aurora M\u00e1rio Lanznaster far\u00e1 uma breve prele\u00e7\u00e3o sobre o cooperativismo. Refor\u00e7ar\u00e1 que a Aurora Alimentos \u00e9 uma empresa cidad\u00e3, comprometida com a melhoria da qualidade de vida das comunidades em que est\u00e1 inserida, atrav\u00e9s da participa\u00e7\u00e3o de seus funcion\u00e1rios e do trabalho realizado pela Funda\u00e7\u00e3o Aury Luiz Bodanese. Enfatizar\u00e1 a import\u00e2ncia de um tr\u00e2nsito mais seguro.<\/p>\n<p>Saindo da pra\u00e7a, a multid\u00e3o descer\u00e1 a avenida Get\u00falio Vargas at\u00e9 a rotat\u00f3ria da rua Quintino Bocai\u00fava, retornando pela mesma avenida ao largo da Catedral Santo Ant\u00f4nio. Durante o trajeto, condutores e passageiros de ve\u00edculos ser\u00e3o abordados e orientados nos sem\u00e1foros, com a entrega de flyer, lixeiras para carro, adesivos e bolinhas antiestresse.<\/p>\n<p>Os participantes usar\u00e3o camisetas com o tema da campanha (tr\u00e2nsito seguro) nas cores do sem\u00e1foro, verde, vermelho e amarelo.<\/p>\n<p>Confirmaram participa\u00e7\u00e3o nessa atividade Sicoob MaxiCr\u00e9dito, Unimed, Departamento de Tr\u00e2nsito da Prefeitura Municipal de Chapec\u00f3, institui\u00e7\u00f5es sociais, de ensino e de classe, e demais organiza\u00e7\u00f5es e empresas de Chapec\u00f3 e regi\u00e3o.<\/p>\n<p>The post <a class=\"colorbox\" rel=\"nofollow\" href=\"http:\/\/economiasc.com.br\/dia-cooperativismo-sera-comemorado-em-chapeco\/\">Dia do Cooperativismo ser\u00e1 comemorado em Chapec\u00f3<\/a> appeared first on <a class=\"colorbox\" rel=\"nofollow\" href=\"http:\/\/economiasc.com.br\/\">Economia SC<\/a>.<\/p>\n","protected":false},"author":1,"featured_media":0,"comment_status":"open","ping_status":"open","sticky":false,"template":"","format":"standard","meta":{"footnotes":""},"categories":[5],"tags":[],"class_list":["post-2657","post","type-post","status-publish","format-standard","hentry","category-noticias","no-post-thumbnail"],"_links":{"self":[{"href":"https:\/\/www.cdlbc.com.br\/portal\/wp-json\/wp\/v2\/posts\/2657","targetHints":{"allow":["GET"]}}],"collection":[{"href":"https:\/\/www.cdlbc.com.br\/portal\/wp-json\/wp\/v2\/posts"}],"about":[{"href":"https:\/\/www.cdlbc.com.br\/portal\/wp-json\/wp\/v2\/types\/post"}],"author":[{"embeddable":true,"href":"https:\/\/www.cdlbc.com.br\/portal\/wp-json\/wp\/v2\/users\/1"}],"replies":[{"embeddable":true,"href":"https:\/\/www.cdlbc.com.br\/portal\/wp-json\/wp\/v2\/comments?post=2657"}],"version-history":[{"count":0,"href":"https:\/\/www.cdlbc.com.br\/portal\/wp-json\/wp\/v2\/posts\/2657\/revisions"}],"wp:attachment":[{"href":"https:\/\/www.cdlbc.com.br\/portal\/wp-json\/wp\/v2\/media?parent=2657"}],"wp:term":[{"taxonomy":"category","embeddable":true,"href":"https:\/\/www.cdlbc.com.br\/portal\/wp-json\/wp\/v2\/categories?post=2657"},{"taxonomy":"post_tag","embeddable":true,"href":"https:\/\/www.cdlbc.com.br\/portal\/wp-json\/wp\/v2\/tags?post=2657"}],"curies":[{"name":"wp","href":"https:\/\/api.w.org\/{rel}","templated":true}]}}