{"id":2654,"date":"2014-07-04T12:37:00","date_gmt":"2014-07-04T12:37:00","guid":{"rendered":"http:\/\/www.cdlbc.com.br\/portal\/noticias\/governo-lanca-edital-para-obras-da-macroadutora\/"},"modified":"2014-07-04T12:37:00","modified_gmt":"2014-07-04T12:37:00","slug":"governo-lanca-edital-para-obras-da-macroadutora","status":"publish","type":"post","link":"https:\/\/www.cdlbc.com.br\/portal\/noticias\/governo-lanca-edital-para-obras-da-macroadutora\/","title":{"rendered":"Governo lan\u00e7a edital para obras da macroadutora"},"content":{"rendered":"<p>Em ato com a presen\u00e7a do governador do Estado, Raimundo Colombo, e do presidente da Casan, engenheiro Valter Gallina, al\u00e9m de prefeitos da regi\u00e3o, ser\u00e1 realizado, nesta sexta-feira, dia 4, o lan\u00e7amento do edital de licita\u00e7\u00e3o para as obras de implanta\u00e7\u00e3o da macro adutora de \u00e1gua do Rio Chapecozinho. O ato ser\u00e1 realizado no audit\u00f3rio da Secretaria de Desenvolvimento Regional (SDR) de Chapec\u00f3.<\/p>\n<p>O projeto, com investimento total de R$ 200 milh\u00f5es, em parceria com o governo federal, cria o Sistema Integrado de Abastecimento de \u00c1gua de Chapec\u00f3, Xanxer\u00ea, Xaxim e Cordilheira Alta a partir da implanta\u00e7\u00e3o de uma adutora de um metro de di\u00e2metro e 57 quil\u00f4metros de extens\u00e3o, garantindo fornecimento de \u00e1gua para os pr\u00f3ximos 50 anos, principalmente em \u00e9pocas de estiagem.<\/p>\n<p>The post <a class=\"colorbox\" rel=\"nofollow\" href=\"http:\/\/economiasc.com.br\/governo-lanca-edital-para-obras-da-macroadutora\/\">Governo lan\u00e7a edital para obras da macroadutora<\/a> appeared first on <a class=\"colorbox\" rel=\"nofollow\" href=\"http:\/\/economiasc.com.br\/\">Economia SC<\/a>.<\/p>\n<p>Via: <a href=\"http:\/\/economiasc.com.br\/governo-lanca-edital-para-obras-da-macroadutora\/\" class=\"colorbox\" title=\"Governo lan\u00e7a edital para obras da macroadutora\">economiasc.com.br<\/a><\/p>\n","protected":false},"excerpt":{"rendered":"<p>Em ato com a presen\u00e7a do governador do Estado, Raimundo Colombo, e do presidente da Casan, engenheiro Valter Gallina, al\u00e9m de prefeitos da regi\u00e3o, ser\u00e1 realizado, nesta sexta-feira, dia 4, o lan\u00e7amento do edital de licita\u00e7\u00e3o para as obras de implanta\u00e7\u00e3o da macro adutora de \u00e1gua do Rio Chapecozinho. O ato ser\u00e1 realizado no audit\u00f3rio da Secretaria de Desenvolvimento Regional (SDR) de Chapec\u00f3.<\/p>\n<p>O projeto, com investimento total de R$ 200 milh\u00f5es, em parceria com o governo federal, cria o Sistema Integrado de Abastecimento de \u00c1gua de Chapec\u00f3, Xanxer\u00ea, Xaxim e Cordilheira Alta a partir da implanta\u00e7\u00e3o de uma adutora de um metro de di\u00e2metro e 57 quil\u00f4metros de extens\u00e3o, garantindo fornecimento de \u00e1gua para os pr\u00f3ximos 50 anos, principalmente em \u00e9pocas de estiagem.<\/p>\n<p>The post <a class=\"colorbox\" rel=\"nofollow\" href=\"http:\/\/economiasc.com.br\/governo-lanca-edital-para-obras-da-macroadutora\/\">Governo lan\u00e7a edital para obras da macroadutora<\/a> appeared first on <a class=\"colorbox\" rel=\"nofollow\" href=\"http:\/\/economiasc.com.br\/\">Economia SC<\/a>.<\/p>\n","protected":false},"author":1,"featured_media":0,"comment_status":"open","ping_status":"open","sticky":false,"template":"","format":"standard","meta":{"footnotes":""},"categories":[5],"tags":[],"class_list":["post-2654","post","type-post","status-publish","format-standard","hentry","category-noticias","no-post-thumbnail"],"_links":{"self":[{"href":"https:\/\/www.cdlbc.com.br\/portal\/wp-json\/wp\/v2\/posts\/2654","targetHints":{"allow":["GET"]}}],"collection":[{"href":"https:\/\/www.cdlbc.com.br\/portal\/wp-json\/wp\/v2\/posts"}],"about":[{"href":"https:\/\/www.cdlbc.com.br\/portal\/wp-json\/wp\/v2\/types\/post"}],"author":[{"embeddable":true,"href":"https:\/\/www.cdlbc.com.br\/portal\/wp-json\/wp\/v2\/users\/1"}],"replies":[{"embeddable":true,"href":"https:\/\/www.cdlbc.com.br\/portal\/wp-json\/wp\/v2\/comments?post=2654"}],"version-history":[{"count":0,"href":"https:\/\/www.cdlbc.com.br\/portal\/wp-json\/wp\/v2\/posts\/2654\/revisions"}],"wp:attachment":[{"href":"https:\/\/www.cdlbc.com.br\/portal\/wp-json\/wp\/v2\/media?parent=2654"}],"wp:term":[{"taxonomy":"category","embeddable":true,"href":"https:\/\/www.cdlbc.com.br\/portal\/wp-json\/wp\/v2\/categories?post=2654"},{"taxonomy":"post_tag","embeddable":true,"href":"https:\/\/www.cdlbc.com.br\/portal\/wp-json\/wp\/v2\/tags?post=2654"}],"curies":[{"name":"wp","href":"https:\/\/api.w.org\/{rel}","templated":true}]}}