{"id":2650,"date":"2014-07-04T12:17:00","date_gmt":"2014-07-04T12:17:00","guid":{"rendered":"http:\/\/www.cdlbc.com.br\/portal\/noticias\/festa-da-tainha-comeca-nesta-sexta-em-porto-belo\/"},"modified":"2014-07-04T12:17:00","modified_gmt":"2014-07-04T12:17:00","slug":"festa-da-tainha-comeca-nesta-sexta-em-porto-belo","status":"publish","type":"post","link":"https:\/\/www.cdlbc.com.br\/portal\/noticias\/festa-da-tainha-comeca-nesta-sexta-em-porto-belo\/","title":{"rendered":"Festa da Tainha come\u00e7a nesta sexta em Porto Belo"},"content":{"rendered":"<p>A tradicional Festa da Tainha, realizada em Porto Belo, chega \u00e0 29\u00ba edi\u00e7\u00e3o trazendo na programa\u00e7\u00e3o atra\u00e7\u00f5es culturais e a gastronomia t\u00edpica, baseada na tainha. A festa come\u00e7a nesta sexta-feira, a partir das 19h30, em frente ao P\u00eder Municipal, no Centro de Porto Belo.<\/p>\n<p>Na programa\u00e7\u00e3o, que segue at\u00e9 domingo, est\u00e3o apresenta\u00e7\u00f5es com alunos da Apae, o tradicional bingo promovido em prol da institui\u00e7\u00e3o e apresenta\u00e7\u00f5es musicais. Quem estreia no palco \u00e9 o grupo Garotos do Litoral, de Porto Belo. Porto Samba se apresenta no s\u00e1bado, a partir das 23h. A festa recebe ainda os m\u00fasicos locais Alex Sancho, Andr\u00e9 Miranda, Maninho, Alison, Cezinha e Adri Bevenuti.<\/p>\n<p>A festa \u00e9 tradicional em Porto Belo e mobiliza a comunidade. Al\u00e9m de ser um evento que beneficia a Apae, aquece a economia local com a vinda de moradores da regi\u00e3o para o munic\u00edpio. O evento ocorre de sexta a domingo.<\/p>\n<p>The post <a class=\"colorbox\" rel=\"nofollow\" href=\"http:\/\/economiasc.com.br\/festa-da-tainha-comeca-nesta-sexta-em-porto-belo\/\">Festa da Tainha come\u00e7a nesta sexta em Porto Belo<\/a> appeared first on <a class=\"colorbox\" rel=\"nofollow\" href=\"http:\/\/economiasc.com.br\/\">Economia SC<\/a>.<\/p>\n<p>Via: <a href=\"http:\/\/economiasc.com.br\/festa-da-tainha-comeca-nesta-sexta-em-porto-belo\/\" class=\"colorbox\" title=\"Festa da Tainha come\u00e7a nesta sexta em Porto Belo\">economiasc.com.br<\/a><\/p>\n","protected":false},"excerpt":{"rendered":"<p>A tradicional Festa da Tainha, realizada em Porto Belo, chega \u00e0 29\u00ba edi\u00e7\u00e3o trazendo na programa\u00e7\u00e3o atra\u00e7\u00f5es culturais e a gastronomia t\u00edpica, baseada na tainha. A festa come\u00e7a nesta sexta-feira, a partir das 19h30, em frente ao P\u00eder Municipal, no Centro de Porto Belo.<\/p>\n<p>Na programa\u00e7\u00e3o, que segue at\u00e9 domingo, est\u00e3o apresenta\u00e7\u00f5es com alunos da Apae, o tradicional bingo promovido em prol da institui\u00e7\u00e3o e apresenta\u00e7\u00f5es musicais. Quem estreia no palco \u00e9 o grupo Garotos do Litoral, de Porto Belo. Porto Samba se apresenta no s\u00e1bado, a partir das 23h. A festa recebe ainda os m\u00fasicos locais Alex Sancho, Andr\u00e9 Miranda, Maninho, Alison, Cezinha e Adri Bevenuti.<\/p>\n<p>A festa \u00e9 tradicional em Porto Belo e mobiliza a comunidade. Al\u00e9m de ser um evento que beneficia a Apae, aquece a economia local com a vinda de moradores da regi\u00e3o para o munic\u00edpio. O evento ocorre de sexta a domingo.<\/p>\n<p>The post <a class=\"colorbox\" rel=\"nofollow\" href=\"http:\/\/economiasc.com.br\/festa-da-tainha-comeca-nesta-sexta-em-porto-belo\/\">Festa da Tainha come\u00e7a nesta sexta em Porto Belo<\/a> appeared first on <a class=\"colorbox\" rel=\"nofollow\" href=\"http:\/\/economiasc.com.br\/\">Economia SC<\/a>.<\/p>\n","protected":false},"author":1,"featured_media":0,"comment_status":"open","ping_status":"open","sticky":false,"template":"","format":"standard","meta":{"footnotes":""},"categories":[5],"tags":[],"class_list":["post-2650","post","type-post","status-publish","format-standard","hentry","category-noticias","no-post-thumbnail"],"_links":{"self":[{"href":"https:\/\/www.cdlbc.com.br\/portal\/wp-json\/wp\/v2\/posts\/2650","targetHints":{"allow":["GET"]}}],"collection":[{"href":"https:\/\/www.cdlbc.com.br\/portal\/wp-json\/wp\/v2\/posts"}],"about":[{"href":"https:\/\/www.cdlbc.com.br\/portal\/wp-json\/wp\/v2\/types\/post"}],"author":[{"embeddable":true,"href":"https:\/\/www.cdlbc.com.br\/portal\/wp-json\/wp\/v2\/users\/1"}],"replies":[{"embeddable":true,"href":"https:\/\/www.cdlbc.com.br\/portal\/wp-json\/wp\/v2\/comments?post=2650"}],"version-history":[{"count":0,"href":"https:\/\/www.cdlbc.com.br\/portal\/wp-json\/wp\/v2\/posts\/2650\/revisions"}],"wp:attachment":[{"href":"https:\/\/www.cdlbc.com.br\/portal\/wp-json\/wp\/v2\/media?parent=2650"}],"wp:term":[{"taxonomy":"category","embeddable":true,"href":"https:\/\/www.cdlbc.com.br\/portal\/wp-json\/wp\/v2\/categories?post=2650"},{"taxonomy":"post_tag","embeddable":true,"href":"https:\/\/www.cdlbc.com.br\/portal\/wp-json\/wp\/v2\/tags?post=2650"}],"curies":[{"name":"wp","href":"https:\/\/api.w.org\/{rel}","templated":true}]}}