{"id":2649,"date":"2014-07-04T12:12:00","date_gmt":"2014-07-04T12:12:00","guid":{"rendered":"http:\/\/www.cdlbc.com.br\/portal\/noticias\/empresarios-do-mercado-publico-e-acif-criam-nucleo\/"},"modified":"2014-07-04T12:12:00","modified_gmt":"2014-07-04T12:12:00","slug":"empresarios-do-mercado-publico-e-acif-criam-nucleo","status":"publish","type":"post","link":"https:\/\/www.cdlbc.com.br\/portal\/noticias\/empresarios-do-mercado-publico-e-acif-criam-nucleo\/","title":{"rendered":"Empres\u00e1rios do Mercado P\u00fablico e Acif criam n\u00facleo"},"content":{"rendered":"<div class=\"ftpimagefix\" style=\"float:left\"><img decoding=\"async\" width=\"250\" alt=\"Objetivo \u00e9 adequar a instala\u00e7\u00e3o dos boxes ao projeto geral da Prefeitura. Foto: Divulga\u00e7\u00e3o\" src=\"http:\/\/economiasc.com.br\/wp-content\/uploads\/2014\/07\/reforma-mercado-publico-florianopolis.jpg\"><\/div>\n<p>Objetivo \u00e9 adequar a instala\u00e7\u00e3o dos boxes ao projeto geral da Prefeitura. Foto: Divulga\u00e7\u00e3o<\/p>\n<p>Donos de dez estabelecimentos que v\u00e3o integrar o Mercado P\u00fablico da Capital ap\u00f3s o processo de licita\u00e7\u00e3o e reforma do pr\u00e9dio, formaram, em parceria com a Associa\u00e7\u00e3o Comercial e Industrial de Florian\u00f3polis (Acif), um n\u00facleo para o desenvolvimento do com\u00e9rcio no local. O  objetivo \u00e9 adequar a instala\u00e7\u00e3o dos boxes ao projeto geral da Prefeitura. Neste primeiro momento, os empres\u00e1rios buscam eliminar as d\u00favidas sobre a estrutura\u00e7\u00e3o f\u00edsica das lojas \u2013 instala\u00e7\u00f5es el\u00e9tricas, hidr\u00e1ulicas, de g\u00e1s, regras de ocupa\u00e7\u00e3o dos espa\u00e7os e de condom\u00ednio \u2013 para que tudo seja feito dentro das normas.<\/p>\n<p>O trabalho do novo N\u00facleo j\u00e1 come\u00e7ou. Duas reuni\u00f5es, uma com o Corpo de Bombeiros e outra com o Ipuf foram realizadas e encontros com a Celesc, Vigil\u00e2ncia Sanit\u00e1ria Municipal e o SEPHAN (Servi\u00e7o do Patrim\u00f4nio Hist\u00f3rico do Munic\u00edpio) tamb\u00e9m est\u00e3o programados. A ideia \u00e9 padronizar e formalizar as informa\u00e7\u00f5es vindas dos \u00f3rg\u00e3os respons\u00e1veis sobre o que pode e o que n\u00e3o pode ser feito nos boxes e, partir da\u00ed, fazer as instala\u00e7\u00f5es corretamente e iniciar as atividades comerciais.<\/p>\n<p>Segundo o presidente da Acif, Sander DeMira, \u201co com\u00e9rcio no Mercado P\u00fablico representa a cultura e est\u00e1 integrado \u00e0 identidade da cidade. Impulsion\u00e1-lo e faz\u00ea-lo funcionar da melhor forma \u00e9 fundamental para a economia local e para uma cidade tur\u00edstica como Florian\u00f3polis. Por isso, a AcifF faz quest\u00e3o de participar e auxiliar os empres\u00e1rios neste processo de reestrutura\u00e7\u00e3o dos neg\u00f3cios e do pr\u00f3prio Mercado P\u00fablico\u201d, destaca.<\/p>\n<p>Depois da completa instala\u00e7\u00e3o dos boxes, o N\u00facleo planeja, para o pr\u00f3ximo ano, dar in\u00edcio a a\u00e7\u00f5es de capacita\u00e7\u00e3o, para aperfei\u00e7oamento da gest\u00e3o e do atendimento, de marketing, de acesso a mercado entre outras.<\/p>\n<p><b> <\/b><b><br \/><\/b><\/p>\n<p>The post Empres\u00e1rios do Mercado P\u00fablico e Acif criam n\u00facleo appeared first on Economia SC.<\/p>\n<p>Via: <a href=\"http:\/\/economiasc.com.br\/empresarios-mercado-publico-e-acif-criam-nucleo\/\" class=\"colorbox\" title=\"Empres\u00e1rios do Mercado P\u00fablico e Acif criam n\u00facleo\">economiasc.com.br<\/a><\/p>\n","protected":false},"excerpt":{"rendered":"<div class=\"ftpimagefix\" style=\"float:left\"><img decoding=\"async\" width=\"250\" alt=\"Objetivo \u00e9 adequar a instala\u00e7\u00e3o dos boxes ao projeto geral da Prefeitura. Foto: Divulga\u00e7\u00e3o\" src=\"http:\/\/economiasc.com.br\/wp-content\/uploads\/2014\/07\/reforma-mercado-publico-florianopolis.jpg\"><\/div>\n<p>Objetivo \u00e9 adequar a instala\u00e7\u00e3o dos boxes ao projeto geral da Prefeitura. Foto: Divulga\u00e7\u00e3o<\/p>\n<p>Donos de dez estabelecimentos que v\u00e3o integrar o Mercado P\u00fablico da Capital ap\u00f3s o processo de licita\u00e7\u00e3o e reforma do pr\u00e9dio, formaram, em parceria com a Associa\u00e7\u00e3o Comercial e Industrial de Florian\u00f3polis (Acif), um n\u00facleo para o desenvolvimento do com\u00e9rcio no local. O  objetivo \u00e9 adequar a instala\u00e7\u00e3o dos boxes ao projeto geral da Prefeitura. Neste primeiro momento, os empres\u00e1rios buscam eliminar as d\u00favidas sobre a estrutura\u00e7\u00e3o f\u00edsica das lojas \u2013 instala\u00e7\u00f5es el\u00e9tricas, hidr\u00e1ulicas, de g\u00e1s, regras de ocupa\u00e7\u00e3o dos espa\u00e7os e de condom\u00ednio \u2013 para que tudo seja feito dentro das normas.<\/p>\n<p>O trabalho do novo N\u00facleo j\u00e1 come\u00e7ou. Duas reuni\u00f5es, uma com o Corpo de Bombeiros e outra com o Ipuf foram realizadas e encontros com a Celesc, Vigil\u00e2ncia Sanit\u00e1ria Municipal e o SEPHAN (Servi\u00e7o do Patrim\u00f4nio Hist\u00f3rico do Munic\u00edpio) tamb\u00e9m est\u00e3o programados. A ideia \u00e9 padronizar e formalizar as informa\u00e7\u00f5es vindas dos \u00f3rg\u00e3os respons\u00e1veis sobre o que pode e o que n\u00e3o pode ser feito nos boxes e, partir da\u00ed, fazer as instala\u00e7\u00f5es corretamente e iniciar as atividades comerciais.<\/p>\n<p>Segundo o presidente da Acif, Sander DeMira, \u201co com\u00e9rcio no Mercado P\u00fablico representa a cultura e est\u00e1 integrado \u00e0 identidade da cidade. Impulsion\u00e1-lo e faz\u00ea-lo funcionar da melhor forma \u00e9 fundamental para a economia local e para uma cidade tur\u00edstica como Florian\u00f3polis. Por isso, a AcifF faz quest\u00e3o de participar e auxiliar os empres\u00e1rios neste processo de reestrutura\u00e7\u00e3o dos neg\u00f3cios e do pr\u00f3prio Mercado P\u00fablico\u201d, destaca.<\/p>\n<p>Depois da completa instala\u00e7\u00e3o dos boxes, o N\u00facleo planeja, para o pr\u00f3ximo ano, dar in\u00edcio a a\u00e7\u00f5es de capacita\u00e7\u00e3o, para aperfei\u00e7oamento da gest\u00e3o e do atendimento, de marketing, de acesso a mercado entre outras.<\/p>\n<p><b> <\/b><b><br \/><\/b><\/p>\n<p>The post Empres\u00e1rios do Mercado P\u00fablico e Acif criam n\u00facleo appeared first on Economia SC.<\/p>\n","protected":false},"author":1,"featured_media":0,"comment_status":"open","ping_status":"open","sticky":false,"template":"","format":"standard","meta":{"footnotes":""},"categories":[5],"tags":[],"class_list":["post-2649","post","type-post","status-publish","format-standard","hentry","category-noticias","no-post-thumbnail"],"_links":{"self":[{"href":"https:\/\/www.cdlbc.com.br\/portal\/wp-json\/wp\/v2\/posts\/2649","targetHints":{"allow":["GET"]}}],"collection":[{"href":"https:\/\/www.cdlbc.com.br\/portal\/wp-json\/wp\/v2\/posts"}],"about":[{"href":"https:\/\/www.cdlbc.com.br\/portal\/wp-json\/wp\/v2\/types\/post"}],"author":[{"embeddable":true,"href":"https:\/\/www.cdlbc.com.br\/portal\/wp-json\/wp\/v2\/users\/1"}],"replies":[{"embeddable":true,"href":"https:\/\/www.cdlbc.com.br\/portal\/wp-json\/wp\/v2\/comments?post=2649"}],"version-history":[{"count":0,"href":"https:\/\/www.cdlbc.com.br\/portal\/wp-json\/wp\/v2\/posts\/2649\/revisions"}],"wp:attachment":[{"href":"https:\/\/www.cdlbc.com.br\/portal\/wp-json\/wp\/v2\/media?parent=2649"}],"wp:term":[{"taxonomy":"category","embeddable":true,"href":"https:\/\/www.cdlbc.com.br\/portal\/wp-json\/wp\/v2\/categories?post=2649"},{"taxonomy":"post_tag","embeddable":true,"href":"https:\/\/www.cdlbc.com.br\/portal\/wp-json\/wp\/v2\/tags?post=2649"}],"curies":[{"name":"wp","href":"https:\/\/api.w.org\/{rel}","templated":true}]}}