{"id":2648,"date":"2014-07-04T11:52:00","date_gmt":"2014-07-04T11:52:00","guid":{"rendered":"http:\/\/www.cdlbc.com.br\/portal\/noticias\/portaria-busca-garantir-preco-da-laranja\/"},"modified":"2014-07-04T11:52:00","modified_gmt":"2014-07-04T11:52:00","slug":"portaria-busca-garantir-preco-da-laranja","status":"publish","type":"post","link":"https:\/\/www.cdlbc.com.br\/portal\/noticias\/portaria-busca-garantir-preco-da-laranja\/","title":{"rendered":"Portaria busca garantir pre\u00e7o da laranja"},"content":{"rendered":"<div class=\"ftpimagefix\" style=\"float:left\"><img decoding=\"async\" width=\"250\" alt=\"Governo federal disponibiliza R$50 milh\u00f5es para a realiza\u00e7\u00e3o de leil\u00f5es p\u00fablicos. Foto: Divulga\u00e7\u00e3o\" src=\"http:\/\/economiasc.com.br\/wp-content\/uploads\/2014\/07\/laranja.jpg\"><\/div>\n<p>Governo federal disponibiliza R$50 milh\u00f5es para a realiza\u00e7\u00e3o de leil\u00f5es p\u00fablicos. Foto: Divulga\u00e7\u00e3o<\/p>\n<p>O governo federal disponibilizou R$ 50 milh\u00f5es para a realiza\u00e7\u00e3o de leil\u00f5es p\u00fablicos de equaliza\u00e7\u00e3o dos pre\u00e7os da laranja. O valor foi publicado no Di\u00e1rio Oficial da Uni\u00e3o (DOU) desta quinta-feira, dia 3. \u201cCom a publica\u00e7\u00e3o dessa portaria, o governo poder\u00e1 atuar para garantir o pre\u00e7o m\u00ednimo ao produtor de laranja, que atualmente \u00e9 de R$ 11,45 a caixa com 40,8 kg\u201d, explicou o ministro da Agricultura, Pecu\u00e1ria e Abastecimento, Neri Geller, que assina a Portaria juntamente com os titulares das pastas da Fazenda, Guido Mantega, e do Planejamento, Or\u00e7amento e Gest\u00e3o, Miriam Belchior.<\/p>\n<p>De acordo com o secret\u00e1rio de Pol\u00edtica Agr\u00edcola do Mapa (SPA\/Mapa), Seneri Paludo, o Minist\u00e9rio da Agricultura tem acompanhado os pre\u00e7os de mercado da laranja e, no momento que vai iniciar a colheita, est\u00e1 apto a aplicar os programas de apoio \u00e0 comercializa\u00e7\u00e3o do produto.<\/p>\n<p>Os leil\u00f5es ser\u00e3o realizados pela Companhia Nacional de Abastecimento (Conab), que utilizar\u00e1 como mecanismos de apoio \u00e0 comercializa\u00e7\u00e3o o Pr\u00eamio Equalizador Pago ao Produtor (Pepro) e o Pr\u00eamio de Escoamento de Produto (Pep). A diferen\u00e7a entre as duas modalidades est\u00e1 em quem participa como arrematante dos pr\u00eamios. No Pep, os participantes s\u00e3o os beneficiadores, agroind\u00fastrias e comerciantes e, no Pepro, produtores e cooperativas.<\/p>\n<p>Na data da realiza\u00e7\u00e3o do leil\u00e3o, o participante dever\u00e1 estar adimplente junto ao Cadastro Informativo de Cr\u00e9ditos N\u00e3o Quitados do Setor P\u00fablico Federal (Cadin) e possuir cadastro em situa\u00e7\u00e3o regular no Sistema de Cadastramento Unificado de Fornecedores (Sicaf). O prazo de comprova\u00e7\u00e3o de venda da laranja pelo produtor rural e pela cooperativa de produtores \u00e9 de at\u00e9 35 dias corridos da data da realiza\u00e7\u00e3o do arremates. O prazo limite para a comprova\u00e7\u00e3o da opera\u00e7\u00e3o para fins de recebimento do pr\u00eamio ser\u00e1 de at\u00e9 120 dias corridos, contados ap\u00f3s a data limite estabelecida para a venda da laranja em cada leil\u00e3o.<\/p>\n<p>The post Portaria busca garantir pre\u00e7o da laranja appeared first on Economia SC.<\/p>\n<p>Via: <a href=\"http:\/\/economiasc.com.br\/portaria-busca-garantir-preco-da-laranja\/\" class=\"colorbox\" title=\"Portaria busca garantir pre\u00e7o da laranja\">economiasc.com.br<\/a><\/p>\n","protected":false},"excerpt":{"rendered":"<div class=\"ftpimagefix\" style=\"float:left\"><img decoding=\"async\" width=\"250\" alt=\"Governo federal disponibiliza R$50 milh\u00f5es para a realiza\u00e7\u00e3o de leil\u00f5es p\u00fablicos. Foto: Divulga\u00e7\u00e3o\" src=\"http:\/\/economiasc.com.br\/wp-content\/uploads\/2014\/07\/laranja.jpg\"><\/div>\n<p>Governo federal disponibiliza R$50 milh\u00f5es para a realiza\u00e7\u00e3o de leil\u00f5es p\u00fablicos. Foto: Divulga\u00e7\u00e3o<\/p>\n<p>O governo federal disponibilizou R$ 50 milh\u00f5es para a realiza\u00e7\u00e3o de leil\u00f5es p\u00fablicos de equaliza\u00e7\u00e3o dos pre\u00e7os da laranja. O valor foi publicado no Di\u00e1rio Oficial da Uni\u00e3o (DOU) desta quinta-feira, dia 3. \u201cCom a publica\u00e7\u00e3o dessa portaria, o governo poder\u00e1 atuar para garantir o pre\u00e7o m\u00ednimo ao produtor de laranja, que atualmente \u00e9 de R$ 11,45 a caixa com 40,8 kg\u201d, explicou o ministro da Agricultura, Pecu\u00e1ria e Abastecimento, Neri Geller, que assina a Portaria juntamente com os titulares das pastas da Fazenda, Guido Mantega, e do Planejamento, Or\u00e7amento e Gest\u00e3o, Miriam Belchior.<\/p>\n<p>De acordo com o secret\u00e1rio de Pol\u00edtica Agr\u00edcola do Mapa (SPA\/Mapa), Seneri Paludo, o Minist\u00e9rio da Agricultura tem acompanhado os pre\u00e7os de mercado da laranja e, no momento que vai iniciar a colheita, est\u00e1 apto a aplicar os programas de apoio \u00e0 comercializa\u00e7\u00e3o do produto.<\/p>\n<p>Os leil\u00f5es ser\u00e3o realizados pela Companhia Nacional de Abastecimento (Conab), que utilizar\u00e1 como mecanismos de apoio \u00e0 comercializa\u00e7\u00e3o o Pr\u00eamio Equalizador Pago ao Produtor (Pepro) e o Pr\u00eamio de Escoamento de Produto (Pep). A diferen\u00e7a entre as duas modalidades est\u00e1 em quem participa como arrematante dos pr\u00eamios. No Pep, os participantes s\u00e3o os beneficiadores, agroind\u00fastrias e comerciantes e, no Pepro, produtores e cooperativas.<\/p>\n<p>Na data da realiza\u00e7\u00e3o do leil\u00e3o, o participante dever\u00e1 estar adimplente junto ao Cadastro Informativo de Cr\u00e9ditos N\u00e3o Quitados do Setor P\u00fablico Federal (Cadin) e possuir cadastro em situa\u00e7\u00e3o regular no Sistema de Cadastramento Unificado de Fornecedores (Sicaf). O prazo de comprova\u00e7\u00e3o de venda da laranja pelo produtor rural e pela cooperativa de produtores \u00e9 de at\u00e9 35 dias corridos da data da realiza\u00e7\u00e3o do arremates. O prazo limite para a comprova\u00e7\u00e3o da opera\u00e7\u00e3o para fins de recebimento do pr\u00eamio ser\u00e1 de at\u00e9 120 dias corridos, contados ap\u00f3s a data limite estabelecida para a venda da laranja em cada leil\u00e3o.<\/p>\n<p>The post Portaria busca garantir pre\u00e7o da laranja appeared first on Economia SC.<\/p>\n","protected":false},"author":1,"featured_media":0,"comment_status":"open","ping_status":"open","sticky":false,"template":"","format":"standard","meta":{"footnotes":""},"categories":[5],"tags":[],"class_list":["post-2648","post","type-post","status-publish","format-standard","hentry","category-noticias","no-post-thumbnail"],"_links":{"self":[{"href":"https:\/\/www.cdlbc.com.br\/portal\/wp-json\/wp\/v2\/posts\/2648","targetHints":{"allow":["GET"]}}],"collection":[{"href":"https:\/\/www.cdlbc.com.br\/portal\/wp-json\/wp\/v2\/posts"}],"about":[{"href":"https:\/\/www.cdlbc.com.br\/portal\/wp-json\/wp\/v2\/types\/post"}],"author":[{"embeddable":true,"href":"https:\/\/www.cdlbc.com.br\/portal\/wp-json\/wp\/v2\/users\/1"}],"replies":[{"embeddable":true,"href":"https:\/\/www.cdlbc.com.br\/portal\/wp-json\/wp\/v2\/comments?post=2648"}],"version-history":[{"count":0,"href":"https:\/\/www.cdlbc.com.br\/portal\/wp-json\/wp\/v2\/posts\/2648\/revisions"}],"wp:attachment":[{"href":"https:\/\/www.cdlbc.com.br\/portal\/wp-json\/wp\/v2\/media?parent=2648"}],"wp:term":[{"taxonomy":"category","embeddable":true,"href":"https:\/\/www.cdlbc.com.br\/portal\/wp-json\/wp\/v2\/categories?post=2648"},{"taxonomy":"post_tag","embeddable":true,"href":"https:\/\/www.cdlbc.com.br\/portal\/wp-json\/wp\/v2\/tags?post=2648"}],"curies":[{"name":"wp","href":"https:\/\/api.w.org\/{rel}","templated":true}]}}